{"id":241880,"date":"2021-04-15T14:50:27","date_gmt":"2021-04-15T17:50:27","guid":{"rendered":"https:\/\/investnews.com.br\/?p=241880"},"modified":"2021-04-23T07:24:03","modified_gmt":"2021-04-23T10:24:03","slug":"conselho-da-petrobras-se-reune-sexta-feira-para-votar-indicacao-de-luna-como-ceo","status":"publish","type":"post","link":"https:\/\/investnews.com.br\/financas\/conselho-da-petrobras-se-reune-sexta-feira-para-votar-indicacao-de-luna-como-ceo\/","title":{"rendered":"Conselho da Petrobras se re\u00fane sexta-feira para votar indica\u00e7\u00e3o de Luna como CEO"},"content":{"rendered":"\n<p>O conselho de administra\u00e7\u00e3o da <strong>Petrobras (<a href=\"https:\/\/investnews.com.br\/cotacao\/petr3-petr4-petrobras\/\" class=\"rank-math-link\">PETR3<\/a>; <a href=\"https:\/\/investnews.com.br\/cotacao\/petr3-petr4-petrobras\/\" class=\"rank-math-link\">PETR4<\/a>)<\/strong> se re\u00fane na sexta-feira (16) para avaliar propostas de elei\u00e7\u00e3o do novo presidente e dos diretores executivos da companhia, afirmou a petroleira estatal em comunicado ao mercado nesta quinta-feira (15).<\/p>\n\n\n\n<p>Para o cargo de CEO, o colegiado avaliar\u00e1 o nome do <strong>general da reserva Joaquim Silva e Luna<\/strong>, <a href=\"https:\/\/investnews.com.br\/economia\/bolsonaro-troca-comando-da-petrobras-apos-alta-nos-precos-dos-combustiveis\/\" class=\"rank-math-link\">indicado pelo presidente da Rep\u00fablica Jair Bolsonaro<\/a>.<\/p>\n\n\n\n<p>No caso dos diretores, a Petrobras afirmou que j\u00e1 foi eleito em reuni\u00e3o do conselho em 24 de mar\u00e7o o diretor-executivo de Governan\u00e7a e Conformidade.<\/p>\n","protected":false},"excerpt":{"rendered":"<p>O general da reserva Joaquim Silva e Luna foi indicado pelo presidente Jair Bolsonaro.<\/p>\n","protected":false},"author":7,"featured_media":241882,"comment_status":"closed","ping_status":"open","sticky":false,"template":"","format":"standard","meta":{"_acf_changed":false,"inline_featured_image":false,"footnotes":""},"categories":[4],"tags":[234,21],"autor-wsj":[],"coauthors":[1494],"class_list":["post-241880","post","type-post","status-publish","format-standard","has-post-thumbnail","hentry","category-financas","tag-jair-bolsonaro","tag-petrobras"],"acf":[],"amp_enabled":true,"_links":{"self":[{"href":"https:\/\/investnews.com.br\/inv-api\/wp\/v2\/posts\/241880","targetHints":{"allow":["GET"]}}],"collection":[{"href":"https:\/\/investnews.com.br\/inv-api\/wp\/v2\/posts"}],"about":[{"href":"https:\/\/investnews.com.br\/inv-api\/wp\/v2\/types\/post"}],"author":[{"embeddable":true,"href":"https:\/\/investnews.com.br\/inv-api\/wp\/v2\/users\/7"}],"replies":[{"embeddable":true,"href":"https:\/\/investnews.com.br\/inv-api\/wp\/v2\/comments?post=241880"}],"version-history":[{"count":4,"href":"https:\/\/investnews.com.br\/inv-api\/wp\/v2\/posts\/241880\/revisions"}],"predecessor-version":[{"id":242848,"href":"https:\/\/investnews.com.br\/inv-api\/wp\/v2\/posts\/241880\/revisions\/242848"}],"wp:featuredmedia":[{"embeddable":true,"href":"https:\/\/investnews.com.br\/inv-api\/wp\/v2\/media\/241882"}],"wp:attachment":[{"href":"https:\/\/investnews.com.br\/inv-api\/wp\/v2\/media?parent=241880"}],"wp:term":[{"taxonomy":"category","embeddable":true,"href":"https:\/\/investnews.com.br\/inv-api\/wp\/v2\/categories?post=241880"},{"taxonomy":"post_tag","embeddable":true,"href":"https:\/\/investnews.com.br\/inv-api\/wp\/v2\/tags?post=241880"},{"taxonomy":"autor-wsj","embeddable":true,"href":"https:\/\/investnews.com.br\/inv-api\/wp\/v2\/autor-wsj?post=241880"},{"taxonomy":"author","embeddable":true,"href":"https:\/\/investnews.com.br\/inv-api\/wp\/v2\/coauthors?post=241880"}],"curies":[{"name":"wp","href":"https:\/\/api.w.org\/{rel}","templated":true}]}}