{"id":242015,"date":"2021-04-16T07:10:16","date_gmt":"2021-04-16T10:10:16","guid":{"rendered":"https:\/\/investnews.com.br\/?p=242015"},"modified":"2021-04-16T11:08:06","modified_gmt":"2021-04-16T14:08:06","slug":"auxilio-emergencial-caixa-antecipa-saques-da-1a-parcela-veja-as-novas-datas","status":"publish","type":"post","link":"https:\/\/investnews.com.br\/economia\/auxilio-emergencial-caixa-antecipa-saques-da-1a-parcela-veja-as-novas-datas\/","title":{"rendered":"Aux\u00edlio emergencial: Caixa antecipa saques da 1\u00aa parcela; veja as novas datas"},"content":{"rendered":"\n<p>O presidente da <strong>Caixa Econ\u00f4mica Federal<\/strong>, Pedro Guimar\u00e3es, anunciou que o <strong>banco vai antecipar o <a href=\"https:\/\/investnews.com.br\/economia\/auxilio-emergencial-caixa-libera-o-calendario-dos-pagamentos-veja-as-datas\/\" class=\"rank-math-link\">calend\u00e1rio de saques do aux\u00edlio emergencial<\/a><\/strong>. Guimar\u00e3es disse que a possibilidade de saque em dinheiro ser\u00e1 antecipada em &#8220;duas semanas&#8221; &#8211; mas depois a divulga\u00e7\u00e3o oficial mostrou que a antecipa\u00e7\u00e3o \u00e9 menor para a maioria dos contemplados. A informa\u00e7\u00e3o foi citada em transmiss\u00e3o ao vivo nas redes sociais com o presidente Jair Bolsonaro na quinta-feira (16).<\/p>\n\n\n\n<p><strong>LEIA MAIS:<\/strong><\/p>\n\n\n\n<ul class=\"wp-block-list\"><li><a href=\"https:\/\/investnews.com.br\/geral\/auxilio-emergencial-veja-quem-tem-direito-a-receber-e-quais-os-valores\/\" class=\"rank-math-link\">Aux\u00edlio emergencial: veja quem tem direito a receber e quais os valores<\/a><\/li><li><a href=\"https:\/\/investnews.com.br\/economia\/consulta-ao-auxilio-emergencial-ja-pode-ser-feita-no-dataprev-saiba-como\/\" class=\"rank-math-link\">Consulta ao aux\u00edlio emergencial pode ser feita no Dataprev; saiba como<\/a><\/li><\/ul>\n\n\n\n<p>&#8220;Logo ap\u00f3s a live, no site auxilio.caixa.gov.br, n\u00f3s teremos todo o calend\u00e1rio. Mas chega a antecipar em duas semanas. J\u00e1 neste m\u00eas agora, no dia 30 de abril, a gente j\u00e1 come\u00e7a a realizar tamb\u00e9m o pagamento, ou seja, permitir o saque nas lot\u00e9ricas e nos ATMs, que era s\u00f3 em maio&#8221;, informou Pedro Guimar\u00e3es.<\/p>\n\n\n\n<h2 class=\"wp-block-heading\">Novo calend\u00e1rio do aux\u00edlio emergencial<\/h2>\n\n\n\n<p>De acordo com o novo calend\u00e1rio, j\u00e1 dispon\u00edvel no site da Caixa, <strong>os saques da primeira parcela ser\u00e3o liberados a partir do dia 30 de abril<\/strong>, de acordo com a data de nascimento do benefici\u00e1rio. Antes, o saque em esp\u00e9cie do benef\u00edcio seria liberado a partir do dia 4 de maio. O novo calend\u00e1rio foi acordado com o ministro da Cidadania, Jo\u00e3o Roma, segundo o presidente da Caixa.<\/p>\n\n\n\n<p>&#8220;N\u00f3s antecipamos ao redor de 15 dias porque n\u00f3s percebemos que conseguimos realizar pagamento com seguran\u00e7a seja do ponto de vista do Caixa Tem (aplicativo) operacional quanto do ponto de vista de minimiza\u00e7\u00e3o de filas&#8221;, refor\u00e7ou Guimar\u00e3es.<\/p>\n\n\n\n<p>Com a altera\u00e7\u00e3o, <strong>a libera\u00e7\u00e3o dos saques ser\u00e1 feita no intervalo entre 30 de abril e 17 de maio<\/strong>, a depender da data de nascimento do benefici\u00e1rio. No calend\u00e1rio anterior, esse intervalo ia de 4 de maio a 4 de junho.<\/p>\n\n\n\n<p><em>Veja como fica o novo calend\u00e1rio de saques da primeira parcela do aux\u00edlio, com base na data de nascimento do benefici\u00e1rio:<\/em><\/p>\n\n\n\n<figure class=\"wp-block-image size-large\"><img loading=\"lazy\" decoding=\"async\" width=\"750\" height=\"720\" src=\"https:\/\/media.investnews.com.br\/uploads\/2021\/04\/20210331_Auxilio_emergencial_Parcela_01-1.jpg\" alt=\"aux\u00edlio emergencial novo prazo parcela 1\" class=\"wp-image-242057\" srcset=\"https:\/\/media.investnews.com.br\/uploads\/2021\/04\/20210331_Auxilio_emergencial_Parcela_01-1.jpg 750w, https:\/\/media.investnews.com.br\/uploads\/2021\/04\/20210331_Auxilio_emergencial_Parcela_01-1-300x288.jpg 300w, https:\/\/media.investnews.com.br\/uploads\/2021\/04\/20210331_Auxilio_emergencial_Parcela_01-1-172x165.jpg 172w, https:\/\/media.investnews.com.br\/uploads\/2021\/04\/20210331_Auxilio_emergencial_Parcela_01-1-150x144.jpg 150w\" sizes=\"auto, (max-width: 750px) 100vw, 750px\" \/><figcaption>Calend\u00e1rio da primeira parcela do Aux\u00edlio Emergencial 2021.<\/figcaption><\/figure>\n\n\n\n<p><em>*Com Estad\u00e3o Conte\u00fado<\/em><\/p>\n","protected":false},"excerpt":{"rendered":"<p>Calend\u00e1rio de pagamentos ser\u00e1 adiantado em duas semanas.<\/p>\n","protected":false},"author":7,"featured_media":240172,"comment_status":"closed","ping_status":"open","sticky":false,"template":"","format":"standard","meta":{"_acf_changed":false,"inline_featured_image":false,"footnotes":""},"categories":[5],"tags":[58],"autor-wsj":[],"coauthors":[1494],"class_list":["post-242015","post","type-post","status-publish","format-standard","has-post-thumbnail","hentry","category-economia","tag-caixa-economica-federal"],"acf":[],"amp_enabled":true,"_links":{"self":[{"href":"https:\/\/investnews.com.br\/inv-api\/wp\/v2\/posts\/242015","targetHints":{"allow":["GET"]}}],"collection":[{"href":"https:\/\/investnews.com.br\/inv-api\/wp\/v2\/posts"}],"about":[{"href":"https:\/\/investnews.com.br\/inv-api\/wp\/v2\/types\/post"}],"author":[{"embeddable":true,"href":"https:\/\/investnews.com.br\/inv-api\/wp\/v2\/users\/7"}],"replies":[{"embeddable":true,"href":"https:\/\/investnews.com.br\/inv-api\/wp\/v2\/comments?post=242015"}],"version-history":[{"count":3,"href":"https:\/\/investnews.com.br\/inv-api\/wp\/v2\/posts\/242015\/revisions"}],"predecessor-version":[{"id":242058,"href":"https:\/\/investnews.com.br\/inv-api\/wp\/v2\/posts\/242015\/revisions\/242058"}],"wp:featuredmedia":[{"embeddable":true,"href":"https:\/\/investnews.com.br\/inv-api\/wp\/v2\/media\/240172"}],"wp:attachment":[{"href":"https:\/\/investnews.com.br\/inv-api\/wp\/v2\/media?parent=242015"}],"wp:term":[{"taxonomy":"category","embeddable":true,"href":"https:\/\/investnews.com.br\/inv-api\/wp\/v2\/categories?post=242015"},{"taxonomy":"post_tag","embeddable":true,"href":"https:\/\/investnews.com.br\/inv-api\/wp\/v2\/tags?post=242015"},{"taxonomy":"autor-wsj","embeddable":true,"href":"https:\/\/investnews.com.br\/inv-api\/wp\/v2\/autor-wsj?post=242015"},{"taxonomy":"author","embeddable":true,"href":"https:\/\/investnews.com.br\/inv-api\/wp\/v2\/coauthors?post=242015"}],"curies":[{"name":"wp","href":"https:\/\/api.w.org\/{rel}","templated":true}]}}