{"id":242909,"date":"2021-04-23T13:43:50","date_gmt":"2021-04-23T16:43:50","guid":{"rendered":"https:\/\/investnews.com.br\/?p=242909"},"modified":"2021-04-23T15:58:20","modified_gmt":"2021-04-23T18:58:20","slug":"cabify-saira-do-brasil-por-crise-provocada-pela-pandemia","status":"publish","type":"post","link":"https:\/\/investnews.com.br\/negocios\/cabify-saira-do-brasil-por-crise-provocada-pela-pandemia\/","title":{"rendered":"Cabify sair\u00e1 do Brasil por crise provocada pela pandemia"},"content":{"rendered":"\n<p>O aplicativo de mobilidade <strong>Cabify<\/strong> <strong>encerrar\u00e1 seus servi\u00e7os no Brasil<\/strong> a partir 14 de junho deste ano, destacando que o mercado brasileiro ainda \u00e9 muito afetado pela grave situa\u00e7\u00e3o sanit\u00e1ria do pa\u00eds e a crise s\u00f3cio-econ\u00f4mica local causada pela Covid-19.<\/p>\n\n\n\n<p>&#8220;Este contexto dificulta a cria\u00e7\u00e3o de valor&#8221;, afirmou em comunicado nesta sexta-feira, levando a empresa a parar sua opera\u00e7\u00e3o no pa\u00eds.<\/p>\n\n\n\n<p>A Cabify afirmou que todas as cidades da Am\u00e9rica Latina e da Espanha em que atua mostram bons \u00edndices de recupera\u00e7\u00e3o em compara\u00e7\u00e3o com o n\u00edvel de atividade anterior \u00e0 pandemia.<\/p>\n\n\n\n<h2 class=\"wp-block-heading\">Retomada no resto do mundo<\/h2>\n\n\n\n<p>A demanda global de viagens da Cabify, em m\u00e9dia, se recuperou em 75% at\u00e9 o final de 2020, acrescentou, citando que, em alguns mercados, 100% da demanda foi reativada durante os primeiros meses de 2021.<\/p>\n\n\n\n<p>Fundada em 2011, em Madri, a Cabify chegou ao Brasil em 2016 e atualmente est\u00e1 presente na Argentina, Chile, Col\u00f4mbia, Equador, Espanha, M\u00e9xico, Peru e Uruguai.<\/p>\n\n\n\n<p>A companhia disse que os motoristas parceiros, passageiros e empresas que utilizam seus servi\u00e7os no pa\u00eds foram devidamente informados, sem dar mais detalhes sobre o n\u00famero de motoristas ou usu\u00e1rios cadastrados no pa\u00eds.<\/p>\n\n\n\n<p>No total, a <strong>empresa tem mais de 33 milh\u00f5es de usu\u00e1rios registrados, mais de 400.000 motoristas parceiros e 65.000 empresas como clientes registrados<\/strong> em sua divis\u00e3o de mobilidade corporativa.<\/p>\n","protected":false},"excerpt":{"rendered":"<p>Segundo empresa de mobilidade, mercado brasileiro ainda \u00e9 muito afetado pela situa\u00e7\u00e3o sanit\u00e1ria e econ\u00f4mica causada pela Covid-19.<\/p>\n","protected":false},"author":7,"featured_media":242910,"comment_status":"closed","ping_status":"open","sticky":false,"template":"","format":"standard","meta":{"_acf_changed":false,"inline_featured_image":false,"footnotes":""},"categories":[6],"tags":[],"autor-wsj":[],"coauthors":[1494],"class_list":["post-242909","post","type-post","status-publish","format-standard","has-post-thumbnail","hentry","category-negocios"],"acf":[],"amp_enabled":true,"_links":{"self":[{"href":"https:\/\/investnews.com.br\/inv-api\/wp\/v2\/posts\/242909","targetHints":{"allow":["GET"]}}],"collection":[{"href":"https:\/\/investnews.com.br\/inv-api\/wp\/v2\/posts"}],"about":[{"href":"https:\/\/investnews.com.br\/inv-api\/wp\/v2\/types\/post"}],"author":[{"embeddable":true,"href":"https:\/\/investnews.com.br\/inv-api\/wp\/v2\/users\/7"}],"replies":[{"embeddable":true,"href":"https:\/\/investnews.com.br\/inv-api\/wp\/v2\/comments?post=242909"}],"version-history":[{"count":8,"href":"https:\/\/investnews.com.br\/inv-api\/wp\/v2\/posts\/242909\/revisions"}],"predecessor-version":[{"id":242918,"href":"https:\/\/investnews.com.br\/inv-api\/wp\/v2\/posts\/242909\/revisions\/242918"}],"wp:featuredmedia":[{"embeddable":true,"href":"https:\/\/investnews.com.br\/inv-api\/wp\/v2\/media\/242910"}],"wp:attachment":[{"href":"https:\/\/investnews.com.br\/inv-api\/wp\/v2\/media?parent=242909"}],"wp:term":[{"taxonomy":"category","embeddable":true,"href":"https:\/\/investnews.com.br\/inv-api\/wp\/v2\/categories?post=242909"},{"taxonomy":"post_tag","embeddable":true,"href":"https:\/\/investnews.com.br\/inv-api\/wp\/v2\/tags?post=242909"},{"taxonomy":"autor-wsj","embeddable":true,"href":"https:\/\/investnews.com.br\/inv-api\/wp\/v2\/autor-wsj?post=242909"},{"taxonomy":"author","embeddable":true,"href":"https:\/\/investnews.com.br\/inv-api\/wp\/v2\/coauthors?post=242909"}],"curies":[{"name":"wp","href":"https:\/\/api.w.org\/{rel}","templated":true}]}}