{"id":243225,"date":"2021-04-26T17:44:04","date_gmt":"2021-04-26T20:44:04","guid":{"rendered":"https:\/\/investnews.com.br\/?p=243225"},"modified":"2021-04-26T17:46:42","modified_gmt":"2021-04-26T20:46:42","slug":"hortifruti-natural-da-terra-pede-registro-para-ipo","status":"publish","type":"post","link":"https:\/\/investnews.com.br\/financas\/hortifruti-natural-da-terra-pede-registro-para-ipo\/","title":{"rendered":"Hortifruti Natural da Terra pede registro para IPO"},"content":{"rendered":"\n<p>A rede de lojas de hortifruti Natural da Terra pediu registro para realizar uma oferta inicial de a\u00e7\u00f5es (IPO), num poss\u00edvel sinal de que empresas brasileiras est\u00e3o voltando a testar o apetite de investidores, ap\u00f3s mais de 20 delas terem desistido dos planos de estreia na B3.<\/p>\n\n\n\n<p>A companhia criada em 1989 no Esp\u00edrito Santo, que se apresenta como maior rede varejista especializada do pa\u00eds em produtos frescos, com 71 lojas no Rio de Janeiro e em S\u00e3o Paulo, diz que planeja ganhar for\u00e7a num mercado altamente fragmentado no pa\u00eds, na esteira da maior demanda por comida saud\u00e1vel.<\/p>\n\n\n\n<p>Em 2016, a companhia teve comprado cerca de 40% do capital por parte do fundo su\u00ed\u00e7o de <a href=\"https:\/\/investnews.com.br\/guias\/o-que-e-private-equity\/\">private equity<\/a> Partners Group (PG), incluindo uma fatia antes detida pela Bozano Investimentos. O PG vender\u00e1 uma fatia do neg\u00f3cio por meio do fundo Semillon.<\/p>\n\n\n\n<p>A empresa afirma que sua participa\u00e7\u00e3o de mercado de 2019 para 2021, passou de 4,24% para 5,32% no Rio de Janeiro e de 1,26% para 1,70% em S\u00e3o Paulo. No primeiro trimestre, teve <a href=\"https:\/\/investnews.com.br\/guias\/receita-liquida-o-que-e\/\">receita l\u00edquida<\/a> de R$ 485 milh\u00f5es, alta de 22,5% sobre um ano antes, com o <a href=\"https:\/\/investnews.com.br\/guias\/ebitda-o-que-e-como-calcular\/\">Ebitda<\/a> subindo 31,8%, para R$ 58 milh\u00f5es.<\/p>\n\n\n\n<p>Na oferta, que ser\u00e1 coordenada por JPMorgan, BTG Pactual, Citi, UBS-BB. <\/p>\n\n\n\n<p>A Natural da Terra pretende captar recursos para abrir novas lojas, investir em tecnologia e iniciativas digitais e para refor\u00e7ar o capital de giro, segundo o prospecto que aparece na Comiss\u00e3o de Valores Mobili\u00e1rios (CVM) datado de 22 de abril.<\/p>\n","protected":false},"excerpt":{"rendered":"<p>Companhia pretende captar recursos para abrir novas lojas, investir em tecnologia e para refor\u00e7ar o capital de giro.<\/p>\n","protected":false},"author":7,"featured_media":236540,"comment_status":"closed","ping_status":"open","sticky":false,"template":"","format":"standard","meta":{"_acf_changed":false,"inline_featured_image":false,"footnotes":""},"categories":[4],"tags":[],"autor-wsj":[],"coauthors":[1494],"class_list":["post-243225","post","type-post","status-publish","format-standard","has-post-thumbnail","hentry","category-financas"],"acf":[],"amp_enabled":true,"_links":{"self":[{"href":"https:\/\/investnews.com.br\/inv-api\/wp\/v2\/posts\/243225","targetHints":{"allow":["GET"]}}],"collection":[{"href":"https:\/\/investnews.com.br\/inv-api\/wp\/v2\/posts"}],"about":[{"href":"https:\/\/investnews.com.br\/inv-api\/wp\/v2\/types\/post"}],"author":[{"embeddable":true,"href":"https:\/\/investnews.com.br\/inv-api\/wp\/v2\/users\/7"}],"replies":[{"embeddable":true,"href":"https:\/\/investnews.com.br\/inv-api\/wp\/v2\/comments?post=243225"}],"version-history":[{"count":3,"href":"https:\/\/investnews.com.br\/inv-api\/wp\/v2\/posts\/243225\/revisions"}],"predecessor-version":[{"id":243237,"href":"https:\/\/investnews.com.br\/inv-api\/wp\/v2\/posts\/243225\/revisions\/243237"}],"wp:featuredmedia":[{"embeddable":true,"href":"https:\/\/investnews.com.br\/inv-api\/wp\/v2\/media\/236540"}],"wp:attachment":[{"href":"https:\/\/investnews.com.br\/inv-api\/wp\/v2\/media?parent=243225"}],"wp:term":[{"taxonomy":"category","embeddable":true,"href":"https:\/\/investnews.com.br\/inv-api\/wp\/v2\/categories?post=243225"},{"taxonomy":"post_tag","embeddable":true,"href":"https:\/\/investnews.com.br\/inv-api\/wp\/v2\/tags?post=243225"},{"taxonomy":"autor-wsj","embeddable":true,"href":"https:\/\/investnews.com.br\/inv-api\/wp\/v2\/autor-wsj?post=243225"},{"taxonomy":"author","embeddable":true,"href":"https:\/\/investnews.com.br\/inv-api\/wp\/v2\/coauthors?post=243225"}],"curies":[{"name":"wp","href":"https:\/\/api.w.org\/{rel}","templated":true}]}}