{"id":243245,"date":"2021-04-26T18:16:08","date_gmt":"2021-04-26T21:16:08","guid":{"rendered":"https:\/\/investnews.com.br\/?p=243245"},"modified":"2021-04-26T18:38:19","modified_gmt":"2021-04-26T21:38:19","slug":"via-diz-que-lancara-uma-megaloja-em-sao-paulo-e-mais-120-lojas-neste-ano","status":"publish","type":"post","link":"https:\/\/investnews.com.br\/negocios\/via-diz-que-lancara-uma-megaloja-em-sao-paulo-e-mais-120-lojas-neste-ano\/","title":{"rendered":"Via diz que lan\u00e7ar\u00e1 uma megaloja em S\u00e3o Paulo e mais 120 lojas neste ano"},"content":{"rendered":"\n<p>A Via <a href=\"https:\/\/investnews.com.br\/cotacao\/vvar3-via-varejo\/\" target=\"_blank\" aria-label=\"(VVAR3) (opens in a new tab)\" rel=\"noreferrer noopener\" class=\"rank-math-link\">(VVAR3)<\/a>, nova identidade de marca da Via Varejo, vai lan\u00e7ar uma megaloja em S\u00e3o Paulo e outras 120 lojas no restante do Pa\u00eds neste ano, afirmou Helisson Lemos, vice-presidente de Inova\u00e7\u00e3o Digital e Recursos Humanos. &#8220;As lojas est\u00e3o preparadas para atender tanto 1P (produtos pr\u00f3prios) quanto 3P (venda de terceiros), integrando o atendimento presencial e digital&#8221;, disse, durante o Via Investor Day.<\/p>\n\n\n\n<p><a href=\"https:\/\/investnews.com.br\/negocios\/via-varejo-muda-de-nome-e-passa-a-se-chamar-via\/\" target=\"_blank\" aria-label=\"Lemos voltou a refor\u00e7ar que &quot;2021 \u00e9 o ano do marketplace para a Via&quot;. (opens in a new tab)\" rel=\"noreferrer noopener\" class=\"rank-math-link\">Lemos voltou a refor\u00e7ar que &#8220;2021 \u00e9 o ano do marketplace para a Via&#8221;.<\/a><\/p>\n\n\n\n<p>Ele apontou que a companhia registrou crescimento de 174% nas vendas 1P em canais digitais (R$ 12,8 bilh\u00f5es) em 2020, al\u00e9m de alta de 90% (R$ 3,2 bilh\u00f5es) no segmento 3P.<\/p>\n\n\n\n<p>O executivo tamb\u00e9m apontou que a companhia j\u00e1 conseguiu expandir a quantidade de sellers no marketplace,<a href=\"https:\/\/investnews.com.br\/negocios\/via-varejo-inclui-eletricos-em-frota-logistica-para-atender-sao-paulo\/\" target=\"_blank\" aria-label=\" atingindo 26 mil no primeiro trimestre de 2021 (opens in a new tab)\" rel=\"noreferrer noopener\" class=\"rank-math-link\"> atingindo 26 mil no primeiro trimestre de 2021<\/a>, ante 10 mil no quarto trimestre do ano passado.<\/p>\n\n\n\n<h2 class=\"wp-block-heading\">Investimento em startups<\/h2>\n\n\n\n<p>A Via anunciou nesta segunda-feira um fundo de R$ 200 milh\u00f5es de corporate venture capital (CVC) para investir em startups em at\u00e9 cinco anos. Segundo Helisson Lemos, o programa contempla diversos formatos de inova\u00e7\u00e3o aberta. &#8220;Criamos o Via Hub, com foco em solu\u00e7\u00f5es para credi\u00e1rio, log\u00edstica, omnicanalidade, sortimento 1P, marcas e base de clientes. Nosso objetivo \u00e9 desenvolver um haras de unic\u00f3rnios (<em>empresas avaliadas em mais de US$ 1 bilh\u00e3o<\/em>)&#8221;, afirmou.<\/p>\n\n\n\n<p>Na apresenta\u00e7\u00e3o, Lemos apontou que a companhia investe em seu&nbsp;<em>core business<\/em>, incluindo estrat\u00e9gias de acelera\u00e7\u00e3o e incuba\u00e7\u00e3o e fus\u00f5es e aquisi\u00e7\u00f5es (M&amp;A), no ramo adjacente, buscando parcerias estrat\u00e9gicas, e no novo, que contempla o fundo de CVC.<\/p>\n\n\n\n<h3 class=\"wp-block-heading\">Cr\u00e9ditos fiscais como refor\u00e7o de caixa<\/h3>\n\n\n\n<p>O vice-presidente financeiro da companhia afirmou que a Via tem R$ 4 bilh\u00f5es a R$ 5 bilh\u00f5es em cr\u00e9ditos fiscais acumulados &#8220;que v\u00e3o virar caixa&#8221; nos pr\u00f3ximos tr\u00eas a cinco anos e n\u00e3o tem necessidade de recorrer ao mercado de capitais no momento para bancar planos de expans\u00e3o.<\/p>\n\n\n\n<p>&#8220;Achamos suficiente a estrutura de capital hoje da companhia para fazer frente a esse crescimento&#8230;Muito analista n\u00e3o considera, mas temos um ativo muito grande de cr\u00e9ditos fiscais e estamos conseguindo com bastante sucesso monetizar esses cr\u00e9ditos&#8221;, afirmou Orivaldo Padilha durante apresenta\u00e7\u00e3o da Via Varejo a investidores.<\/p>\n\n\n\n<p>&#8220;Temos cerca de R$ 4 bilh\u00f5es a R$ 5 bilh\u00f5es no nosso balan\u00e7o e isso ao longo dos pr\u00f3ximos tr\u00eas a cinco anos vira caixa&#8221;, acrescentou o executivo.<\/p>\n\n\n\n<p>Por\u00e9m, ele afirmou que se a Via Varejo encontrar alguma oportunidade &#8220;relevante&#8221; de aquisi\u00e7\u00e3o, a companhia <a href=\"https:\/\/investnews.com.br\/negocios\/via-varejo-vai-captar-r-1-bilhao-em-debentures\/\" target=\"_blank\" aria-label=\"&quot;talvez tenha que recorrer ao mercado de capitais&quot;. (opens in a new tab)\" rel=\"noreferrer noopener\" class=\"rank-math-link\">&#8220;talvez tenha que recorrer ao mercado de capitais&#8221;.<\/a><\/p>\n\n\n\n<p>A companhia afirmou que pretende ter participa\u00e7\u00e3o de mercado de pelo menos 20% no com\u00e9rcio eletr\u00f4nico no Brasil at\u00e9 2025, previsto para atingir cerca de R$ 500 bilh\u00f5es.<\/p>\n\n\n\n<p><em>*Com informa\u00e7\u00f5es de Estad\u00e3o Conte\u00fado e Reuters<\/em><\/p>\n","protected":false},"excerpt":{"rendered":"<p>A companhia afirmou que pretende ter participa\u00e7\u00e3o de mercado de pelo menos 20% no com\u00e9rcio eletr\u00f4nico no Brasil at\u00e9 2025.<\/p>\n","protected":false},"author":7,"featured_media":243246,"comment_status":"closed","ping_status":"open","sticky":false,"template":"","format":"standard","meta":{"_acf_changed":false,"inline_featured_image":false,"footnotes":""},"categories":[6],"tags":[869,376],"autor-wsj":[],"coauthors":[1494],"class_list":["post-243245","post","type-post","status-publish","format-standard","has-post-thumbnail","hentry","category-negocios","tag-e-commerce","tag-varejo"],"acf":[],"amp_enabled":true,"_links":{"self":[{"href":"https:\/\/investnews.com.br\/inv-api\/wp\/v2\/posts\/243245","targetHints":{"allow":["GET"]}}],"collection":[{"href":"https:\/\/investnews.com.br\/inv-api\/wp\/v2\/posts"}],"about":[{"href":"https:\/\/investnews.com.br\/inv-api\/wp\/v2\/types\/post"}],"author":[{"embeddable":true,"href":"https:\/\/investnews.com.br\/inv-api\/wp\/v2\/users\/7"}],"replies":[{"embeddable":true,"href":"https:\/\/investnews.com.br\/inv-api\/wp\/v2\/comments?post=243245"}],"version-history":[{"count":4,"href":"https:\/\/investnews.com.br\/inv-api\/wp\/v2\/posts\/243245\/revisions"}],"predecessor-version":[{"id":243257,"href":"https:\/\/investnews.com.br\/inv-api\/wp\/v2\/posts\/243245\/revisions\/243257"}],"wp:featuredmedia":[{"embeddable":true,"href":"https:\/\/investnews.com.br\/inv-api\/wp\/v2\/media\/243246"}],"wp:attachment":[{"href":"https:\/\/investnews.com.br\/inv-api\/wp\/v2\/media?parent=243245"}],"wp:term":[{"taxonomy":"category","embeddable":true,"href":"https:\/\/investnews.com.br\/inv-api\/wp\/v2\/categories?post=243245"},{"taxonomy":"post_tag","embeddable":true,"href":"https:\/\/investnews.com.br\/inv-api\/wp\/v2\/tags?post=243245"},{"taxonomy":"autor-wsj","embeddable":true,"href":"https:\/\/investnews.com.br\/inv-api\/wp\/v2\/autor-wsj?post=243245"},{"taxonomy":"author","embeddable":true,"href":"https:\/\/investnews.com.br\/inv-api\/wp\/v2\/coauthors?post=243245"}],"curies":[{"name":"wp","href":"https:\/\/api.w.org\/{rel}","templated":true}]}}