{"id":243254,"date":"2021-04-26T18:39:54","date_gmt":"2021-04-26T21:39:54","guid":{"rendered":"https:\/\/investnews.com.br\/?p=243254"},"modified":"2024-06-24T15:40:51","modified_gmt":"2024-06-24T18:40:51","slug":"hash11-estreia-na-bolsa-em-alta-e-mais-por-que-hering-subiu-25-e-soma-nao","status":"publish","type":"post","link":"https:\/\/investnews.com.br\/financas\/hash11-estreia-na-bolsa-em-alta-e-mais-por-que-hering-subiu-25-e-soma-nao\/","title":{"rendered":"HASH11 estreia na bolsa em alta; e mais: por que Hering subiu 26% e Soma n\u00e3o?"},"content":{"rendered":"\n<figure class=\"wp-block-embed-youtube wp-block-embed is-type-video is-provider-youtube wp-embed-aspect-16-9 wp-has-aspect-ratio\"><div class=\"wp-block-embed__wrapper\">\n<iframe loading=\"lazy\" title=\"Hash11 estreia na bolsa em alta; e mais: por que Hering subiu 26% e Soma n\u00e3o?\" width=\"500\" height=\"281\" src=\"https:\/\/www.youtube.com\/embed\/RWlExT9zCn0?feature=oembed\" frameborder=\"0\" allow=\"accelerometer; autoplay; clipboard-write; encrypted-media; gyroscope; picture-in-picture; web-share\" referrerpolicy=\"strict-origin-when-cross-origin\" allowfullscreen><\/iframe>\n<\/div><\/figure>\n\n\n\n<p>Em dia de estreia, o HASH11 &#8211; 1\u00ba <a href=\"https:\/\/investnews.com.br\/guias\/etfs-o-que-sao-como-funcionam\/\">ETF<\/a> de cripto na B3 encerrou o dia em alta de mais de 12%. O fundo de \u00edndice, criado pela gestora Hashdex, foi precificado na semana passada a R$ 47,20 por cota. No final do preg\u00e3o desta segunda-feira (26), ele encerrou cotado a R$ 53,10, uma alta equivalente a 12,26%. <\/p>\n\n\n\n<p>O fundo fechou o dia como o segundo maior ETF em n\u00famero de trades e o terceiro maior da Bolsa em valores negociados. Ao longo do dia, a movimenta\u00e7\u00e3o foi de R$ 156 milh\u00f5es.<\/p>\n\n\n\n<p>J\u00e1 a Hering disparou 26% na bolsa ap\u00f3s an\u00fancio de compra pela Farm \u2013 do Grupo Soma. Por\u00e9m, as a\u00e7\u00f5es do grupo registraram uma queda de 10% no final do dia. <\/p>\n\n\n\n<p>Esses s\u00e3o os temas do Mais InvestNews desta segunda-feira (26), com Samy Dana e Dony De Nuccio. Acompanhe ao vivo \u00e0s 19h. <\/p>\n","protected":false},"excerpt":{"rendered":"<p>1\u00ba ETF de cripto na B3 encerrou o dia em alta de mais de 12%; Hering dispara 26% ap\u00f3s an\u00fancio de compra pela Farm \u2013 do Grupo Soma &#8211; mas a\u00e7\u00f5es do grupo caem 10%.<\/p>\n","protected":false},"author":7,"featured_media":243259,"comment_status":"closed","ping_status":"open","sticky":false,"template":"","format":"standard","meta":{"_acf_changed":false,"inline_featured_image":false,"footnotes":""},"categories":[4],"tags":[26,390,1711,2410],"autor-wsj":[],"coauthors":[1569,1494],"class_list":["post-243254","post","type-post","status-publish","format-standard","has-post-thumbnail","hentry","category-financas","tag-dolar","tag-hering","tag-mercado-de-capitais","tag-grupo-soma"],"acf":[],"amp_enabled":true,"_links":{"self":[{"href":"https:\/\/investnews.com.br\/inv-api\/wp\/v2\/posts\/243254","targetHints":{"allow":["GET"]}}],"collection":[{"href":"https:\/\/investnews.com.br\/inv-api\/wp\/v2\/posts"}],"about":[{"href":"https:\/\/investnews.com.br\/inv-api\/wp\/v2\/types\/post"}],"author":[{"embeddable":true,"href":"https:\/\/investnews.com.br\/inv-api\/wp\/v2\/users\/7"}],"replies":[{"embeddable":true,"href":"https:\/\/investnews.com.br\/inv-api\/wp\/v2\/comments?post=243254"}],"version-history":[{"count":11,"href":"https:\/\/investnews.com.br\/inv-api\/wp\/v2\/posts\/243254\/revisions"}],"predecessor-version":[{"id":243335,"href":"https:\/\/investnews.com.br\/inv-api\/wp\/v2\/posts\/243254\/revisions\/243335"}],"wp:featuredmedia":[{"embeddable":true,"href":"https:\/\/investnews.com.br\/inv-api\/wp\/v2\/media\/243259"}],"wp:attachment":[{"href":"https:\/\/investnews.com.br\/inv-api\/wp\/v2\/media?parent=243254"}],"wp:term":[{"taxonomy":"category","embeddable":true,"href":"https:\/\/investnews.com.br\/inv-api\/wp\/v2\/categories?post=243254"},{"taxonomy":"post_tag","embeddable":true,"href":"https:\/\/investnews.com.br\/inv-api\/wp\/v2\/tags?post=243254"},{"taxonomy":"autor-wsj","embeddable":true,"href":"https:\/\/investnews.com.br\/inv-api\/wp\/v2\/autor-wsj?post=243254"},{"taxonomy":"author","embeddable":true,"href":"https:\/\/investnews.com.br\/inv-api\/wp\/v2\/coauthors?post=243254"}],"curies":[{"name":"wp","href":"https:\/\/api.w.org\/{rel}","templated":true}]}}