{"id":243402,"date":"2021-04-27T14:07:00","date_gmt":"2021-04-27T17:07:00","guid":{"rendered":"https:\/\/investnews.com.br\/?p=243402"},"modified":"2021-04-27T14:07:02","modified_gmt":"2021-04-27T17:07:02","slug":"vale-avalia-cisao-e-ipo-de-metais-basicos-de-olho-no-mercado-de-eletrificacao","status":"publish","type":"post","link":"https:\/\/investnews.com.br\/negocios\/vale-avalia-cisao-e-ipo-de-metais-basicos-de-olho-no-mercado-de-eletrificacao\/","title":{"rendered":"Vale avalia cis\u00e3o e IPO de metais b\u00e1sicos de olho no mercado de eletrifica\u00e7\u00e3o"},"content":{"rendered":"\n<p>A mineradora <strong>Vale (<a href=\"https:\/\/investnews.com.br\/cotacao\/vale3-vale\/\" class=\"rank-math-link\">VALE3<\/a>)<\/strong> avalia a op\u00e7\u00e3o de realizar um &#8220;spin off&#8221; (<strong>cis\u00e3o<\/strong>) da unidade de metais b\u00e1sicos e uma eventual <strong>oferta p\u00fablica inicial de a\u00e7\u00f5es<\/strong> (<strong><a href=\"https:\/\/investnews.com.br\/guias\/ipo-o-que-e-e-como-funciona\/\">IPO<\/a><\/strong>, na sigla em ingl\u00eas), como forma de agregar valor ao neg\u00f3cio, cuja demanda tem sido alavancada pelo <strong>mercado de transi\u00e7\u00e3o energ\u00e9tica<\/strong>.<\/p>\n\n\n\n<p><strong>Leia tamb\u00e9m<\/strong>: <a href=\"https:\/\/investnews.com.br\/flash\/lucro-da-vale-atinge-us-55-bilhoes-e-supera-expectativa-no-1o-trimestre\/\" class=\"rank-math-link\">Como o lucro da Vale saltou mais de 2.200% no 1\u00ba trimestre<\/a><\/p>\n\n\n\n<p>A companhia j\u00e1 \u00e9 uma das <strong>maiores produtoras globais de metais b\u00e1sicos<\/strong>, como n\u00edquel e cobre, importantes mat\u00e9rias-primas para a fabrica\u00e7\u00e3o de baterias e outros componentes que atendem \u00e0s ind\u00fastrias de energias renov\u00e1veis e carros el\u00e9tricos.<\/p>\n\n\n\n<p>O presidente da Vale, Eduardo Bartolomeo, afirmou que a companhia sempre olha as op\u00e7\u00f5es que est\u00e3o ao seu alcance e que atualmente a empresa j\u00e1 trabalha em um rearranjo de ativos, melhoria da produtividade e reposi\u00e7\u00e3o de capacidade, tendo conclu\u00eddo recentemente a venda do deficit\u00e1rio VNC.<\/p>\n\n\n\n<p>&#8220;Existe uma discrep\u00e2ncia, que j\u00e1 existia no passado, de n\u00e3o percep\u00e7\u00e3o de valor de metais b\u00e1sicos dentro da Vale&#8230;claro que a gente olha essa op\u00e7\u00e3o (de realizar um &#8216;spin off&#8217;). A gente come\u00e7ou a analisar&#8221;, afirmou o executivo, ao participar de teleconfer\u00eancia com analistas de mercado sobre o primeiro trimestre.<\/p>\n\n\n\n<p>&#8220;Temos que trabalhar nas funda\u00e7\u00f5es do neg\u00f3cio e estarmos prontos para as opcionalidades&#8221;, afirmou.<\/p>\n\n\n\n<p>&#8220;As funda\u00e7\u00f5es&#8230; s\u00e3o projetos de reposi\u00e7\u00e3o de capacidade&#8230;, que \u00e9 important\u00edssimo para o neg\u00f3cio, inclusive se for fazer um IPO; os trabalhos de produtividade, que s\u00e3o obviamente necess\u00e1rios&#8230; e claramente a VNC, que a gente considera muito sucesso a sa\u00edda de um ativo que obviamente n\u00e3o adicionava no portf\u00f3lio.&#8221;<\/p>\n\n\n\n<p>O executivo tamb\u00e9m destacou que a empresa se &#8220;v\u00ea de fato como uma das poucas empresas <strong><a href=\"https:\/\/investnews.com.br\/guias\/tudo-sobre-esg\/\">ESG<\/a><\/strong> (sigla em ingl\u00eas para ambiental, social e governan\u00e7a), &#8216;green&#8217;, com portf\u00f3lio muito forte de produtos de todos os n\u00edveis, de todas as dimens\u00f5es ligados ao carro el\u00e9trico&#8221;.<\/p>\n\n\n\n<p>Os estudos v\u00eam ap\u00f3s a empresa ter conclu\u00eddo compromissos importantes para repara\u00e7\u00f5es e <a href=\"https:\/\/investnews.com.br\/negocios\/vale-paga-r-138-milhoes-a-uniao-por-gastos-com-desastre-de-brumadinho\/\" class=\"rank-math-link\">indeniza\u00e7\u00f5es relacionadas ao rompimento de barragens em Minas Gerais <\/a>nos \u00faltimos anos, com grande n\u00famero de mortes e de danos ao meio ambiente.<\/p>\n\n\n\n<p>A empresa chegou a avaliar em 2014 a realiza\u00e7\u00e3o de uma cis\u00e3o da unidade de metais b\u00e1sicos para realizar um IPO, mas o tema perdeu for\u00e7a ap\u00f3s o<strong> rompimento de barragem da Samarco<\/strong> &#8211; joint venture da Vale com a anglo-australiana BHP -, em novembro de 2015.<\/p>\n\n\n\n<p>O vice-presidente-executivo de Metais B\u00e1sicos, Mark Travers, ressaltou que a empresa tem hoje melhor &#8220;funda\u00e7\u00e3o&#8221; e &#8220;narrativa&#8221; para a realiza\u00e7\u00e3o da cis\u00e3o do que tinha em 2014.<\/p>\n","protected":false},"excerpt":{"rendered":"<p>A inten\u00e7\u00e3o \u00e9 agregar valor ao neg\u00f3cio, cuja demanda tem sido alavancada pelo mercado de transi\u00e7\u00e3o energ\u00e9tica.<\/p>\n","protected":false},"author":7,"featured_media":243279,"comment_status":"closed","ping_status":"open","sticky":false,"template":"","format":"standard","meta":{"_acf_changed":false,"inline_featured_image":false,"footnotes":""},"categories":[6],"tags":[1673,208,2392],"autor-wsj":[],"coauthors":[1494],"class_list":["post-243402","post","type-post","status-publish","format-standard","has-post-thumbnail","hentry","category-negocios","tag-esg","tag-vale","tag-samarco"],"acf":[],"amp_enabled":true,"_links":{"self":[{"href":"https:\/\/investnews.com.br\/inv-api\/wp\/v2\/posts\/243402","targetHints":{"allow":["GET"]}}],"collection":[{"href":"https:\/\/investnews.com.br\/inv-api\/wp\/v2\/posts"}],"about":[{"href":"https:\/\/investnews.com.br\/inv-api\/wp\/v2\/types\/post"}],"author":[{"embeddable":true,"href":"https:\/\/investnews.com.br\/inv-api\/wp\/v2\/users\/7"}],"replies":[{"embeddable":true,"href":"https:\/\/investnews.com.br\/inv-api\/wp\/v2\/comments?post=243402"}],"version-history":[{"count":5,"href":"https:\/\/investnews.com.br\/inv-api\/wp\/v2\/posts\/243402\/revisions"}],"predecessor-version":[{"id":243413,"href":"https:\/\/investnews.com.br\/inv-api\/wp\/v2\/posts\/243402\/revisions\/243413"}],"wp:featuredmedia":[{"embeddable":true,"href":"https:\/\/investnews.com.br\/inv-api\/wp\/v2\/media\/243279"}],"wp:attachment":[{"href":"https:\/\/investnews.com.br\/inv-api\/wp\/v2\/media?parent=243402"}],"wp:term":[{"taxonomy":"category","embeddable":true,"href":"https:\/\/investnews.com.br\/inv-api\/wp\/v2\/categories?post=243402"},{"taxonomy":"post_tag","embeddable":true,"href":"https:\/\/investnews.com.br\/inv-api\/wp\/v2\/tags?post=243402"},{"taxonomy":"autor-wsj","embeddable":true,"href":"https:\/\/investnews.com.br\/inv-api\/wp\/v2\/autor-wsj?post=243402"},{"taxonomy":"author","embeddable":true,"href":"https:\/\/investnews.com.br\/inv-api\/wp\/v2\/coauthors?post=243402"}],"curies":[{"name":"wp","href":"https:\/\/api.w.org\/{rel}","templated":true}]}}