{"id":243421,"date":"2021-04-27T14:42:25","date_gmt":"2021-04-27T17:42:25","guid":{"rendered":"https:\/\/investnews.com.br\/?p=243421"},"modified":"2021-04-27T15:17:05","modified_gmt":"2021-04-27T18:17:05","slug":"secretario-da-fazenda-vai-deixar-cargo-apos-impasse-do-orcamento-dizem-jornais","status":"publish","type":"post","link":"https:\/\/investnews.com.br\/economia\/secretario-da-fazenda-vai-deixar-cargo-apos-impasse-do-orcamento-dizem-jornais\/","title":{"rendered":"Secret\u00e1rio da Fazenda vai deixar cargo ap\u00f3s impasse do Or\u00e7amento, dizem jornais"},"content":{"rendered":"\n<p>Waldery Rodrigues, atual secret\u00e1rio especial de Fazenda do Minist\u00e9rio da Economia, deixar\u00e1 o governo e ser\u00e1 substitu\u00eddo no cargo por Bruno Funchal, hoje secret\u00e1rio do Tesouro, segundo ve\u00edculos da imprensa noticiaram nesta ter\u00e7a-feira (27). A not\u00edcia n\u00e3o foi confirmada oficialmente pelo governo.<\/p>\n\n\n\n<p>Segundo a Ag\u00eancia Estado, o ministro da Economia, Paulo Guedes, demitiu Rodrigues do cargo de secret\u00e1rio especial da Fazenda. A sa\u00edda de Waldery tamb\u00e9m foi noticiada pela ag\u00eancia Reuters, a emissora &#8220;CNN Brasil&#8221; e o jornal &#8220;Valor Econ\u00f4mico&#8221;. <\/p>\n\n\n\n<p>A sa\u00edda acontece ap\u00f3s <a href=\"https:\/\/investnews.com.br\/economia\/6-questoes-para-entender-por-que-o-orcamento-2021-gera-temores-de-um-shutdown\/\" class=\"rank-math-link\">embates na san\u00e7\u00e3o do Or\u00e7amento. <\/a>Mas Waldery j\u00e1 havia entrado na mira do presidente Jair Bolsonaro no ano passado, quando falou em entrevista sobre inten\u00e7\u00e3o da equipe econ\u00f4mica de propor congelamento de aposentadorias e pens\u00f5es.\u00a0 <\/p>\n\n\n\n<p><strong>Segundo ag\u00eancias, o escolhido para o lugar de  Waldery foi o atual secret\u00e1rio do Tesouro Nacional, Bruno Funchal.<\/strong> Na hierarquia do Minist\u00e9rio da Economia, o Tesouro Nacional \u00e9 ligado \u00e0 Secretaria Especial da Fazenda. J\u00e1 o nome mais cotado para o posto de Funchal \u00e9 Jeferson Bittencourt, assessor especial no Minist\u00e9rio da Economia, onde \u00e9 servidor de carreira.<\/p>\n\n\n\n<h2 class=\"wp-block-heading\">Desgaste<\/h2>\n\n\n\n<p>A sa\u00edda de Waldery do cargo vem depois de uma s\u00e9rie de<a href=\"https:\/\/investnews.com.br\/economia\/6-questoes-para-entender-por-que-o-orcamento-2021-gera-temores-de-um-shutdown\/\" class=\"rank-math-link\"> embates em torno da san\u00e7\u00e3o do Or\u00e7amento de 2021,<\/a> que sofreu um veto de R$ 19,8 bilh\u00f5es em despesas e um bloqueio adicional de R$ 9,3 bilh\u00f5es.<\/p>\n\n\n\n<p><strong>A \u00e1rea comandada por ele foi uma das mais ferrenhas defensoras do ajuste no Or\u00e7amento por conta da maquiagem em despesas obrigat\u00f3rias, <\/strong>como os benef\u00edcios previdenci\u00e1rios, uma vis\u00e3o contr\u00e1ria \u00e0 do Congresso, de que a pe\u00e7a poderia ser sancionada integralmente.<\/p>\n\n\n\n<p>Segundo relatos feitos \u00e0 reportagem, Waldery queria ficar no cargo at\u00e9 junho, mas o Or\u00e7amento mostrou a necessidade de antecipar uma mudan\u00e7a que j\u00e1 estava no radar. A condu\u00e7\u00e3o do processo pelo atual secret\u00e1rio foi muito criticada pela ala pol\u00edtica, mas o trabalho de Waldery tamb\u00e9m costuma ser alvo de outras \u00e1reas dentro do Minist\u00e9rio da Economia, que reclamam que as decis\u00f5es importantes &#8220;travam&#8221; na Fazenda.<\/p>\n\n\n\n<p>O atual secret\u00e1rio especial de Fazenda j\u00e1 esteve na mira do presidente da Rep\u00fablica, Jair Bolsonaro, no ano passado, quando defendeu congelar aposentadorias e mexer no seguro-desemprego para liberar recursos ao Renda Brasil, como era chamada a proposta de reformula\u00e7\u00e3o dos programas sociais. Na \u00e9poca, Bolsonaro amea\u00e7ou dar &#8220;cart\u00e3o vermelho&#8221; a Waldery e j\u00e1 chegou a pedir a cabe\u00e7a do secret\u00e1rio.<\/p>\n\n\n\n<p>Desde aquela \u00e9poca, o secret\u00e1rio silenciou e evitou pol\u00eamicas. Na coletiva sobre o Projeto de Lei de Diretrizes Or\u00e7ament\u00e1rias (PLDO) de 2022, ele evitou falar sobre o impasse at\u00e9 ent\u00e3o sem solu\u00e7\u00e3o em torno do Or\u00e7amento de 2021 &#8211; as perguntas sobre o tema foram censuradas pelo Minist\u00e9rio da Economia.<\/p>\n\n\n\n<h2 class=\"wp-block-heading\">Outras baixas na equipe de Guedes<\/h2>\n\n\n\n<p>A troca no Tesouro e na Fazenda n\u00e3o \u00e9 a \u00fanica dentro do Minist\u00e9rio da Economia. Como mostrou o jornal &#8220;O Estado de S. Paulo&#8221; na segunda-feira, <strong>a assessora especial para reforma tribut\u00e1ria, Vanessa Canado, vai deixar a equipe de Guedes<\/strong>. A sa\u00edda deve ocorrer antes da vota\u00e7\u00e3o do relat\u00f3rio de reforma tribut\u00e1ria na C\u00e2mara dos Deputados. <\/p>\n\n\n\n<p>A interlocutores, Vanessa tem dito que encerrou seu trabalho na pasta e que sua sa\u00edda j\u00e1 estava programada desde janeiro. Essa deve ser a \u00faltima semana da assessora dentro da Economia.<\/p>\n\n\n\n<p>No in\u00edcio do ano, <a href=\"https:\/\/investnews.com.br\/negocios\/andre-brandao-renuncia-a-presidencia-do-banco-do-brasil\/\" class=\"rank-math-link\">Bolsonaro pediu a cabe\u00e7a do presidente do Banco do Brasil<\/a> (<a href=\"https:\/\/investnews.com.br\/cotacao\/bbas3-banco-do-brasil\/\" class=\"rank-math-link\">BBAS3<\/a>), Andr\u00e9 Brand\u00e3o, por discordar do plano de enxugamento de ag\u00eancias e corte de pessoal do banco. <a href=\"https:\/\/investnews.com.br\/economia\/interferencia-de-bolsonaro-na-petrobras-entenda-em-4-pontos\/\" class=\"rank-math-link\">Tamb\u00e9m foi demitido o presidente da Petrobras <\/a>(PETR3 e PETR4), Roberto Castello Branco, por diverg\u00eancias com o presidente sobre a pol\u00edtica de pre\u00e7os dos combust\u00edveis e o tratamento aos caminhoneiros, base de apoio do governo.<\/p>\n\n\n\n<p>Al\u00e9m de Castello Branco, <strong>Bolsonaro j\u00e1 mandou demitir dois auxiliares de Guedes que bateram de frente com ele. <\/strong>No primeiro ano de mandato, o presidente decidiu demitir o ent\u00e3o secret\u00e1rio da Receita Federal, <strong>Marcos Cintra<\/strong>, porque considerou que a discuss\u00e3o sobre a cria\u00e7\u00e3o de um imposto nos moldes da CPMF se tornou &#8220;p\u00fablica demais&#8221;. Embora tivesse apoio da equipe econ\u00f4mica, o assunto gerou pol\u00eamica e n\u00e3o agradou os seus apoiadores.<\/p>\n\n\n\n<p>Bolsonaro tamb\u00e9m influenciou na mudan\u00e7a de comando de outro banco p\u00fablico ainda em 2019. Ele disse que o ent\u00e3o presidente do Banco Nacional de Desenvolvimento Econ\u00f4mico e Social (BNDES), <strong>Joaquim Levy,<\/strong> estava com &#8220;a cabe\u00e7a a pr\u00eamio&#8221; durante conversa com jornalistas. No dia seguinte, Levy pediu demiss\u00e3o do cargo.<\/p>\n\n\n\n<p>No ano passado, <strong>o pr\u00f3prio ministro Guedes reconheceu, em agosto, uma &#8220;debandada&#8221; em sua equipe. <\/strong>No caso do secret\u00e1rio especial de Desestatiza\u00e7\u00e3o, <strong>Salim Mattar,<\/strong> o motivo foi a lentid\u00e3o das privatiza\u00e7\u00f5es, estagnadas na pandemia, mas travadas desde antes por press\u00f5es pol\u00edticas.<\/p>\n\n\n\n<p>J\u00e1 o secret\u00e1rio especial de Desburocratiza\u00e7\u00e3o, Gest\u00e3o e Governo Digital, Paulo Uebel, preferiu deixar o cargo a permanecer &#8220;engavetado&#8221; no minist\u00e9rio junto com a proposta de reforma administrativa, que acabou saindo pouco depois.<\/p>\n\n\n\n<p>Guedes tamb\u00e9m perdeu dois auxiliares que foram &#8220;promovidos&#8221; justamente por avan\u00e7arem em suas agendas. O ex-secret\u00e1rio especial de Com\u00e9rcio Exterior, Marcos Troyjo, foi indicado em junho para a presid\u00eancia do Novo Banco de Desenvolvimento &#8211; o &#8220;Banco dos Brics&#8221;, com sede em Xangai, ap\u00f3s o sucesso na conclus\u00e3o do acordo entre o Mercosul e a Uni\u00e3o Europeia no ano passado.<\/p>\n\n\n\n<p>J\u00e1 o ex-secret\u00e1rio especial de Previd\u00eancia e Trabalho, Rog\u00e9rio Marinho, colheu os louros da aprova\u00e7\u00e3o da reforma da Previd\u00eancia &#8211; o maior feito do atual governo na economia at\u00e9 agora &#8211; e foi al\u00e7ado ao posto de ministro do Desenvolvimento Regional. Agora aliado \u00e0 ala militar do Planalto, ele tem sido o maior &#8220;rival&#8221; de Guedes no embate sobre a abertura da torneira de gastos do governo no p\u00f3s-crise.<\/p>\n\n\n\n<p><em>(* Com informa\u00e7\u00f5es da Reuters e Estad\u00e3o Conte\u00fado)<\/em><\/p>\n","protected":false},"excerpt":{"rendered":"<p>Waldery Rodrigues j\u00e1 havia entrado na mira de Bolsonaro quando falou em congelamento de aposentadorias e pens\u00f5es.  <\/p>\n","protected":false},"author":7,"featured_media":1809,"comment_status":"closed","ping_status":"open","sticky":false,"template":"","format":"standard","meta":{"_acf_changed":false,"inline_featured_image":false,"footnotes":""},"categories":[5],"tags":[234,240,347,299],"autor-wsj":[],"coauthors":[1494],"class_list":["post-243421","post","type-post","status-publish","format-standard","has-post-thumbnail","hentry","category-economia","tag-jair-bolsonaro","tag-ministerio-da-economia","tag-paulo-guedes","tag-tesouro-nacional"],"acf":[],"amp_enabled":true,"_links":{"self":[{"href":"https:\/\/investnews.com.br\/inv-api\/wp\/v2\/posts\/243421","targetHints":{"allow":["GET"]}}],"collection":[{"href":"https:\/\/investnews.com.br\/inv-api\/wp\/v2\/posts"}],"about":[{"href":"https:\/\/investnews.com.br\/inv-api\/wp\/v2\/types\/post"}],"author":[{"embeddable":true,"href":"https:\/\/investnews.com.br\/inv-api\/wp\/v2\/users\/7"}],"replies":[{"embeddable":true,"href":"https:\/\/investnews.com.br\/inv-api\/wp\/v2\/comments?post=243421"}],"version-history":[{"count":29,"href":"https:\/\/investnews.com.br\/inv-api\/wp\/v2\/posts\/243421\/revisions"}],"predecessor-version":[{"id":243463,"href":"https:\/\/investnews.com.br\/inv-api\/wp\/v2\/posts\/243421\/revisions\/243463"}],"wp:featuredmedia":[{"embeddable":true,"href":"https:\/\/investnews.com.br\/inv-api\/wp\/v2\/media\/1809"}],"wp:attachment":[{"href":"https:\/\/investnews.com.br\/inv-api\/wp\/v2\/media?parent=243421"}],"wp:term":[{"taxonomy":"category","embeddable":true,"href":"https:\/\/investnews.com.br\/inv-api\/wp\/v2\/categories?post=243421"},{"taxonomy":"post_tag","embeddable":true,"href":"https:\/\/investnews.com.br\/inv-api\/wp\/v2\/tags?post=243421"},{"taxonomy":"autor-wsj","embeddable":true,"href":"https:\/\/investnews.com.br\/inv-api\/wp\/v2\/autor-wsj?post=243421"},{"taxonomy":"author","embeddable":true,"href":"https:\/\/investnews.com.br\/inv-api\/wp\/v2\/coauthors?post=243421"}],"curies":[{"name":"wp","href":"https:\/\/api.w.org\/{rel}","templated":true}]}}