{"id":243675,"date":"2021-04-28T11:19:33","date_gmt":"2021-04-28T14:19:33","guid":{"rendered":"https:\/\/investnews.com.br\/?p=243675"},"modified":"2021-04-28T11:23:15","modified_gmt":"2021-04-28T14:23:15","slug":"governo-de-mg-quer-transformar-cemig-em-corporacao-privada-diz-zema","status":"publish","type":"post","link":"https:\/\/investnews.com.br\/financas\/governo-de-mg-quer-transformar-cemig-em-corporacao-privada-diz-zema\/","title":{"rendered":"Governo de MG quer transformar Cemig em corpora\u00e7\u00e3o privada, diz Zema"},"content":{"rendered":"\n<p>O governador de Minas Gerais, Romeu Zema (Novo), disse nesta quarta-feira (28) que mant\u00e9m a meta de privatizar a el\u00e9trica estadual Cemig <a aria-label=\"(CMIG4)  (opens in a new tab)\" href=\"https:\/\/investnews.com.br\/cotacao\/cmig4-cemig\/\" target=\"_blank\" rel=\"noreferrer noopener\" class=\"rank-math-link\">(CMIG4) <\/a>at\u00e9 o final de sua administra\u00e7\u00e3o, mas sinalizou que <a href=\"https:\/\/investnews.com.br\/economia\/governo-prepara-proposta-inicial-para-abertura-do-mercado-de-energia\/\" target=\"_blank\" aria-label=\"a opera\u00e7\u00e3o n\u00e3o deve envolver a venda da companhia como um todo (opens in a new tab)\" rel=\"noreferrer noopener\" class=\"rank-math-link\">a opera\u00e7\u00e3o n\u00e3o deve envolver a venda da companhia como um todo<\/a>, mas sua transforma\u00e7\u00e3o em uma corpora\u00e7\u00e3o privada.<\/p>\n\n\n\n<p>&#8220;Minha vis\u00e3o sobre a Cemig \u00e9 que ela venha a ser uma corpora\u00e7\u00e3o e que o Estado seja um mero <a href=\"https:\/\/investnews.com.br\/guias\/acionista-o-que-e-e-como-funciona\/\">acionista<\/a>, igual aos demais&#8221;, afirmou ele, ao participar de evento da Cemig com acionistas e investidores transmitido online.<\/p>\n\n\n\n<p>A fala de Zema, que tem mandato at\u00e9 o final de 2022, aponta para modelo semelhante ao proposto pelo governo federal para a Eletrobras, que tamb\u00e9m se tornaria uma corpora\u00e7\u00e3o sem controlador definido em caso de sucesso no plano de privatiza\u00e7\u00e3o conduzido pelo governo do presidente Jair Bolsonaro.<\/p>\n\n\n\n<p>Ao participar do Cemig Day, Zema disse que a desestatiza\u00e7\u00e3o da empresa estadual de energia poderia ocorrer por meio de uma capitaliza\u00e7\u00e3o que dilu\u00edsse a participa\u00e7\u00e3o do governo.<\/p>\n\n\n\n<p>&#8220;Gostaria muito que durante minha gest\u00e3o ainda a empresa venha a ser privatizada. Talvez n\u00e3o vendida, mas que ela receba um aporte de capital e que o Estado, que sempre fez interfer\u00eancias indevidas na empresa, perca o controle e deixe de prejudic\u00e1-la&#8221;, acrescentou ele.<\/p>\n\n\n\n<p>Zema, um novato na pol\u00edtica que elegeu-se governador em 2018, tem prometido desde o in\u00edcio de sua gest\u00e3o que buscar\u00e1 a privatiza\u00e7\u00e3o da Cemig e de outras estatais.<\/p>\n\n\n\n<p>Ele tamb\u00e9m tem feito duras cr\u00edticas \u00e0 empresa de energia mineira, que foram repetidas nesta quarta-feira.<\/p>\n\n\n\n<p>&#8220;A principal cr\u00edtica que ou\u00e7o com rela\u00e7\u00e3o a servi\u00e7os p\u00fablicos \u00e9 &#8216;quero energia, quero mais carga e a Cemig n\u00e3o me atende&#8217;. Sei que n\u00e3o \u00e9 culpa da empresa, \u00e9 culpa do contexto que foi criado nos \u00faltimos anos, onde a empresa investiu muito mais em outras \u00e1reas e outros neg\u00f3cios que n\u00e3o deram retorno e deixou de investir dentro de Minas Gerais&#8221;.<\/p>\n\n\n\n<p>Ele afirmou que a meta do governo estadual \u00e9 que a empresa &#8220;volte a investir para os mineiros&#8221; e citou como exemplo a necessidade de mais recursos para eletrifica\u00e7\u00e3o rural e o potencial do Estado para gera\u00e7\u00e3o solar.<\/p>\n\n\n\n<p>O presidente da Cemig, Reynaldo Passanezi, que assumiu o cargo em janeiro de 2020, disse que o <a href=\"https:\/\/investnews.com.br\/financas\/cemig-quer-concluir-venda-de-fatia-na-taesa-ainda-em-2021-diz-ceo\/\" target=\"_blank\" aria-label=\"novo planejamento estrat\u00e9gico da companhia visa focar aportes em Minas Gerais (opens in a new tab)\" rel=\"noreferrer noopener\" class=\"rank-math-link\">novo planejamento estrat\u00e9gico da companhia visa focar aportes em Minas Gerais<\/a> e em seus neg\u00f3cios principais, o que passar\u00e1 por desinvestimentos.<\/p>\n\n\n\n<p>Ele admitiu que isso significar\u00e1 na pr\u00e1tica uma Cemig menos &#8220;grandiosa&#8221;, embora com a possibilidade de um novo ciclo de expans\u00e3o ap\u00f3s a privatiza\u00e7\u00e3o.<\/p>\n\n\n\n<p>&#8220;Esse modelo \u00e9 ir se preparando para um cen\u00e1rio em que, com o Estado ainda um acionista relevante, mas sem controle, nesse modelo de corpora\u00e7\u00e3o, a gente poderia crescer de forma sustent\u00e1vel e expandir um pouco o escopo de atua\u00e7\u00e3o&#8221;, explicou.<\/p>\n\n\n\n<p>Ele tamb\u00e9m comentou que os novos planos ainda envolvem expans\u00e3o da atua\u00e7\u00e3o da companhia em gera\u00e7\u00e3o, com a constru\u00e7\u00e3o de novas usinas e\u00f3licas e solares.<\/p>\n\n\n\n<p>&#8220;Em gera\u00e7\u00e3o, o grosso ser\u00e1 em Minas e em energia renov\u00e1vel. A gente vai sair do mundo s\u00f3 de hidr\u00e1ulica e crescer em solar e e\u00f3lica.&#8221;.<\/p>\n\n\n\n<p><a href=\"https:\/\/investnews.com.br\/financas\/cesp-omega-geracao-ou-aes-tiete-compare-acoes-do-setor-de-energia\/\" target=\"_blank\" aria-label=\"A Cemig possui neg\u00f3cios em gera\u00e7\u00e3o, transmiss\u00e3o e distribui\u00e7\u00e3o de energia el\u00e9trica (opens in a new tab)\" rel=\"noreferrer noopener\" class=\"rank-math-link\">A Cemig possui neg\u00f3cios em gera\u00e7\u00e3o, transmiss\u00e3o e distribui\u00e7\u00e3o de energia el\u00e9trica<\/a>, al\u00e9m de opera\u00e7\u00f5es de comercializa\u00e7\u00e3o e outros ativos, incluindo uma distribuidora de g\u00e1s natural canalizado.<\/p>\n","protected":false},"excerpt":{"rendered":"<p>A desestatiza\u00e7\u00e3o da empresa pode ocorrer por meio de uma capitaliza\u00e7\u00e3o que dilua a participa\u00e7\u00e3o do governo.<\/p>\n","protected":false},"author":7,"featured_media":237751,"comment_status":"closed","ping_status":"open","sticky":false,"template":"","format":"standard","meta":{"_acf_changed":false,"inline_featured_image":false,"footnotes":""},"categories":[4],"tags":[824],"autor-wsj":[],"coauthors":[1494],"class_list":["post-243675","post","type-post","status-publish","format-standard","has-post-thumbnail","hentry","category-financas","tag-energia"],"acf":[],"amp_enabled":true,"_links":{"self":[{"href":"https:\/\/investnews.com.br\/inv-api\/wp\/v2\/posts\/243675","targetHints":{"allow":["GET"]}}],"collection":[{"href":"https:\/\/investnews.com.br\/inv-api\/wp\/v2\/posts"}],"about":[{"href":"https:\/\/investnews.com.br\/inv-api\/wp\/v2\/types\/post"}],"author":[{"embeddable":true,"href":"https:\/\/investnews.com.br\/inv-api\/wp\/v2\/users\/7"}],"replies":[{"embeddable":true,"href":"https:\/\/investnews.com.br\/inv-api\/wp\/v2\/comments?post=243675"}],"version-history":[{"count":3,"href":"https:\/\/investnews.com.br\/inv-api\/wp\/v2\/posts\/243675\/revisions"}],"predecessor-version":[{"id":243678,"href":"https:\/\/investnews.com.br\/inv-api\/wp\/v2\/posts\/243675\/revisions\/243678"}],"wp:featuredmedia":[{"embeddable":true,"href":"https:\/\/investnews.com.br\/inv-api\/wp\/v2\/media\/237751"}],"wp:attachment":[{"href":"https:\/\/investnews.com.br\/inv-api\/wp\/v2\/media?parent=243675"}],"wp:term":[{"taxonomy":"category","embeddable":true,"href":"https:\/\/investnews.com.br\/inv-api\/wp\/v2\/categories?post=243675"},{"taxonomy":"post_tag","embeddable":true,"href":"https:\/\/investnews.com.br\/inv-api\/wp\/v2\/tags?post=243675"},{"taxonomy":"autor-wsj","embeddable":true,"href":"https:\/\/investnews.com.br\/inv-api\/wp\/v2\/autor-wsj?post=243675"},{"taxonomy":"author","embeddable":true,"href":"https:\/\/investnews.com.br\/inv-api\/wp\/v2\/coauthors?post=243675"}],"curies":[{"name":"wp","href":"https:\/\/api.w.org\/{rel}","templated":true}]}}