{"id":244687,"date":"2021-05-03T08:04:16","date_gmt":"2021-05-03T11:04:16","guid":{"rendered":"https:\/\/investnews.com.br\/?p=244687"},"modified":"2024-06-26T12:10:07","modified_gmt":"2024-06-26T15:10:07","slug":"5-fatos-para-hoje-5g-no-brasil-e-crise-no-mercosul","status":"publish","type":"post","link":"https:\/\/investnews.com.br\/economia\/5-fatos-para-hoje-5g-no-brasil-e-crise-no-mercosul\/","title":{"rendered":"5 fatos para hoje: fila de leil\u00f5es no BNDES, 5G no Brasil e crise no Mercosul"},"content":{"rendered":"\n<h2 class=\"wp-block-heading\">1- Maior leil\u00e3o da hist\u00f3ria trar\u00e1 o 5G ao Brasil<\/h2>\n\n\n\n<p>A tecnologia 5G dever\u00e1 chegar ao Brasil at\u00e9 o fim do ano.&nbsp;\u201cN\u00e3o se trata de mais um G e sim de um guarda-chuva que envolve e<a href=\"https:\/\/investnews.com.br\/investnews-entrevista\/5g-permitira-desenvolver-muitos-modelos-de-negocios-diz-ceo-da-tim\/\" class=\"rank-math-link\"> potencializa outras tecnologias<\/a>\u201d, afirma o presidente da Ag\u00eancia Nacional de Telecomunica\u00e7\u00f5es (Anatel), Leonardo Euler de Moraes,&nbsp;em entrevista ao programa&nbsp;&#8220;Brasil em Pauta&#8221;.<\/p>\n\n\n\n<p>De acordo com Moraes, a tecnologia 5G ser\u00e1 a <strong>catalisadora de outras tecnologias <\/strong>como <a href=\"https:\/\/investnews.com.br\/guias\/inteligencia-artificial\/\">intelig\u00eancia artificial<\/a>, rob\u00f3tica, intelig\u00eancia mista e aumentada. Tudo gra\u00e7as \u00e0&nbsp;sua <strong>baixa&nbsp;lat\u00eancia<\/strong>, que \u00e9 o tempo que os dados demoram para trafegar. \u201cNo caso do 5G, esse tempo \u00e9 menor do que um piscar de olhos\u201d.<\/p>\n\n\n\n<p>O edital do leil\u00e3o 5G est\u00e1 no Tribunal de Contas da Uni\u00e3o (TCU) para an\u00e1lise e deve ser lan\u00e7ado at\u00e9 o fim deste ano. \u201cVamos liberar a outorga do direito de uso da frequ\u00eancia, que s\u00e3o essas vias por onde os sinais trafegam\u201d, diz o presidente da Anatel.<\/p>\n\n\n\n<p>Segundo ele,&nbsp;esse n\u00e3o ser\u00e1 um leil\u00e3o arrecadat\u00f3rio. Isso porque al\u00e9m da implanta\u00e7\u00e3o do 5G, as empresas&nbsp;ter\u00e3o<strong> compromissos de investimentos<\/strong> como a cobertura de internet em estradas brasileiras e em localidades que ainda n\u00e3o contam com internet nenhuma. \u201cEspera-se que, em 20 anos, sejam de mais de&nbsp;&nbsp;R$ 40 bilh\u00f5es em investimentos\u201d, diz.<\/p>\n\n\n\n<h2 class=\"wp-block-heading\">2- BNDES tem na fila mais cinco leil\u00f5es de saneamento<\/h2>\n\n\n\n<p>Cinco novos leil\u00f5es do setor de saneamento est\u00e3o na fila do Banco Nacional de Desenvolvimento Econ\u00f4mico e Social (BNDES) para serem <strong>realizados at\u00e9 o primeiro semestre do ano que vem<\/strong>. No total, s\u00e3o<strong> R$ 17 bilh\u00f5es de investimentos <\/strong>para universalizar e modernizar os servi\u00e7os de \u00e1gua e esgoto para 10,4 milh\u00f5es de pessoas.<\/p>\n\n\n\n<p>Cada licita\u00e7\u00e3o vai seguir um modelo diferente, dependendo da \u00e1rea. Algumas ser\u00e3o feitas por meio de concess\u00e3o plena, que inclui produ\u00e7\u00e3o e distribui\u00e7\u00e3o de \u00e1gua e esgoto, outras ser\u00e3o feitas por meio de Parcerias P\u00fablico-Privadas (PPP) de esgoto ou a concess\u00e3o apenas da distribui\u00e7\u00e3o &#8211; como foi o caso da Cedae, leiloada ontem, na B3, e considerada um sucesso pelos especialistas.<\/p>\n\n\n\n<p>Pelo cronograma do BNDES, tr\u00eas leil\u00f5es devem ocorrer ainda neste ano, no segundo semestre: Amap\u00e1 (R$ 3 bilh\u00f5es de investimentos), Porto Alegre (R$ 2,17 bilh\u00f5es) e Rio Grande do Sul (R$ 3 bilh\u00f5es). Alagoas e Cear\u00e1 ficam para o pr\u00f3ximo ano. O Estado de Minas Gerais tamb\u00e9m iniciou o processo de estudo com o banco de fomento, mas ainda n\u00e3o tem previs\u00e3o para leil\u00e3o.<\/p>\n\n\n\n<p>O banco est\u00e1 em negocia\u00e7\u00f5es ainda para fazer a modelagem dos Estados da Para\u00edba, Pernambuco e Rond\u00f4nia. &#8220;N\u00e3o vai faltar investimento no setor&#8221;, diz o chefe do Departamento de Desestatiza\u00e7\u00e3o e Estrutura\u00e7\u00e3o de Projetos do BNDES, Guilherme Albuquerque. Segundo ele, os governadores precisam de bons exemplos, como foi Macei\u00f3 e Cedae, para aderir \u00e0s concess\u00f5es.<\/p>\n\n\n\n<h2 class=\"wp-block-heading\">3- Governo avalia novo modelo de aluguel social <\/h2>\n\n\n\n<p>O Minist\u00e9rio do Desenvolvimento Regional (MDR) quer tirar do papel no segundo semestre deste ano um projeto piloto de <strong>parceria p\u00fablico-privada de aluguel social<\/strong>, disse ao &#8220;Estad\u00e3o\/Broadcast&#8221; o secret\u00e1rio de Habita\u00e7\u00e3o, Alfredo Santos.<\/p>\n\n\n\n<p>A ideia \u00e9 desonerar o or\u00e7amento das fam\u00edlias de baixa renda e, ao mesmo tempo, permitir a opera\u00e7\u00e3o privada do empreendimento, inclusive com manuten\u00e7\u00f5es peri\u00f3dicas no im\u00f3vel, evitando problemas hoje recorrentes de deteriora\u00e7\u00e3o em residenciais do Minha Casa Minha Vida.<\/p>\n\n\n\n<p>A iniciativa j\u00e1 foi qualificada no Programa de Parcerias de Investimentos (PPI) e entra agora em fase de estrutura\u00e7\u00e3o do modelo. Uma op\u00e7\u00e3o \u00e9 combinar contrapartidas federais ou locais, como terreno e parte do investimento, na fase de constru\u00e7\u00e3o das moradias voltadas ao aluguel social com o capital do governo local para financiar a opera\u00e7\u00e3o realizada pela empresa &#8211; que ficaria respons\u00e1vel por administrar o empreendimento pelo per\u00edodo do contrato.<\/p>\n\n\n\n<p>Segundo Santos, a participa\u00e7\u00e3o do governo federal com recursos para as obras vai depender de fatores como <strong>disponibilidade de or\u00e7amento<\/strong> e real necessidade dessa contribui\u00e7\u00e3o para reduzir o pre\u00e7o final do aluguel social, adequando o valor \u00e0 capacidade de pagamento das fam\u00edlias. Na pr\u00e1tica, quanto maior for o investimento a cargo da empresa, maior ser\u00e1 a sua remunera\u00e7\u00e3o, o que poderia onerar os benefici\u00e1rios, o gestor local ou at\u00e9 inviabilizar o projeto.<\/p>\n\n\n\n<p>O governo, por\u00e9m, j\u00e1 tem enfrentado limita\u00e7\u00f5es no or\u00e7amento e, em 2021, teve zerada a verba para constru\u00e7\u00e3o de casas cujas obras j\u00e1 estavam em andamento. At\u00e9 o momento, o corte n\u00e3o afeta os estudos da pasta sobre aluguel social.<\/p>\n\n\n\n<h2 class=\"wp-block-heading\">4- Mercosul passa por crise e futuro \u00e9 incerto <\/h2>\n\n\n\n<p>Era para ser um ano de festa. Brasil, Argentina, Uruguai e Paraguai completaram em mar\u00e7o 30 anos da cria\u00e7\u00e3o do Mercado Comum do Sul (Mercosul), que juntou os quatro pa\u00edses em uma uni\u00e3o aduaneira e de livre-com\u00e9rcio. As &#8220;bodas de p\u00e9rola&#8221;, por\u00e9m, foram celebradas com crise, <strong>press\u00e3o por mudan\u00e7as e d\u00favidas em rela\u00e7\u00e3o ao futuro do bloco<\/strong>.<\/p>\n\n\n\n<p>&#8220;O com\u00e9rcio do Mercosul cresceu 500% de 1991 at\u00e9 2000, quando houve crise cambial no Brasil e uma enorme crise econ\u00f4mica na Argentina. Temos de reconhecer que, nos \u00faltimos 20 anos, por\u00e9m, o Mercosul esteve em relativa estagna\u00e7\u00e3o&#8221;, afirma o consultor e ex-secret\u00e1rio de Com\u00e9rcio Exterior Welber Barral.<\/p>\n\n\n\n<p>Para Barral, os momentos em que o grupo teve maior evolu\u00e7\u00e3o foram quando os governos, principalmente de Brasil e Argentina, gozaram de boa rela\u00e7\u00e3o &#8211; como, por exemplo, entre o governo Michel Temer, no Brasil, e Maur\u00edcio Macri, na Argentina, o que impulsionou a discuss\u00e3o do acordo entre o bloco e a Uni\u00e3o Europeia (UE), fechado j\u00e1 no in\u00edcio do governo Jair Bolsonaro. &#8220;Estamos com as duas quest\u00f5es negativas agora, <strong>na rela\u00e7\u00e3o entre os governos e no crescimento<\/strong>&#8220;, afirma.<\/p>\n\n\n\n<p>Apesar de o ministro da Economia, Paulo Guedes, j\u00e1 ter dito que o Mercosul &#8220;n\u00e3o era uma prioridade&#8221;, a rela\u00e7\u00e3o dentro do bloco &#8220;azedou&#8221; depois de os liberais brasileiros verem Alberto Fern\u00e1ndez assumir o governo da segunda maior economia do grupo com uma pol\u00edtica econ\u00f4mica oposta. Desde ent\u00e3o, houve bate-boca entre o presidente argentino e uruguaio na c\u00fapula de mar\u00e7o e <strong>trocas de farpas<\/strong> entre Guedes e o ministro da Economia da Argentina, Mart\u00edn Guzm\u00e1n, na segunda-feira (26). &#8220;N\u00e3o \u00e9 s\u00f3 uma quest\u00e3o ideol\u00f3gica. A Argentina hoje tem uma crise de d\u00edvida externa&#8221;, explica Barral.<\/p>\n\n\n\n<p>A estrat\u00e9gia dos brasileiros agora \u00e9 convencer os vizinhos a aceitarem que cada pa\u00eds adira \u00e0s mudan\u00e7as &#8220;quando e se&#8221; quiserem. &#8220;O ministro chegou a mencionar que, se quiserem daqui a quatro anos acompanhar o Brasil, os argentinos s\u00e3o bem-vindos&#8221;, disse o secret\u00e1rio de Com\u00e9rcio Exterior do Minist\u00e9rio da Economia, Roberto Fendt.<\/p>\n\n\n\n<h2 class=\"wp-block-heading\">5-  Gestora Truxt foi a respons\u00e1vel pela alta da Boa Safra na estreia na Bolsa <\/h2>\n\n\n\n<p>Em comunicado ao mercado divulgado hoje, a novata Boa Safra Sementes &#8211; que <a href=\"https:\/\/investnews.com.br\/boletim-investnews\/ibovespa-segura-os-120-mil-e-mais-estreias-de-caixa-seguridade-e-boa-sofra\/\" class=\"rank-math-link\">estreou na Bolsa de valores brasileira (B3)<\/a> em 29 de abril &#8211; informou que a gestora Truxt Investimentos alcan\u00e7ou <strong>participa\u00e7\u00e3o de 6,75% do total de <a href=\"https:\/\/investnews.com.br\/guias\/acoes-ordinarias-e-preferenciais-entenda\/\">a\u00e7\u00f5es ordin\u00e1rias<\/a> <\/strong>(ON) da companhia.<\/p>\n\n\n\n<p>&#8220;Os fundos ou carteiras de investimentos geridos pela Truxt adquiriram a\u00e7\u00f5es ordin\u00e1rias de emiss\u00e3o da companhia, passando a deter em conjunto, naquela data (29\/04), um total de 7,5 milh\u00f5es de a\u00e7\u00f5es de mesma classe (<a href=\"https:\/\/investnews.com.br\/cotacao\/soja3-boa-safra\/\" class=\"rank-math-link\">SOJA3<\/a>)&#8221;, informou o comunicado \u00e0 CVM.<\/p>\n\n\n\n<p>Isso explica a movimenta\u00e7\u00e3o expressiva do papel da Boa Safra no dia 29 de abril \u00faltimo, quando <strong>o papel valorizou 46,46% na estreia<\/strong> na B3, a maior alta do mercado naquele dia.<\/p>\n\n\n\n<p>O comunicado completa que a Truxt tem &#8220;por objetivo investimento e n\u00e3o visa alterar a composi\u00e7\u00e3o do controle ou a estrutura administrativa da companhia&#8221;, informou a Boa Safra.<\/p>\n\n\n\n<p><em>*Com Estad\u00e3o Conte\u00fado e Ag\u00eancia Brasil<\/em><\/p>\n","protected":false},"excerpt":{"rendered":"<p>O edital do leil\u00e3o 5G est\u00e1 no Tribunal de Contas da Uni\u00e3o (TCU) para an\u00e1lise e deve ser lan\u00e7ado at\u00e9 o fim deste ano.<\/p>\n","protected":false},"author":7,"featured_media":938,"comment_status":"closed","ping_status":"open","sticky":false,"template":"","format":"standard","meta":{"_acf_changed":false,"inline_featured_image":false,"footnotes":""},"categories":[5],"tags":[1435,307,2249],"autor-wsj":[],"coauthors":[1494],"class_list":["post-244687","post","type-post","status-publish","format-standard","has-post-thumbnail","hentry","category-economia","tag-5g","tag-bndespar","tag-mercosul"],"acf":[],"amp_enabled":true,"_links":{"self":[{"href":"https:\/\/investnews.com.br\/inv-api\/wp\/v2\/posts\/244687","targetHints":{"allow":["GET"]}}],"collection":[{"href":"https:\/\/investnews.com.br\/inv-api\/wp\/v2\/posts"}],"about":[{"href":"https:\/\/investnews.com.br\/inv-api\/wp\/v2\/types\/post"}],"author":[{"embeddable":true,"href":"https:\/\/investnews.com.br\/inv-api\/wp\/v2\/users\/7"}],"replies":[{"embeddable":true,"href":"https:\/\/investnews.com.br\/inv-api\/wp\/v2\/comments?post=244687"}],"version-history":[{"count":13,"href":"https:\/\/investnews.com.br\/inv-api\/wp\/v2\/posts\/244687\/revisions"}],"predecessor-version":[{"id":244730,"href":"https:\/\/investnews.com.br\/inv-api\/wp\/v2\/posts\/244687\/revisions\/244730"}],"wp:featuredmedia":[{"embeddable":true,"href":"https:\/\/investnews.com.br\/inv-api\/wp\/v2\/media\/938"}],"wp:attachment":[{"href":"https:\/\/investnews.com.br\/inv-api\/wp\/v2\/media?parent=244687"}],"wp:term":[{"taxonomy":"category","embeddable":true,"href":"https:\/\/investnews.com.br\/inv-api\/wp\/v2\/categories?post=244687"},{"taxonomy":"post_tag","embeddable":true,"href":"https:\/\/investnews.com.br\/inv-api\/wp\/v2\/tags?post=244687"},{"taxonomy":"autor-wsj","embeddable":true,"href":"https:\/\/investnews.com.br\/inv-api\/wp\/v2\/autor-wsj?post=244687"},{"taxonomy":"author","embeddable":true,"href":"https:\/\/investnews.com.br\/inv-api\/wp\/v2\/coauthors?post=244687"}],"curies":[{"name":"wp","href":"https:\/\/api.w.org\/{rel}","templated":true}]}}