{"id":244918,"date":"2021-05-03T18:17:32","date_gmt":"2021-05-03T21:17:32","guid":{"rendered":"https:\/\/investnews.com.br\/?p=244918"},"modified":"2025-09-01T09:05:37","modified_gmt":"2025-09-01T12:05:37","slug":"balanca-comercial-brasileira-tem-superavit-recorde-de-us-103-bi-em-abril","status":"publish","type":"post","link":"https:\/\/investnews.com.br\/economia\/balanca-comercial-brasileira-tem-superavit-recorde-de-us-103-bi-em-abril\/","title":{"rendered":"Balan\u00e7a comercial brasileira tem super\u00e1vit recorde de US$ 10,3 bi em abril"},"content":{"rendered":"\n<p>A balan\u00e7a comercial brasileira registrou super\u00e1vit de US$ 10,349 bilh\u00f5es em abril, <strong>maior saldo para todos os meses da s\u00e9rie do governo,<\/strong> impulsionada principalmente por uma concentra\u00e7\u00e3o de <strong>exporta\u00e7\u00f5es de soja<\/strong>, que atingiu volume recorde, e pela <strong>alta dos pre\u00e7os de <a href=\"https:\/\/investnews.com.br\/guias\/commodities-o-que-sao\/\">commodities<\/a> como min\u00e9rio de ferro e petr\u00f3leo.<\/strong><\/p>\n\n\n\n<p>No m\u00eas, as exporta\u00e7\u00f5es totais do pa\u00eds somaram US$ 26,481 bilh\u00f5es, um salto de 50,5% sobre abril do ano passado na compara\u00e7\u00e3o pela m\u00e9dia di\u00e1ria, e superando o recorde anterior, de agosto de 2011 (US$ 26,076 bilh\u00f5es), informou o Minist\u00e9rio da Economia nesta segunda-feira (3).<\/p>\n\n\n\n<p>As exporta\u00e7\u00f5es de soja aumentaram 43% no per\u00edodo e responderam por 27% das vendas totais do pa\u00eds ao exterior em abril. Os fortes embarques do gr\u00e3o em mar\u00e7o e abril ocorreram ap\u00f3s um atraso da safra recorde, que reduziu a exporta\u00e7\u00e3o brasileira no in\u00edcio da temporada e preocupou o mercado global. O Brasil \u00e9 o maior exportador mundial de soja.<\/p>\n\n\n\n<p>J\u00e1 o valor das exporta\u00e7\u00f5es de min\u00e9rio de ferro e seus concentrados tiveram alta de 106% sobre a m\u00e9dia di\u00e1ria de abril do ano passado, impactados por uma alta dos pre\u00e7os.<\/p>\n\n\n\n<p>Em entrevista \u00e0 imprensa para comentar os dados da balan\u00e7a comercial, o subsecret\u00e1rio de Intelig\u00eancia e Estat\u00edstica de Com\u00e9rcio Exterior do minist\u00e9rio, Herlon Brand\u00e3o, chamou aten\u00e7\u00e3o para o aumento da demanda global.<\/p>\n\n\n\n<p>&#8220;Os pa\u00edses asi\u00e1ticos (est\u00e3o) em recupera\u00e7\u00e3o e outros parceiros econ\u00f4micos do Brasil importantes, que demandam produtos, como Estados Unidos, Argentina, Uni\u00e3o Europeia. Ent\u00e3o,<strong> \u00e9 natural que, em um contexto de recupera\u00e7\u00e3o econ\u00f4mica internacional, haja uma demanda crescente<\/strong>&#8220;, pontuou.<\/p>\n\n\n\n<p>As importa\u00e7\u00f5es foram de US$ 16,132 bilh\u00f5es no m\u00eas passado, com alta de 41,1% pela m\u00e9dia di\u00e1ria em compara\u00e7\u00e3o ao mesmo per\u00edodo de 2020. Brand\u00e3o classificou como &#8220;natural&#8221; a maior demanda por bens importados em um momento de recupera\u00e7\u00e3o da economia.<\/p>\n\n\n\n<p>No per\u00edodo, registrou-se aumento de 1,6% na importa\u00e7\u00e3o de bens agropecu\u00e1rios, 35,5% da ind\u00fastria extrativa e 42,6% em produtos da ind\u00fastria de transforma\u00e7\u00e3o.<\/p>\n\n\n\n<p>O super\u00e1vit comercial, ainda que recorde da s\u00e9rie do governo que tem in\u00edcio em 1997, veio abaixo do estimado em pesquisa da Reuters com economistas, que apontava para um saldo de US$ 11,404 bilh\u00f5es para o per\u00edodo.<\/p>\n\n\n\n<p><strong>No acumulado do ano, a balan\u00e7a comercial registra super\u00e1vit de US$ 18,257 bilh\u00f5es, ante US$ 8,955 bilh\u00f5es de janeiro a abril de 2020.<\/strong> Em abril do ano passado, a balan\u00e7a teve super\u00e1vit comercial de US$ 6,163 bilh\u00f5es.<\/p>\n\n\n\n<p>Segundo Brand\u00e3o, a proje\u00e7\u00e3o para o super\u00e1vit comercial recorde para este ano, de US$ 89,4 bilh\u00f5es, permanece, com a previs\u00e3o j\u00e1 tendo incorporado a revis\u00e3o de metodologia para as estat\u00edsticas da balan\u00e7a comercial.<\/p>\n","protected":false},"excerpt":{"rendered":"<p>Resultado foi impactado pelas exporta\u00e7\u00f5es de soja e pela alta de commodities como min\u00e9rio e petr\u00f3leo.<\/p>\n","protected":false},"author":7,"featured_media":244925,"comment_status":"closed","ping_status":"open","sticky":false,"template":"","format":"standard","meta":{"_acf_changed":false,"inline_featured_image":false,"footnotes":""},"categories":[5],"tags":[110445,704,666,221,667],"autor-wsj":[],"coauthors":[1494],"class_list":["post-244918","post","type-post","status-publish","format-standard","has-post-thumbnail","hentry","category-economia","tag-balanca-comercial","tag-comercio-exterior","tag-commodities","tag-petroleo","tag-soja"],"acf":[],"amp_enabled":true,"_links":{"self":[{"href":"https:\/\/investnews.com.br\/inv-api\/wp\/v2\/posts\/244918","targetHints":{"allow":["GET"]}}],"collection":[{"href":"https:\/\/investnews.com.br\/inv-api\/wp\/v2\/posts"}],"about":[{"href":"https:\/\/investnews.com.br\/inv-api\/wp\/v2\/types\/post"}],"author":[{"embeddable":true,"href":"https:\/\/investnews.com.br\/inv-api\/wp\/v2\/users\/7"}],"replies":[{"embeddable":true,"href":"https:\/\/investnews.com.br\/inv-api\/wp\/v2\/comments?post=244918"}],"version-history":[{"count":2,"href":"https:\/\/investnews.com.br\/inv-api\/wp\/v2\/posts\/244918\/revisions"}],"predecessor-version":[{"id":244927,"href":"https:\/\/investnews.com.br\/inv-api\/wp\/v2\/posts\/244918\/revisions\/244927"}],"wp:featuredmedia":[{"embeddable":true,"href":"https:\/\/investnews.com.br\/inv-api\/wp\/v2\/media\/244925"}],"wp:attachment":[{"href":"https:\/\/investnews.com.br\/inv-api\/wp\/v2\/media?parent=244918"}],"wp:term":[{"taxonomy":"category","embeddable":true,"href":"https:\/\/investnews.com.br\/inv-api\/wp\/v2\/categories?post=244918"},{"taxonomy":"post_tag","embeddable":true,"href":"https:\/\/investnews.com.br\/inv-api\/wp\/v2\/tags?post=244918"},{"taxonomy":"autor-wsj","embeddable":true,"href":"https:\/\/investnews.com.br\/inv-api\/wp\/v2\/autor-wsj?post=244918"},{"taxonomy":"author","embeddable":true,"href":"https:\/\/investnews.com.br\/inv-api\/wp\/v2\/coauthors?post=244918"}],"curies":[{"name":"wp","href":"https:\/\/api.w.org\/{rel}","templated":true}]}}