{"id":245442,"date":"2021-05-04T21:37:30","date_gmt":"2021-05-05T00:37:30","guid":{"rendered":"https:\/\/investnews.com.br\/?p=245442"},"modified":"2021-05-05T07:24:16","modified_gmt":"2021-05-05T10:24:16","slug":"lira-anuncia-encerramento-de-comissao-da-reforma-tributaria","status":"publish","type":"post","link":"https:\/\/investnews.com.br\/economia\/lira-anuncia-encerramento-de-comissao-da-reforma-tributaria\/","title":{"rendered":"Lira anuncia encerramento de comiss\u00e3o da reforma tribut\u00e1ria"},"content":{"rendered":"\n<p>O presidente da C\u00e2mara, <strong>Arthur Lira<\/strong> (PP-AL), anunciou nesta ter\u00e7a-feira (4) o <strong>encerramento da comiss\u00e3o mista da reforma tribut\u00e1ria<\/strong> por recomenda\u00e7\u00e3o de parecer t\u00e9cnico devido ao t\u00e9rmino de prazo regimental, mas prometeu buscar a melhor forma de aprovar a reformula\u00e7\u00e3o poss\u00edvel do sistema de tributos e impostos do pa\u00eds no prazo mais r\u00e1pido.<\/p>\n\n\n\n<p>&#8220;A quest\u00e3o de sustar a comiss\u00e3o mista da reforma tribut\u00e1ria foi baseada justamente em um parecer t\u00e9cnico. At\u00e9 pela extrema delicadeza do tema, tudo tem que ser feito desde o in\u00edcio absolutamente dentro da lei e do regimento para evitar qualquer tipo de contesta\u00e7\u00e3o judicial futura. O objetivo, na realidade, \u00e9 de preservar a tramita\u00e7\u00e3o da reforma tribut\u00e1ria no Congresso Nacional&#8221;, disse Lira em pronunciamento transmitido pela TV C\u00e2mara.<\/p>\n\n\n\n<p><strong>O an\u00fancio de Lira ocorreu pouco ap\u00f3s o relator da proposta na comiss\u00e3o mista, Aguinaldo Ribeiro (PP-PB), ler o seu parecer no colegiado<\/strong> formado por deputados e senadores com a inten\u00e7\u00e3o de produzir um texto de consenso entre as duas Casas do Congresso para facilitar e acelerar sua posterior aprova\u00e7\u00e3o.<\/p>\n\n\n\n<p><strong>Em seu texto, o relator manteve a unifica\u00e7\u00e3o de tributos federais, estaduais e municipais, <\/strong>com uma legisla\u00e7\u00e3o \u00fanica e nacional, e <strong>adotando o princ\u00edpio do destino, em que a arrecada\u00e7\u00e3o de imposto ocorre no local onde o bem ou o servi\u00e7o \u00e9 consumido.<\/strong><\/p>\n\n\n\n<p>Lira, que vem declarando estar pessoalmente envolvido nas articula\u00e7\u00f5es da reforma, defende que a proposta seja votada por partes, iniciando pelos temas com maior facilidade de aprova\u00e7\u00e3o.<\/p>\n\n\n\n<p>O relat\u00f3rio de Aguinaldo Ribeiro foi apresentado como preliminar, uma vez que parlamentares ainda poderiam fazer sugest\u00f5es antes da apresenta\u00e7\u00e3o da vers\u00e3o final na pr\u00f3xima semana. Lira pontuou, no entanto, que n\u00e3o seria conveniente que o texto voltasse para uma comiss\u00e3o &#8220;que regimentalmente n\u00e3o mais existe&#8221;.<\/p>\n\n\n\n<p>De acordo com o parecer t\u00e9cnico, a comiss\u00e3o mista havia ultrapassado o limite m\u00e1ximo de sess\u00f5es que poderia ter, e por isso n\u00e3o poderia mais existir.<\/p>\n\n\n\n<p>Segundo Lira, no entanto, pontos do parecer do relator ser\u00e3o aproveitados no relat\u00f3rio final.<\/p>\n\n\n\n<p>&#8220;N\u00f3s partiremos de um conjunto de reflex\u00f5es j\u00e1 avan\u00e7adas. Nada se desperdi\u00e7a no Congresso Nacional, e o relat\u00f3rio final da reforma tribut\u00e1ria sem d\u00favida ir\u00e1 incorporar alguns pontos do relat\u00f3rio do Aguinaldo, n\u00e3o tenho d\u00favida disso, se n\u00e3o uma grande parte&#8221;, afirmou.<\/p>\n\n\n\n<p>&#8220;N\u00f3s trouxemos o texto para o plen\u00e1rio da Casa e a partir de reuni\u00e3o com l\u00edderes, com o relator, com os senadores que vamos conversar, haveremos de encontrar uma sa\u00edda r\u00e1pida, que d\u00ea uma seguran\u00e7a jur\u00eddica e que traga o melhor texto poss\u00edvel, se \u00e9 votando o texto completo sobre consumo, sobre renda, se \u00e9 fatiado, o que for mais conveniente&#8221;, acrescentou.<\/p>\n","protected":false},"excerpt":{"rendered":"<p>Mesmo assim, presidente da C\u00e2mara prometeu aprova\u00e7\u00e3o o mais r\u00e1pido poss\u00edvel.<\/p>\n","protected":false},"author":7,"featured_media":245443,"comment_status":"closed","ping_status":"open","sticky":false,"template":"","format":"standard","meta":{"_acf_changed":false,"inline_featured_image":false,"footnotes":""},"categories":[5],"tags":[2346,432],"autor-wsj":[],"coauthors":[1494],"class_list":["post-245442","post","type-post","status-publish","format-standard","has-post-thumbnail","hentry","category-economia","tag-arthur-lira","tag-reforma-tributaria"],"acf":[],"amp_enabled":true,"_links":{"self":[{"href":"https:\/\/investnews.com.br\/inv-api\/wp\/v2\/posts\/245442","targetHints":{"allow":["GET"]}}],"collection":[{"href":"https:\/\/investnews.com.br\/inv-api\/wp\/v2\/posts"}],"about":[{"href":"https:\/\/investnews.com.br\/inv-api\/wp\/v2\/types\/post"}],"author":[{"embeddable":true,"href":"https:\/\/investnews.com.br\/inv-api\/wp\/v2\/users\/7"}],"replies":[{"embeddable":true,"href":"https:\/\/investnews.com.br\/inv-api\/wp\/v2\/comments?post=245442"}],"version-history":[{"count":4,"href":"https:\/\/investnews.com.br\/inv-api\/wp\/v2\/posts\/245442\/revisions"}],"predecessor-version":[{"id":245458,"href":"https:\/\/investnews.com.br\/inv-api\/wp\/v2\/posts\/245442\/revisions\/245458"}],"wp:featuredmedia":[{"embeddable":true,"href":"https:\/\/investnews.com.br\/inv-api\/wp\/v2\/media\/245443"}],"wp:attachment":[{"href":"https:\/\/investnews.com.br\/inv-api\/wp\/v2\/media?parent=245442"}],"wp:term":[{"taxonomy":"category","embeddable":true,"href":"https:\/\/investnews.com.br\/inv-api\/wp\/v2\/categories?post=245442"},{"taxonomy":"post_tag","embeddable":true,"href":"https:\/\/investnews.com.br\/inv-api\/wp\/v2\/tags?post=245442"},{"taxonomy":"autor-wsj","embeddable":true,"href":"https:\/\/investnews.com.br\/inv-api\/wp\/v2\/autor-wsj?post=245442"},{"taxonomy":"author","embeddable":true,"href":"https:\/\/investnews.com.br\/inv-api\/wp\/v2\/coauthors?post=245442"}],"curies":[{"name":"wp","href":"https:\/\/api.w.org\/{rel}","templated":true}]}}