{"id":245932,"date":"2021-05-06T14:09:16","date_gmt":"2021-05-06T17:09:16","guid":{"rendered":"https:\/\/investnews.com.br\/?p=245932"},"modified":"2021-05-06T14:09:18","modified_gmt":"2021-05-06T17:09:18","slug":"azul-tem-prejuizo-de-r-28-bilhoes-no-1o-trimestre","status":"publish","type":"post","link":"https:\/\/investnews.com.br\/negocios\/azul-tem-prejuizo-de-r-28-bilhoes-no-1o-trimestre\/","title":{"rendered":"Azul tem preju\u00edzo de R$ 2,8 bilh\u00f5es no 1\u00ba trimestre"},"content":{"rendered":"\n<p>A Azul (<a href=\"https:\/\/investnews.com.br\/cotacao\/azul4-azul\/\" class=\"rank-math-link\">AZUL4<\/a>) reportou nesta quinta-feira preju\u00edzo l\u00edquido de R$ 2,8 bilh\u00f5es nos primeiros tr\u00eas meses do ano, <strong>reduzindo fortemente a perda em rela\u00e7\u00e3o ao trimestre anterior, mas ainda mostrando um salto frente ao resultado negativo de R$ 317 milh\u00f5es um ano antes<\/strong>, com a empresa a\u00e9rea ainda afetada pela pandemia de covid-19.<\/p>\n\n\n\n<p>&#8220;O Brasil claramente foi impactado pela segunda onda da pandemia do covid-19, mas continuamos vendo progresso no esfor\u00e7o de vacina\u00e7\u00e3o&#8221;, afirmou a Azul no material do balan\u00e7o.<\/p>\n\n\n\n<p>&#8220;Diversos estados e munic\u00edpios est\u00e3o reduzindo suas medidas de restri\u00e7\u00e3o, o que j\u00e1 afetou positivamente as recentes tend\u00eancias de reservas. Somente nos \u00faltimos quatro meses, o volume de reservas aumentou mais de 40% e esperamos que essa tend\u00eancia acelere com o avan\u00e7o da vacina\u00e7\u00e3o.&#8221;<\/p>\n","protected":false},"excerpt":{"rendered":"<p>Empresa no entanto reduziu fortemente a perda em rela\u00e7\u00e3o ao trimestre anterior.<\/p>\n","protected":false},"author":7,"featured_media":245933,"comment_status":"closed","ping_status":"open","sticky":false,"template":"","format":"standard","meta":{"_acf_changed":false,"inline_featured_image":false,"footnotes":""},"categories":[6],"tags":[792,154,1155],"autor-wsj":[],"coauthors":[1494],"class_list":["post-245932","post","type-post","status-publish","format-standard","has-post-thumbnail","hentry","category-negocios","tag-aviacao","tag-azul","tag-setor-aereo"],"acf":[],"amp_enabled":true,"_links":{"self":[{"href":"https:\/\/investnews.com.br\/inv-api\/wp\/v2\/posts\/245932","targetHints":{"allow":["GET"]}}],"collection":[{"href":"https:\/\/investnews.com.br\/inv-api\/wp\/v2\/posts"}],"about":[{"href":"https:\/\/investnews.com.br\/inv-api\/wp\/v2\/types\/post"}],"author":[{"embeddable":true,"href":"https:\/\/investnews.com.br\/inv-api\/wp\/v2\/users\/7"}],"replies":[{"embeddable":true,"href":"https:\/\/investnews.com.br\/inv-api\/wp\/v2\/comments?post=245932"}],"version-history":[{"count":2,"href":"https:\/\/investnews.com.br\/inv-api\/wp\/v2\/posts\/245932\/revisions"}],"predecessor-version":[{"id":245936,"href":"https:\/\/investnews.com.br\/inv-api\/wp\/v2\/posts\/245932\/revisions\/245936"}],"wp:featuredmedia":[{"embeddable":true,"href":"https:\/\/investnews.com.br\/inv-api\/wp\/v2\/media\/245933"}],"wp:attachment":[{"href":"https:\/\/investnews.com.br\/inv-api\/wp\/v2\/media?parent=245932"}],"wp:term":[{"taxonomy":"category","embeddable":true,"href":"https:\/\/investnews.com.br\/inv-api\/wp\/v2\/categories?post=245932"},{"taxonomy":"post_tag","embeddable":true,"href":"https:\/\/investnews.com.br\/inv-api\/wp\/v2\/tags?post=245932"},{"taxonomy":"autor-wsj","embeddable":true,"href":"https:\/\/investnews.com.br\/inv-api\/wp\/v2\/autor-wsj?post=245932"},{"taxonomy":"author","embeddable":true,"href":"https:\/\/investnews.com.br\/inv-api\/wp\/v2\/coauthors?post=245932"}],"curies":[{"name":"wp","href":"https:\/\/api.w.org\/{rel}","templated":true}]}}