{"id":246034,"date":"2021-05-06T17:46:16","date_gmt":"2021-05-06T20:46:16","guid":{"rendered":"https:\/\/investnews.com.br\/?p=246034"},"modified":"2021-05-06T17:54:24","modified_gmt":"2021-05-06T20:54:24","slug":"engie-brasil-preve-agravamento-do-risco-hidrologico-nos-proximos-meses-diz-cfo","status":"publish","type":"post","link":"https:\/\/investnews.com.br\/financas\/engie-brasil-preve-agravamento-do-risco-hidrologico-nos-proximos-meses-diz-cfo\/","title":{"rendered":"Engie Brasil prev\u00ea agravamento do risco hidrol\u00f3gico nos pr\u00f3ximos meses, diz CFO"},"content":{"rendered":"\n<p>A Engie Brasil Energia <a aria-label=\"(EGIE3) (opens in a new tab)\" href=\"https:\/\/investnews.com.br\/cotacao\/egie3-engie-brasil\/\" target=\"_blank\" rel=\"noreferrer noopener\" class=\"rank-math-link\">(EGIE3)<\/a>, da francesa Engie, prev\u00ea que o risco hidrol\u00f3gico vai se agravar ainda mais nos pr\u00f3ximos meses e se prepara para evitar impactos por meio de uma estrat\u00e9gia de gest\u00e3o de portf\u00f3lio, afirmou nesta quinta-feira (6) o diretor financeiro da companhia, Marcelo Malta.<\/p>\n\n\n\n<p>Para enfrentar o cen\u00e1rio, a Engie &#8211;<a href=\"https:\/\/investnews.com.br\/financas\/cesp-omega-geracao-ou-aes-tiete-compare-acoes-do-setor-de-energia\/\" target=\"_blank\" aria-label=\" maior geradora de energia privada do Brasil (opens in a new tab)\" rel=\"noreferrer noopener\" class=\"rank-math-link\"> maior geradora de energia privada do Brasil<\/a> &#8211; conta com a gera\u00e7\u00e3o do complexo termel\u00e9trico a carv\u00e3o Jorge Lacerda, em Santa Catarina, al\u00e9m de deixar parte de sua energia descontratada. Caso necess\u00e1rio, a empresa vai a mercado comprar energia, pontuou o executivo.<\/p>\n\n\n\n<p>&#8220;Essa hidrologia \u00e9 uma das piores da s\u00e9rie hist\u00f3rica, ent\u00e3o realmente a quest\u00e3o \u00e9 muito grave, isso requer um tremendo de um desafio para o nosso pessoal de gest\u00e3o de portf\u00f3lio&#8221;, afirmou Malta, durante apresenta\u00e7\u00e3o dos resultados do primeiro trimestre a analistas e investidores.<\/p>\n\n\n\n<p>&#8220;Nossa expectativa para os pr\u00f3ximos meses \u00e9 que o GSF (nome t\u00e9cnico para risco hidrol\u00f3gico) se agrave ainda mais&#8230; N\u00f3s temos bastante experi\u00eancia, capacidade de fazer proje\u00e7\u00f5es que a gente tem verificado muito pr\u00f3ximas da realidade e isso nos d\u00e1 tranquilidade de que conseguiremos fazer essa gest\u00e3o de forma adequada.&#8221;<\/p>\n\n\n\n<p>Malta pontuou que o complexo Jorge Lacerda, que tem funcionado como o &#8220;hedge&#8221; para GSF, est\u00e1 \u00e0 venda e que negocia\u00e7\u00f5es bilaterais com a Fram Capital, iniciadas em 25 de fevereiro, est\u00e3o avan\u00e7ando.<\/p>\n\n\n\n<p>Dessa forma, a empresa poder\u00e1 manter uma parcela maior de <a href=\"https:\/\/investnews.com.br\/economia\/governo-prepara-proposta-inicial-para-abertura-do-mercado-de-energia\/\" target=\"_blank\" aria-label=\"energia descontratada (opens in a new tab)\" rel=\"noreferrer noopener\" class=\"rank-math-link\">energia descontratada<\/a> para se proteger do cen\u00e1rio desafiador da hidrologia.<\/p>\n\n\n\n<p>&#8220;O que \u00e9 feito \u00e9 j\u00e1 prever uma parcela maior de energia descontratada. Ent\u00e3o \u00e9 poss\u00edvel tamb\u00e9m que a gente continue comprando energia caso o ativo seja vendido por um per\u00edodo de curto prazo, o que nos garante tamb\u00e9m esse &#8216;hedge&#8217; por mais algum tempo&#8221;, afirmou.<\/p>\n\n\n\n<p>A venda de Jorge Lacerda, de 857 MW, vem como uma estrat\u00e9gia de descarboniza\u00e7\u00e3o da companhia, destacou o gerente de Rela\u00e7\u00f5es com Investidores da Engie, Rafael B\u00f3sio.<\/p>\n\n\n\n<p>A t\u00e9rmica a carv\u00e3o Pampa Sul (345 MW), no Rio Grande do Sul, tamb\u00e9m foi colocada \u00e0 venda e teve inicialmente 12 interessados. A empresa est\u00e1 atualmente selecionando os potenciais compradores, segundo os executivos.<\/p>\n\n\n\n<p>Enquanto busca vender opera\u00e7\u00f5es de carv\u00e3o, a empresa incrementou nos \u00faltimos cinco anos entre 600-700 MW em capacidade e\u00f3lica e est\u00e1 agregando ainda mais 360 MW com o projeto em constru\u00e7\u00e3o Conjunto E\u00f3lico Campo Largo II, cujas opera\u00e7\u00f5es tiveram in\u00edcio no primeiro trimestre, disse B\u00f3sio.<\/p>\n\n\n\n<p>Outro importante projeto, o Conjunto E\u00f3lico Santo Agostinho, no Rio Grande do Norte, cujas obras est\u00e3o previstas para iniciar em junho, agregar\u00e1 434 MW e deve ser entregue em 2023.<\/p>\n\n\n\n<h2 class=\"wp-block-heading\">Indexadores<\/h2>\n\n\n\n<p>Malta tamb\u00e9m afirmou, durante a conversa com analistas, que poder\u00e1 <a href=\"https:\/\/investnews.com.br\/economia\/bandeira-tarifaria-deve-pressionar-conta-de-luz-ate-fim-do-ano-dizem-analistas\/\" target=\"_blank\" aria-label=\"pleitear junto \u00e0 reguladora Aneel substituir o IGP-M como indexador (opens in a new tab)\" rel=\"noreferrer noopener\" class=\"rank-math-link\">pleitear junto \u00e0 reguladora Aneel substituir o IGP-M como indexador<\/a> em contratos de venda de energia.<\/p>\n\n\n\n<p>&#8220;Por conta desse <a href=\"https:\/\/investnews.com.br\/flash\/igp-m-acumula-alta-de-3110-em-12-meses-ate-marco\/\" target=\"_blank\" aria-label=\"recente comportamento do IGP-M (opens in a new tab)\" rel=\"noreferrer noopener\" class=\"rank-math-link\">recente comportamento do IGP-M<\/a>, considerando que temos um saldo no nosso passivo de concess\u00f5es a pagar, a aplica\u00e7\u00e3o do <a href=\"https:\/\/investnews.com.br\/guias\/igp-m\/\">IGP-M<\/a> sobre esse saldo acaba gerando impacto significativo na nossa despesa financeira&#8221;, afirmou.<\/p>\n\n\n\n<p>&#8220;Como hoje n\u00e3o \u00e9 t\u00e3o comum vender energia indexada ao IGP-M, a gente est\u00e1 avaliando nesse momento a possibilidade de pleitear \u00e0 Aneel a troca do nosso indexador. A gente est\u00e1 fazendo algumas proje\u00e7\u00f5es para avaliar se esse \u00e9 o momento adequado de fazer essa troca, mas isso est\u00e1 previsto nas regras da Aneel. J\u00e1 fizemos isso no passado.&#8221;<\/p>\n","protected":false},"excerpt":{"rendered":"<p>Para enfrentar o cen\u00e1rio, a Engie conta com a gera\u00e7\u00e3o do complexo termel\u00e9trico a carv\u00e3o Jorge Lacerda, em Santa Catarina.<\/p>\n","protected":false},"author":7,"featured_media":246036,"comment_status":"closed","ping_status":"open","sticky":false,"template":"","format":"standard","meta":{"_acf_changed":false,"inline_featured_image":false,"footnotes":""},"categories":[4],"tags":[824],"autor-wsj":[],"coauthors":[1494],"class_list":["post-246034","post","type-post","status-publish","format-standard","has-post-thumbnail","hentry","category-financas","tag-energia"],"acf":[],"amp_enabled":true,"_links":{"self":[{"href":"https:\/\/investnews.com.br\/inv-api\/wp\/v2\/posts\/246034","targetHints":{"allow":["GET"]}}],"collection":[{"href":"https:\/\/investnews.com.br\/inv-api\/wp\/v2\/posts"}],"about":[{"href":"https:\/\/investnews.com.br\/inv-api\/wp\/v2\/types\/post"}],"author":[{"embeddable":true,"href":"https:\/\/investnews.com.br\/inv-api\/wp\/v2\/users\/7"}],"replies":[{"embeddable":true,"href":"https:\/\/investnews.com.br\/inv-api\/wp\/v2\/comments?post=246034"}],"version-history":[{"count":4,"href":"https:\/\/investnews.com.br\/inv-api\/wp\/v2\/posts\/246034\/revisions"}],"predecessor-version":[{"id":246040,"href":"https:\/\/investnews.com.br\/inv-api\/wp\/v2\/posts\/246034\/revisions\/246040"}],"wp:featuredmedia":[{"embeddable":true,"href":"https:\/\/investnews.com.br\/inv-api\/wp\/v2\/media\/246036"}],"wp:attachment":[{"href":"https:\/\/investnews.com.br\/inv-api\/wp\/v2\/media?parent=246034"}],"wp:term":[{"taxonomy":"category","embeddable":true,"href":"https:\/\/investnews.com.br\/inv-api\/wp\/v2\/categories?post=246034"},{"taxonomy":"post_tag","embeddable":true,"href":"https:\/\/investnews.com.br\/inv-api\/wp\/v2\/tags?post=246034"},{"taxonomy":"autor-wsj","embeddable":true,"href":"https:\/\/investnews.com.br\/inv-api\/wp\/v2\/autor-wsj?post=246034"},{"taxonomy":"author","embeddable":true,"href":"https:\/\/investnews.com.br\/inv-api\/wp\/v2\/coauthors?post=246034"}],"curies":[{"name":"wp","href":"https:\/\/api.w.org\/{rel}","templated":true}]}}