{"id":246041,"date":"2021-05-06T18:14:52","date_gmt":"2021-05-06T21:14:52","guid":{"rendered":"https:\/\/investnews.com.br\/?p=246041"},"modified":"2025-11-13T14:15:52","modified_gmt":"2025-11-13T17:15:52","slug":"apos-salto-da-receita-no-1o-tri-ambev-agora-mira-ampliar-margens","status":"publish","type":"post","link":"https:\/\/investnews.com.br\/financas\/apos-salto-da-receita-no-1o-tri-ambev-agora-mira-ampliar-margens\/","title":{"rendered":"Ap\u00f3s salto da receita no 1\u00ba tri, Ambev agora mira ampliar margens"},"content":{"rendered":"\n<p>Ampliar margens \u00e9 o pr\u00f3ximo alvo da <a href=\"https:\/\/Ambev.com.br\" target=\"_blank\" rel=\"noopener\">Ambev<\/a> <a aria-label=\"(ABEV3) (opens in a new tab)\" class=\"rank-math-link\" href=\"https:\/\/investnews.com.br\/cotacao\/abev3-ambev\/\" target=\"_blank\" rel=\"noreferrer noopener\">(ABEV3)<\/a> no Brasil, ap\u00f3s a fabricante de bebidas ter tido aumento surpreendente das receitas no primeiro trimestre.<\/p>\n\n\n\n<p>&#8220;Nossa meta agora \u00e9 com recupera\u00e7\u00e3o de margens&#8221;, disse o presidente-executivo da companhia, Jean Jereissati, durante teleconfer\u00eancia com analistas sobre os resultados do primeiro trimestre.<\/p>\n\n\n\n<p>Pela manh\u00e3, a cervejaria anunciou que <a href=\"https:\/\/investnews.com.br\/financas\/lucro-da-ambev-mais-do-que-dobra-no-1o-tri-e-atinge-r27-bi\/\" target=\"_blank\" aria-label=\"o lucro do per\u00edodo foi de R$ 2,73 bilh\u00f5es, mais do que dobro de um ano antes (opens in a new tab)\" rel=\"noreferrer noopener\" class=\"rank-math-link\">o lucro do per\u00edodo foi de R$ 2,73 bilh\u00f5es, mais do que dobro de um ano antes<\/a>, performance ajudada pelo aumento de 27,8% da <a href=\"https:\/\/investnews.com.br\/guias\/receita-liquida-o-que-e\/\">receita l\u00edquida<\/a> e de melhores resultados financeiros.<\/p>\n\n\n\n<p>Segundo Jereissati, a companhia deve enfrentar maiores press\u00f5es de custos neste segundo trimestre, em parte devido ao aumento de custos de insumos, mas esse cen\u00e1rio deve se estabilizar na segunda metade do ano.<\/p>\n\n\n\n<p>Ao discutir as perspectivas para o restante do ano, a Ambev sinalizou que os custos tamb\u00e9m podem crescer mais r\u00e1pido nos pr\u00f3ximos trimestres em meio ao aumento de b\u00f4nus pagos a executivos e maiores despesas de vendas.<\/p>\n\n\n\n<p>Por\u00e9m, previu que o <a href=\"https:\/\/investnews.com.br\/guias\/ebitda-o-que-e-como-calcular\/\">Ebitda<\/a> consolidado &#8220;deve melhorar para voltar aos n\u00edveis de 2019&#8221;.<\/p>\n\n\n\n<p>&#8220;Seguimos neutros nas avalia\u00e7\u00f5es, mesmo sob a postura mais otimista da Ambev (&#8230;) enquanto procuramos por sinais que o poder de precifica\u00e7\u00e3o, sua principal fonte de valor, permanecer\u00e1 forte ap\u00f3s a pandemia&#8221;, afirmou o BTG Pactual em relat\u00f3rio.<\/p>\n\n\n\n<p>O diretor financeiro e de rela\u00e7\u00f5es com investidores da Ambev, Lucas Lira, disse que o cen\u00e1rio prospectivo da companhia \u00e9 conservador, dadas as restri\u00e7\u00f5es de circula\u00e7\u00e3o das pessoas diante da evolu\u00e7\u00e3o da pandemia, mas que a Ambev est\u00e1 pronta para a possibilidade de forte retomada da demanda.<\/p>\n\n\n\n<p>&#8220;Nosso forte \u00e9 a agilidade para responder em qualquer cen\u00e1rio&#8221;, disse Lira \u00e0 Reuters.<\/p>\n\n\n\n<h2 class=\"wp-block-heading\">Super App<\/h2>\n\n\n\n<p><a href=\"https:\/\/investnews.com.br\/cafeina\/ambev-como-a-maior-cervejaria-do-mundo-pretende-manter-sua-lideranca\/\" target=\"_blank\" aria-label=\"A Ambev est\u00e1 deslanchando no Brasil seu super aplicativo  (opens in a new tab)\" rel=\"noreferrer noopener\" class=\"rank-math-link\">A Ambev est\u00e1 deslanchando no Brasil seu super aplicativo <\/a>por meio do qual clientes podem fazer pedidos da fabricante de bebidas e de outros fornecedores.<\/p>\n\n\n\n<p>Criado no Rep\u00fablica Dominicana, o Bees \u00e9 um aplicativo para atender pequenos e m\u00e9dios varejistas e agilizar compras, primeiro dos produtos da pr\u00f3pria Ambev, mas tamb\u00e9m de destilados, vinho, leite e alimentos.<\/p>\n\n\n\n<p>&#8220;Com o aplicativo, o cliente n\u00e3o precisa mais esperar a chegada de um vendedor para fazer o pedido&#8221;, disse Lira, citando que o recurso j\u00e1 tem cerca de 100 produtos e atende clientes em 380 cidades no pa\u00eds.<\/p>\n","protected":false},"excerpt":{"rendered":"<p>Companhia est\u00e1 deslanchando no Brasil um super aplicativo por meio do qual clientes podem fazer pedidos da Ambev e de outros fornecedores.<\/p>\n","protected":false},"author":7,"featured_media":246042,"comment_status":"closed","ping_status":"open","sticky":false,"template":"","format":"standard","meta":{"_acf_changed":false,"inline_featured_image":false,"footnotes":""},"categories":[4],"tags":[88],"autor-wsj":[],"coauthors":[1494],"class_list":["post-246041","post","type-post","status-publish","format-standard","has-post-thumbnail","hentry","category-financas","tag-abev3"],"acf":[],"amp_enabled":true,"_links":{"self":[{"href":"https:\/\/investnews.com.br\/inv-api\/wp\/v2\/posts\/246041","targetHints":{"allow":["GET"]}}],"collection":[{"href":"https:\/\/investnews.com.br\/inv-api\/wp\/v2\/posts"}],"about":[{"href":"https:\/\/investnews.com.br\/inv-api\/wp\/v2\/types\/post"}],"author":[{"embeddable":true,"href":"https:\/\/investnews.com.br\/inv-api\/wp\/v2\/users\/7"}],"replies":[{"embeddable":true,"href":"https:\/\/investnews.com.br\/inv-api\/wp\/v2\/comments?post=246041"}],"version-history":[{"count":6,"href":"https:\/\/investnews.com.br\/inv-api\/wp\/v2\/posts\/246041\/revisions"}],"predecessor-version":[{"id":734459,"href":"https:\/\/investnews.com.br\/inv-api\/wp\/v2\/posts\/246041\/revisions\/734459"}],"wp:featuredmedia":[{"embeddable":true,"href":"https:\/\/investnews.com.br\/inv-api\/wp\/v2\/media\/246042"}],"wp:attachment":[{"href":"https:\/\/investnews.com.br\/inv-api\/wp\/v2\/media?parent=246041"}],"wp:term":[{"taxonomy":"category","embeddable":true,"href":"https:\/\/investnews.com.br\/inv-api\/wp\/v2\/categories?post=246041"},{"taxonomy":"post_tag","embeddable":true,"href":"https:\/\/investnews.com.br\/inv-api\/wp\/v2\/tags?post=246041"},{"taxonomy":"autor-wsj","embeddable":true,"href":"https:\/\/investnews.com.br\/inv-api\/wp\/v2\/autor-wsj?post=246041"},{"taxonomy":"author","embeddable":true,"href":"https:\/\/investnews.com.br\/inv-api\/wp\/v2\/coauthors?post=246041"}],"curies":[{"name":"wp","href":"https:\/\/api.w.org\/{rel}","templated":true}]}}