{"id":246316,"date":"2021-05-18T12:50:00","date_gmt":"2021-05-18T15:50:00","guid":{"rendered":"https:\/\/investnews.com.br\/?p=246316"},"modified":"2024-06-24T12:22:32","modified_gmt":"2024-06-24T15:22:32","slug":"por-que-os-politicos-sempre-querem-gastar-mais-do-que-podem","status":"publish","type":"post","link":"https:\/\/investnews.com.br\/colunistas\/por-que-os-politicos-sempre-querem-gastar-mais-do-que-podem\/","title":{"rendered":"Por que os pol\u00edticos sempre querem gastar mais do que podem?"},"content":{"rendered":"\n<p>Quem acompanhou a novela da <strong>san\u00e7\u00e3o do Or\u00e7amento da Uni\u00e3o<\/strong>, em abril, teve um grande exemplo de um conceito de economia n\u00e3o muito conhecido, mas importante para entender por que o impulso do Estado \u00e9 sempre gastar mais.<\/p>\n\n\n\n<p><strong>Leia mais:<\/strong> <a href=\"https:\/\/investnews.com.br\/economia\/6-questoes-para-entender-por-que-o-orcamento-2021-gera-temores-de-um-shutdown\/\" class=\"rank-math-link\">6 quest\u00f5es para entender o Or\u00e7amento 2021<\/a><br><\/p>\n\n\n\n<p>Rememorando: ao sair do Congresso, o Or\u00e7amento extrapolava em R$ 26,5 bilh\u00f5es, nos c\u00e1lculos do Ibre\/FGV, o <strong>limite de gastos no ano<\/strong>. Fez isso eliminando despesas obrigat\u00f3rias, como pagamento de aposentadorias e at\u00e9 a realiza\u00e7\u00e3o do Censo, em troca de obras eleitoreiras nas bases dos deputados e senadores. E tamb\u00e9m gastos com a Previd\u00eancia e sal\u00e1rios, al\u00e9m de outros importantes.<br><\/p>\n\n\n\n<p>A l\u00f3gica era desde o in\u00edcio de que mesmo que as despesas estourassem o <strong>teto de gastos<\/strong>, se daria um jeito. Possivelmente, deixando parte do estouro fora do Or\u00e7amento do ano, coberto por cr\u00e9ditos extras, o que acabou acontecendo. Mas n\u00e3o bastou: na semana passada, j\u00e1 corria a articula\u00e7\u00e3o da ala pol\u00edtica do governo para resgatar parte dos gastos vetados pelo presidente Jair Bolsonaro ao sancionar o Or\u00e7amento.<br><\/p>\n\n\n\n<p>O tempo todo a pergunta mais l\u00f3gica \u00e9: se a maioria dos gastos \u00e9 obrigat\u00f3ria e deputados e senadores sabem, por que n\u00e3o financiaram suas obras com o que sobraria no Or\u00e7amento, evitando a novela em que se transformou a san\u00e7\u00e3o, com danos de imagem para deputados e senadores e o Ibovespa andando de lado com as preocupa\u00e7\u00f5es dos investidores? \u00c9 a\u00ed que entra o conceito de custos difusos x benef\u00edcios concentrados.&nbsp;<br><\/p>\n\n\n\n<p>O excesso de gastos acabar\u00e1 incorporado \u00e0 <strong>d\u00edvida p\u00fablica<\/strong>, com o custo, acrescido de juros, repassado \u00e0s gera\u00e7\u00f5es futuras. Al\u00e9m disso, com as preocupa\u00e7\u00f5es fiscais em alta, o Tesouro Nacional tem sido obrigado a oferecer taxas mais altas e prazos mais curtos para vender t\u00edtulos. Mais custo para a d\u00edvida, que, para ser refinanciada, drena recursos necess\u00e1rios para o pa\u00eds se desenvolver.&nbsp;<br><\/p>\n\n\n\n<p>Mas este \u00e9 um <strong>custo dilu\u00eddo<\/strong> entre todos os brasileiros. Mesmo bilh\u00f5es de reais t\u00eam o impacto amenizado se pulverizados entre a popula\u00e7\u00e3o. J\u00e1 o impacto de uma ponte, uma estrada asfaltada ou outra obra \u00e9 imediato na vida das pessoas beneficiadas. Os resultados, na forma de votos, tamb\u00e9m s\u00e3o quase imediatos (vir\u00e3o na pr\u00f3xima elei\u00e7\u00e3o) para os pol\u00edticos que se apresentam como respons\u00e1veis pela melhoria.&nbsp;<br><\/p>\n\n\n\n<p>Esta l\u00f3gica foi percebida mais de cinco d\u00e9cadas atr\u00e1s pelo economista americano <strong>Mancur Olson<\/strong>. A divis\u00e3o dos bens p\u00fablicos \u00e9 vulner\u00e1vel a situa\u00e7\u00f5es em que os interesses de uma&nbsp; minoria s\u00e3o super-representados. E os interesses da maioria, difusos, s\u00e3o prejudicados, pois n\u00e3o t\u00eam como defender seus interesses com a mesma efici\u00eancia, ele escreveu no cl\u00e1ssico \u201cA l\u00f3gica da a\u00e7\u00e3o coletiva Bens p\u00fablicos e teoria dos grupos\u201d.&nbsp;<br><\/p>\n\n\n\n<p>Um exemplo mais bem acabado ainda envolve a <strong>isen\u00e7\u00e3o de impostos federais sobre os combust\u00edveis<\/strong> por dois meses, em mar\u00e7o e abril, para satisfazer os caminhoneiros, que, insatisfeitos com o aumento dos pre\u00e7os do diesel, amea\u00e7aram fazer greve. Uma ren\u00fancia de R$ 3 bilh\u00f5es paga por toda a popula\u00e7\u00e3o, tenha ou n\u00e3o um caminh\u00e3o, para beneficiar um grupo relativamente pequeno de brasileiros \u2013 2 milh\u00f5es.&nbsp;<br><\/p>\n\n\n\n<p>E n\u00e3o foi a primeira vez. Em 2018, o governo aceitou subsidiar a queda do diesel para encerrar a greve dos caminhoneiros, causando um preju\u00edzo de R$ 13,5 bilh\u00f5es aos cofres p\u00fablicos. Entre a categoria, que protestava contra os aumentos di\u00e1rios nos combust\u00edveis, e a Petrobras, alegando ter direito a repassar aos consumidores o aumento do petr\u00f3leo, a popula\u00e7\u00e3o inteira arcou com o custo de produzir aumentos mensais.<br><\/p>\n\n\n\n<p>\u00c9 mais uma raz\u00e3o para a redu\u00e7\u00e3o do tamanho do Estado, que n\u00e3o s\u00f3 gasta demais como muitas vezes gasta sem crit\u00e9rio.<br><\/p>\n","protected":false},"excerpt":{"rendered":"<p>\u00c9 a\u00ed que entra o conceito de custos difusos e benef\u00edcios concentrados. <\/p>\n","protected":false},"author":7,"featured_media":246327,"comment_status":"closed","ping_status":"open","sticky":false,"template":"","format":"standard","meta":{"_acf_changed":false,"inline_featured_image":false,"footnotes":""},"categories":[2063],"tags":[1636,1719],"autor-wsj":[],"coauthors":[1494],"class_list":["post-246316","post","type-post","status-publish","format-standard","has-post-thumbnail","hentry","category-colunistas","tag-contas-publicas","tag-teto-de-gastos"],"acf":[],"amp_enabled":true,"_links":{"self":[{"href":"https:\/\/investnews.com.br\/inv-api\/wp\/v2\/posts\/246316","targetHints":{"allow":["GET"]}}],"collection":[{"href":"https:\/\/investnews.com.br\/inv-api\/wp\/v2\/posts"}],"about":[{"href":"https:\/\/investnews.com.br\/inv-api\/wp\/v2\/types\/post"}],"author":[{"embeddable":true,"href":"https:\/\/investnews.com.br\/inv-api\/wp\/v2\/users\/7"}],"replies":[{"embeddable":true,"href":"https:\/\/investnews.com.br\/inv-api\/wp\/v2\/comments?post=246316"}],"version-history":[{"count":6,"href":"https:\/\/investnews.com.br\/inv-api\/wp\/v2\/posts\/246316\/revisions"}],"predecessor-version":[{"id":247680,"href":"https:\/\/investnews.com.br\/inv-api\/wp\/v2\/posts\/246316\/revisions\/247680"}],"wp:featuredmedia":[{"embeddable":true,"href":"https:\/\/investnews.com.br\/inv-api\/wp\/v2\/media\/246327"}],"wp:attachment":[{"href":"https:\/\/investnews.com.br\/inv-api\/wp\/v2\/media?parent=246316"}],"wp:term":[{"taxonomy":"category","embeddable":true,"href":"https:\/\/investnews.com.br\/inv-api\/wp\/v2\/categories?post=246316"},{"taxonomy":"post_tag","embeddable":true,"href":"https:\/\/investnews.com.br\/inv-api\/wp\/v2\/tags?post=246316"},{"taxonomy":"autor-wsj","embeddable":true,"href":"https:\/\/investnews.com.br\/inv-api\/wp\/v2\/autor-wsj?post=246316"},{"taxonomy":"author","embeddable":true,"href":"https:\/\/investnews.com.br\/inv-api\/wp\/v2\/coauthors?post=246316"}],"curies":[{"name":"wp","href":"https:\/\/api.w.org\/{rel}","templated":true}]}}