{"id":246617,"date":"2021-05-10T13:34:00","date_gmt":"2021-05-10T16:34:00","guid":{"rendered":"https:\/\/investnews.com.br\/?p=246617"},"modified":"2021-05-10T13:34:01","modified_gmt":"2021-05-10T16:34:01","slug":"reforma-tributaria-tramitacao-e-formato-serao-definidos-nesta-semana-diz-lira","status":"publish","type":"post","link":"https:\/\/investnews.com.br\/economia\/reforma-tributaria-tramitacao-e-formato-serao-definidos-nesta-semana-diz-lira\/","title":{"rendered":"Reforma tribut\u00e1ria: tramita\u00e7\u00e3o e formato ser\u00e3o definidos nesta semana, diz Lira"},"content":{"rendered":"\n<p>A tramita\u00e7\u00e3o e o formato da reforma tribut\u00e1ria devem ser definidos nesta semana, disse o presidente da C\u00e2mara dos Deputados, Arthur Lira (PP-AL), nesta segunda-feira (10), em publica\u00e7\u00e3o em sua conta no Twitter, acrescentando que a Casa avan\u00e7ar\u00e1 com a proposta sem preocupar-se com sua paternidade.<\/p>\n\n\n\n<p>&#8220;Vamos avan\u00e7ar com a reforma tribut\u00e1ria sem nos preocupar com a paternidade do projeto. Esta semana devemos definir a tramita\u00e7\u00e3o, o formato. <strong>Temos a\u00ed duas reformas, a que envolve renda e a de consumo. <\/strong>Daremos um passo esta semana para fazermos a reforma de maneira ordenada&#8221;, escreveu o presidente da C\u00e2mara.<\/p>\n\n\n\n<p>Na semana passada, <a href=\"https:\/\/investnews.com.br\/economia\/lira-anuncia-encerramento-de-comissao-da-reforma-tributaria\/\" class=\"rank-math-link\">Lira extinguiu a comiss\u00e3o mista da reforma tribut\u00e1ria<\/a> por recomenda\u00e7\u00e3o de parecer t\u00e9cnico devido ao t\u00e9rmino de prazo regimental, mas prometeu buscar a melhor forma de aprovar a reformula\u00e7\u00e3o poss\u00edvel do sistema de tributos e impostos do pa\u00eds no prazo mais r\u00e1pido.<\/p>\n","protected":false},"excerpt":{"rendered":"<p>Presidente da C\u00e2mara falou em &#8216;duas reformas, a que envolve renda e a de consumo&#8217;.<\/p>\n","protected":false},"author":7,"featured_media":246618,"comment_status":"closed","ping_status":"open","sticky":false,"template":"","format":"standard","meta":{"_acf_changed":false,"inline_featured_image":false,"footnotes":""},"categories":[5],"tags":[2346,432],"autor-wsj":[],"coauthors":[1494],"class_list":["post-246617","post","type-post","status-publish","format-standard","has-post-thumbnail","hentry","category-economia","tag-arthur-lira","tag-reforma-tributaria"],"acf":[],"amp_enabled":true,"_links":{"self":[{"href":"https:\/\/investnews.com.br\/inv-api\/wp\/v2\/posts\/246617","targetHints":{"allow":["GET"]}}],"collection":[{"href":"https:\/\/investnews.com.br\/inv-api\/wp\/v2\/posts"}],"about":[{"href":"https:\/\/investnews.com.br\/inv-api\/wp\/v2\/types\/post"}],"author":[{"embeddable":true,"href":"https:\/\/investnews.com.br\/inv-api\/wp\/v2\/users\/7"}],"replies":[{"embeddable":true,"href":"https:\/\/investnews.com.br\/inv-api\/wp\/v2\/comments?post=246617"}],"version-history":[{"count":2,"href":"https:\/\/investnews.com.br\/inv-api\/wp\/v2\/posts\/246617\/revisions"}],"predecessor-version":[{"id":246627,"href":"https:\/\/investnews.com.br\/inv-api\/wp\/v2\/posts\/246617\/revisions\/246627"}],"wp:featuredmedia":[{"embeddable":true,"href":"https:\/\/investnews.com.br\/inv-api\/wp\/v2\/media\/246618"}],"wp:attachment":[{"href":"https:\/\/investnews.com.br\/inv-api\/wp\/v2\/media?parent=246617"}],"wp:term":[{"taxonomy":"category","embeddable":true,"href":"https:\/\/investnews.com.br\/inv-api\/wp\/v2\/categories?post=246617"},{"taxonomy":"post_tag","embeddable":true,"href":"https:\/\/investnews.com.br\/inv-api\/wp\/v2\/tags?post=246617"},{"taxonomy":"autor-wsj","embeddable":true,"href":"https:\/\/investnews.com.br\/inv-api\/wp\/v2\/autor-wsj?post=246617"},{"taxonomy":"author","embeddable":true,"href":"https:\/\/investnews.com.br\/inv-api\/wp\/v2\/coauthors?post=246617"}],"curies":[{"name":"wp","href":"https:\/\/api.w.org\/{rel}","templated":true}]}}