{"id":247909,"date":"2021-05-14T13:58:37","date_gmt":"2021-05-14T16:58:37","guid":{"rendered":"https:\/\/investnews.com.br\/?p=247909"},"modified":"2025-10-23T11:01:18","modified_gmt":"2025-10-23T14:01:18","slug":"confianca-na-economia-tem-melhorado-mas-fiscal-ainda-preocupa-diz-campos-neto","status":"publish","type":"post","link":"https:\/\/investnews.com.br\/economia\/confianca-na-economia-tem-melhorado-mas-fiscal-ainda-preocupa-diz-campos-neto\/","title":{"rendered":"Confian\u00e7a na economia tem melhorado, mas fiscal ainda preocupa, diz Campos Neto"},"content":{"rendered":"\n<p>O <strong>presidente do Banco Central, Roberto Campos Neto<\/strong>, disse nesta sexta-feira (14) que dados mais recentes t\u00eam mostrado aumento da<strong> confian\u00e7a nos setores da economia<\/strong> e que as proje\u00e7\u00f5es do<strong> PIB<\/strong> para 2021 t\u00eam respondido em alta. Campos Neto, por\u00e9m, voltou a fazer alertas sobre a <strong>situa\u00e7\u00e3o fiscal do Brasil<\/strong>.<\/p>\n\n\n\n<p><strong>Leia tamb\u00e9m<\/strong>: <a href=\"https:\/\/investnews.com.br\/economia\/ata-volta-a-indicar-outro-ajuste-de-075-ponto-porcentual-da-selic-em-junho\/\" class=\"rank-math-link\">Em ata, BC indica alta da Selic para 4,25% em junho<\/a><\/p>\n\n\n\n<p>O chefe do BC participou de evento virtual promovido pelo Bank of America.<\/p>\n\n\n\n<p>Segundo Campos Neto, o pa\u00eds emerge da <strong>crise da covid-19<\/strong> como um dos piores entre emergentes no que tange a eleva\u00e7\u00e3o da propor\u00e7\u00e3o <strong>d\u00edvida\/PIB<\/strong>, o que levou a <strong>curva de juros dom\u00e9stica<\/strong> a ser uma das mais penalizadas nesse universo.<\/p>\n\n\n\n<p>O presidente do BC afirmou que um aumento injustificado das <strong>despesas p\u00fablicas<\/strong> para fortalecer a economia teria efeito l\u00edquido oposto, uma vez que a leitura seria de quebra de compromisso de regras de sustentabilidade fiscal. Para Campos Neto, pode-se gastar mais para combater, por exemplo, a pandemia, mas \u00e9 preciso que esses custos extras sejam bem explicados.<\/p>\n\n\n\n<p>Ainda assim, ele recha\u00e7ou avalia\u00e7\u00f5es de que o Brasil esteja em domin\u00e2ncia fiscal -quando o BC fica limitado a subir os juros porque o aumento dos custos de empr\u00e9stimos deteriora ainda mais o cen\u00e1rio para as contas p\u00fablicas. Campos Neto justificou que os <strong>custos de emiss\u00e3o de d\u00edvida t\u00eam permanecido baixos a despeito das preocupa\u00e7\u00f5es fiscais<\/strong>.<\/p>\n\n\n\n<p>O chefe do BC acredita tamb\u00e9m que a <strong>press\u00e3o cambial<\/strong> mais forte decorrente do desmonte do &#8220;overhedge&#8221; (prote\u00e7\u00e3o cambial adicional dos bancos) e de pr\u00e9-pagamentos de d\u00edvidas em <strong>moeda estrangeira<\/strong> por empresas brasileiras ficou para tr\u00e1s.<\/p>\n","protected":false},"excerpt":{"rendered":"<p>Segundo o presidente do Banco Central, o pa\u00eds emerge da crise da covid-19 como um dos piores entre emergentes no que tange \u00e0 eleva\u00e7\u00e3o da propor\u00e7\u00e3o d\u00edvida\/PIB.<\/p>\n","protected":false},"author":7,"featured_media":35100,"comment_status":"closed","ping_status":"open","sticky":false,"template":"","format":"standard","meta":{"_acf_changed":false,"inline_featured_image":false,"footnotes":""},"categories":[5],"tags":[56,1636,995,499,53,112861],"autor-wsj":[],"coauthors":[1494],"class_list":["post-247909","post","type-post","status-publish","format-standard","has-post-thumbnail","hentry","category-economia","tag-banco-central","tag-contas-publicas","tag-divida-publica","tag-economia","tag-pib","tag-roberto-campos-neto"],"acf":[],"amp_enabled":true,"_links":{"self":[{"href":"https:\/\/investnews.com.br\/inv-api\/wp\/v2\/posts\/247909","targetHints":{"allow":["GET"]}}],"collection":[{"href":"https:\/\/investnews.com.br\/inv-api\/wp\/v2\/posts"}],"about":[{"href":"https:\/\/investnews.com.br\/inv-api\/wp\/v2\/types\/post"}],"author":[{"embeddable":true,"href":"https:\/\/investnews.com.br\/inv-api\/wp\/v2\/users\/7"}],"replies":[{"embeddable":true,"href":"https:\/\/investnews.com.br\/inv-api\/wp\/v2\/comments?post=247909"}],"version-history":[{"count":9,"href":"https:\/\/investnews.com.br\/inv-api\/wp\/v2\/posts\/247909\/revisions"}],"predecessor-version":[{"id":247924,"href":"https:\/\/investnews.com.br\/inv-api\/wp\/v2\/posts\/247909\/revisions\/247924"}],"wp:featuredmedia":[{"embeddable":true,"href":"https:\/\/investnews.com.br\/inv-api\/wp\/v2\/media\/35100"}],"wp:attachment":[{"href":"https:\/\/investnews.com.br\/inv-api\/wp\/v2\/media?parent=247909"}],"wp:term":[{"taxonomy":"category","embeddable":true,"href":"https:\/\/investnews.com.br\/inv-api\/wp\/v2\/categories?post=247909"},{"taxonomy":"post_tag","embeddable":true,"href":"https:\/\/investnews.com.br\/inv-api\/wp\/v2\/tags?post=247909"},{"taxonomy":"autor-wsj","embeddable":true,"href":"https:\/\/investnews.com.br\/inv-api\/wp\/v2\/autor-wsj?post=247909"},{"taxonomy":"author","embeddable":true,"href":"https:\/\/investnews.com.br\/inv-api\/wp\/v2\/coauthors?post=247909"}],"curies":[{"name":"wp","href":"https:\/\/api.w.org\/{rel}","templated":true}]}}