{"id":249374,"date":"2021-05-25T08:37:06","date_gmt":"2021-05-25T11:37:06","guid":{"rendered":"https:\/\/investnews.com.br\/?p=249374"},"modified":"2021-05-25T08:41:11","modified_gmt":"2021-05-25T11:41:11","slug":"latam-e-azul-encerram-acordo-para-compartilhar-voos","status":"publish","type":"post","link":"https:\/\/investnews.com.br\/negocios\/latam-e-azul-encerram-acordo-para-compartilhar-voos\/","title":{"rendered":"Por que Latam e Azul encerraram o acordo para compartilhar voos"},"content":{"rendered":"\n<p>Diante de sinais de recupera\u00e7\u00e3o no setor a\u00e9reo, as companhias a\u00e9reas <strong>Latam e Azul<\/strong>  (<a href=\"https:\/\/investnews.com.br\/cotacao\/azul4-azul\/\" class=\"rank-math-link\">AZUL4<\/a>) decidiram <strong>encerrar o acordo de &#8216;codeshare&#8217; que haviam firmado em junho do ano passado<\/strong>. A parceria, que permitia que as empresas vendessem passagens para voos da concorrente e ganhassem uma comiss\u00e3o por isso, terminar\u00e1 em 22 de agosto.<\/p>\n\n\n\n<p><strong>Leia mais: <\/strong><a href=\"https:\/\/investnews.com.br\/geral\/procon-sp-notifica-gol-azul-latam-e-mais-7-aereas-sobre-praticas-na-pandemia\/\" class=\"rank-math-link\">Procon-SP notifica Gol, Azul, Latam e mais 7 a\u00e9reas<\/a><\/p>\n\n\n\n<p>Segundo o presidente da Latam no Brasil, Jerome Cadier, o <strong>acordo n\u00e3o correspondeu \u00e0s expectativas<\/strong>. A ideia era ajudar as empresas a encherem seus voos, dado que havia a possibilidade de o passageiro realizar um trecho da viagem com uma das companhia e o outro com a concorrente. <\/p>\n\n\n\n<p>Hoje, por\u00e9m, <strong>2% dos passageiros transportados pela Latam compraram passagens com a Azul<\/strong>, diz Cadier. &#8220;Esper\u00e1vamos um crescimento, mas, o tempo foi passando e vimos que essa alta n\u00e3o veio na propor\u00e7\u00e3o esperada.&#8221;<\/p>\n\n\n\n<h2 class=\"wp-block-heading\">Oferta da Latam<\/h2>\n\n\n\n<p>A Latam tamb\u00e9m deve elevar sua oferta nos pr\u00f3ximos meses, respondendo ao aumento da demanda. Segundo Cadier, a empresa pretende contratar 750 tripulantes at\u00e9 dezembro &#8211; no ano passado, 2.700 foram demitidos -, ampliar a frota de cargueiros de 11 para 21 aeronaves e receber mais sete avi\u00f5es para o transporte de passageiros.<\/p>\n\n\n\n<p>Apesar de mar\u00e7o e abril terem sido meses dif\u00edceis, a Latam percebeu uma melhora em maio e projeta operar com 90% da capacidade em dezembro, na compara\u00e7\u00e3o com o mesmo m\u00eas de 2019. Em abril, a a\u00e9rea operou com 38% e, agora, est\u00e1 com 49%.<\/p>\n\n\n\n<p>Entre os sinais de recupera\u00e7\u00e3o, a companhia tamb\u00e9m percebeu uma queda no n\u00famero de passageiros que compram passagem, mas n\u00e3o aparecem para viajar. H\u00e1 45 dias, eles correspondia a 14% do total. Hoje, esse n\u00famero est\u00e1 em 6%.<\/p>\n\n\n\n<p>A Azul n\u00e3o havia se pronunciado at\u00e9 a publica\u00e7\u00e3o desta not\u00edcia.<\/p>\n","protected":false},"excerpt":{"rendered":"<p>Parceria permitia que as empresas vendessem passagens para voos da concorrente e ganhassem uma comiss\u00e3o por isso.<\/p>\n","protected":false},"author":7,"featured_media":778,"comment_status":"closed","ping_status":"open","sticky":false,"template":"","format":"standard","meta":{"_acf_changed":false,"inline_featured_image":false,"footnotes":""},"categories":[6],"tags":[],"autor-wsj":[],"coauthors":[1494],"class_list":["post-249374","post","type-post","status-publish","format-standard","has-post-thumbnail","hentry","category-negocios"],"acf":[],"amp_enabled":true,"_links":{"self":[{"href":"https:\/\/investnews.com.br\/inv-api\/wp\/v2\/posts\/249374","targetHints":{"allow":["GET"]}}],"collection":[{"href":"https:\/\/investnews.com.br\/inv-api\/wp\/v2\/posts"}],"about":[{"href":"https:\/\/investnews.com.br\/inv-api\/wp\/v2\/types\/post"}],"author":[{"embeddable":true,"href":"https:\/\/investnews.com.br\/inv-api\/wp\/v2\/users\/7"}],"replies":[{"embeddable":true,"href":"https:\/\/investnews.com.br\/inv-api\/wp\/v2\/comments?post=249374"}],"version-history":[{"count":4,"href":"https:\/\/investnews.com.br\/inv-api\/wp\/v2\/posts\/249374\/revisions"}],"predecessor-version":[{"id":249380,"href":"https:\/\/investnews.com.br\/inv-api\/wp\/v2\/posts\/249374\/revisions\/249380"}],"wp:featuredmedia":[{"embeddable":true,"href":"https:\/\/investnews.com.br\/inv-api\/wp\/v2\/media\/778"}],"wp:attachment":[{"href":"https:\/\/investnews.com.br\/inv-api\/wp\/v2\/media?parent=249374"}],"wp:term":[{"taxonomy":"category","embeddable":true,"href":"https:\/\/investnews.com.br\/inv-api\/wp\/v2\/categories?post=249374"},{"taxonomy":"post_tag","embeddable":true,"href":"https:\/\/investnews.com.br\/inv-api\/wp\/v2\/tags?post=249374"},{"taxonomy":"autor-wsj","embeddable":true,"href":"https:\/\/investnews.com.br\/inv-api\/wp\/v2\/autor-wsj?post=249374"},{"taxonomy":"author","embeddable":true,"href":"https:\/\/investnews.com.br\/inv-api\/wp\/v2\/coauthors?post=249374"}],"curies":[{"name":"wp","href":"https:\/\/api.w.org\/{rel}","templated":true}]}}