{"id":249381,"date":"2021-05-25T08:48:50","date_gmt":"2021-05-25T11:48:50","guid":{"rendered":"https:\/\/investnews.com.br\/?p=249381"},"modified":"2021-05-25T08:50:02","modified_gmt":"2021-05-25T11:50:02","slug":"pib-da-alemanha-recua-18-no-1o-tri-em-meio-a-restricoes-da-pandemia","status":"publish","type":"post","link":"https:\/\/investnews.com.br\/economia\/pib-da-alemanha-recua-18-no-1o-tri-em-meio-a-restricoes-da-pandemia\/","title":{"rendered":"PIB da Alemanha recua 1,8% no 1\u00ba tri, em meio a restri\u00e7\u00f5es da pandemia"},"content":{"rendered":"\n<p>A <strong>economia da Alemanha encolheu mais do que o esperado no primeiro trimestre<\/strong> uma vez que as restri\u00e7\u00f5es relacionadas ao coronav\u00edrus levaram as fam\u00edlias a colocar mais dinheiro do que nunca na <a href=\"https:\/\/investnews.com.br\/guias\/poupanca-como-funciona-quanto-rende\/\">poupan\u00e7a<\/a>, mostraram dados nesta ter\u00e7a-feira (25).<\/p>\n\n\n\n<p><strong>Leia mais: <\/strong><a href=\"https:\/\/investnews.com.br\/economia\/zona-do-euro-entra-em-2a-recessao-tecnica-em-um-ano-em-meio-a-pandemia\/\" class=\"rank-math-link\">Zona do euro entra em 2\u00aa recess\u00e3o t\u00e9cnica em um ano<\/a><\/p>\n\n\n\n<p>A <strong>maior economia da Europa contraiu 1,8% em rela\u00e7\u00e3o ao trimestre anterior<\/strong> e 3,1% na compara\u00e7\u00e3o anual, disse a Ag\u00eancia Federal de Estat\u00edsticas. As expectativas em pesquisa da Reuters eram respectivamente de quedas de 1,7% e 3,0%, e as leituras foram significativamente mais fracas do que a m\u00e9dia da zona do euro.<\/p>\n\n\n\n<p>A renda dispon\u00edvel para as fam\u00edlias alem\u00e3s aumentaram ligeiramente uma vez que o governo injetou bilh\u00f5es de euros em esquemas de prote\u00e7\u00e3o ao emprego e aux\u00edlios em dinheiro. Mas as conten\u00e7\u00f5es ligadas \u00e0s medidas para restringir a pandemia tamb\u00e9m dificultaram os gastos.<\/p>\n\n\n\n<h2 class=\"wp-block-heading\">Queda no consumo das fam\u00edlias<\/h2>\n\n\n\n<p>&#8220;A queda no consumo \u00e9 colossal&#8221;, disse o economista do VP Bank Group Thomas Gitzel. Os <strong>gastos das fam\u00edlias recuaram 5,4%<\/strong> na compara\u00e7\u00e3o trimestral, enquanto a taxa de poupan\u00e7a subiu a um recorde de 23,2%.<\/p>\n\n\n\n<p>Os investimentos das empresas em maquin\u00e1rio e equipamentos caiu ligeiramente, embora a atividade de constru\u00e7\u00e3o tenha subido.<\/p>\n\n\n\n<p>O dado trimestral do PIB da Alemanha se compara com uma m\u00e9dia da zona do euro de queda de 0,6%. Na Fran\u00e7a houve crescimento de 0,4%, enquanto a economia dos Estados Unidos, cujo programa de vacina\u00e7\u00e3o tem avan\u00e7ado mais rapidamente, cresceu 1,6%.<\/p>\n","protected":false},"excerpt":{"rendered":"<p>Fam\u00edlias alem\u00e3s colocaram mais dinheiro na poupan\u00e7a e deixaram de consumir.<\/p>\n","protected":false},"author":7,"featured_media":249384,"comment_status":"closed","ping_status":"open","sticky":false,"template":"","format":"standard","meta":{"_acf_changed":false,"inline_featured_image":false,"footnotes":""},"categories":[5],"tags":[993,53],"autor-wsj":[],"coauthors":[1494],"class_list":["post-249381","post","type-post","status-publish","format-standard","has-post-thumbnail","hentry","category-economia","tag-alemanha","tag-pib"],"acf":[],"amp_enabled":true,"_links":{"self":[{"href":"https:\/\/investnews.com.br\/inv-api\/wp\/v2\/posts\/249381","targetHints":{"allow":["GET"]}}],"collection":[{"href":"https:\/\/investnews.com.br\/inv-api\/wp\/v2\/posts"}],"about":[{"href":"https:\/\/investnews.com.br\/inv-api\/wp\/v2\/types\/post"}],"author":[{"embeddable":true,"href":"https:\/\/investnews.com.br\/inv-api\/wp\/v2\/users\/7"}],"replies":[{"embeddable":true,"href":"https:\/\/investnews.com.br\/inv-api\/wp\/v2\/comments?post=249381"}],"version-history":[{"count":4,"href":"https:\/\/investnews.com.br\/inv-api\/wp\/v2\/posts\/249381\/revisions"}],"predecessor-version":[{"id":249390,"href":"https:\/\/investnews.com.br\/inv-api\/wp\/v2\/posts\/249381\/revisions\/249390"}],"wp:featuredmedia":[{"embeddable":true,"href":"https:\/\/investnews.com.br\/inv-api\/wp\/v2\/media\/249384"}],"wp:attachment":[{"href":"https:\/\/investnews.com.br\/inv-api\/wp\/v2\/media?parent=249381"}],"wp:term":[{"taxonomy":"category","embeddable":true,"href":"https:\/\/investnews.com.br\/inv-api\/wp\/v2\/categories?post=249381"},{"taxonomy":"post_tag","embeddable":true,"href":"https:\/\/investnews.com.br\/inv-api\/wp\/v2\/tags?post=249381"},{"taxonomy":"autor-wsj","embeddable":true,"href":"https:\/\/investnews.com.br\/inv-api\/wp\/v2\/autor-wsj?post=249381"},{"taxonomy":"author","embeddable":true,"href":"https:\/\/investnews.com.br\/inv-api\/wp\/v2\/coauthors?post=249381"}],"curies":[{"name":"wp","href":"https:\/\/api.w.org\/{rel}","templated":true}]}}