{"id":250005,"date":"2021-05-27T10:15:30","date_gmt":"2021-05-27T13:15:30","guid":{"rendered":"https:\/\/investnews.com.br\/?p=250005"},"modified":"2021-05-28T09:50:36","modified_gmt":"2021-05-28T12:50:36","slug":"klabin-estabelece-metas-para-reduzir-emissoes-de-gases-de-efeito","status":"publish","type":"post","link":"https:\/\/investnews.com.br\/negocios\/klabin-estabelece-metas-para-reduzir-emissoes-de-gases-de-efeito\/","title":{"rendered":"Klabin estabelece metas para reduzir emiss\u00f5es de gases de efeito"},"content":{"rendered":"\n<p>A Klabin divulgou nesta quinta-feira meta de <strong><a href=\"https:\/\/investnews.com.br\/colunistas\/experience-club\/somente-com-esg-voce-transformara-a-sua-empresa\/\" class=\"rank-math-link\">reduzir suas emiss\u00f5es <\/a>de gases de efeito estufa (GEE)<\/strong> de escopo 1 e 2 por tonelada de celulose, pap\u00e9is e embalagens em 25% at\u00e9 2025, e em 49% at\u00e9 2035, tendo 2019 como ano-base.<\/p>\n\n\n\n<p>A companhia disse que obteve nesta data a aprova\u00e7\u00e3o da Science Based Targets initiative (SBTi) para as suas metas de redu\u00e7\u00e3o de emiss\u00f5es de gases de efeito estufa (GEE).<\/p>\n\n\n\n<p><strong>A Klabin disse que reduziu em 60% suas emiss\u00f5es de GEE nos \u00faltimos 15 anos<\/strong> e em 2019 teve um saldo positivo de balan\u00e7o de carbono de 4,7 milh\u00f5es de toneladas CO2eq em suas opera\u00e7\u00f5es.<\/p>\n\n\n\n<p><strong>Leia tamb\u00e9m:<\/strong><\/p>\n\n\n\n<p>\u2022 <a href=\"https:\/\/investnews.com.br\/cafeina\/carteira-de-acoes-como-montar-uma-do-zero\/\">Carteira de A\u00e7\u00f5es<\/a>: como montar uma do zero?<br>\u2022 5 fatos para hoje: benef\u00edcio emergencial e <a href=\"https:\/\/investnews.com.br\/geral\/5-fatos-para-hoje-beneficio-emergencial-e-privatizacao-dos-correios\/\">privatiza\u00e7\u00e3o dos Correios<\/a><a href=\"https:\/\/investnews.com.br\/economia\/china-e-estados-unidos-discutem-comercio-bilateral\/\">.<br><\/a>\u2022 <a href=\"https:\/\/investnews.com.br\/geral\/governo-alerta-para-a-pior-seca-em-111-anos-e-deve-emitir-alerta-de-emergencia\/\">Crise H\u00eddrica<\/a>: Governo anuncia pior seca em 111 anos e deve emitir alerta de emerg\u00eancia.<br>\u2022 Lata v\u00ea chance de <a href=\"https:\/\/investnews.com.br\/negocios\/iata-ve-chance-de-fusao-entre-aereas-no-pais-apos-interesse-da-azul-pela-latam\/\">fus\u00e3o entre a\u00e9reas<\/a> no pa\u00eds ap\u00f3s interesse da Azul pela Latam.<br>\u2022 <a href=\"https:\/\/investnews.com.br\/economia\/pib-da-franca-no-1o-tri-e-revisado-para-contracao-de-01\/\">PIB da Fran\u00e7a<\/a> no 1\u00ba tri \u00e9 revisado para contra\u00e7\u00e3o de 0,1%.<br>\u2022 <a href=\"https:\/\/investnews.com.br\/geral\/pensa-em-mudar-de-carreira-veja-se-e-a-hora-certa-e-como-se-preparar\/\">Transi\u00e7\u00e3o de carreira<\/a>: veja se \u00e9 a hora certa e como se preparar.<br>\u2022 <a href=\"https:\/\/investnews.com.br\/financas\/bndes-podera-coordenar-e-estruturar-distribuicao-de-titulos\/\">BNDES<\/a> poder\u00e1 coordenar e estruturar distribui\u00e7\u00e3o de t\u00edtulos.<\/p>\n","protected":false},"excerpt":{"rendered":"<p>A empresa mira em queda de 25% at\u00e9 2025, e em 49% at\u00e9 2035.<\/p>\n","protected":false},"author":7,"featured_media":16372,"comment_status":"closed","ping_status":"open","sticky":false,"template":"","format":"standard","meta":{"_acf_changed":false,"inline_featured_image":false,"footnotes":""},"categories":[6],"tags":[596,1674],"autor-wsj":[],"coauthors":[1494],"class_list":["post-250005","post","type-post","status-publish","format-standard","has-post-thumbnail","hentry","category-negocios","tag-klabin","tag-sustentabilidade"],"acf":[],"amp_enabled":true,"_links":{"self":[{"href":"https:\/\/investnews.com.br\/inv-api\/wp\/v2\/posts\/250005","targetHints":{"allow":["GET"]}}],"collection":[{"href":"https:\/\/investnews.com.br\/inv-api\/wp\/v2\/posts"}],"about":[{"href":"https:\/\/investnews.com.br\/inv-api\/wp\/v2\/types\/post"}],"author":[{"embeddable":true,"href":"https:\/\/investnews.com.br\/inv-api\/wp\/v2\/users\/7"}],"replies":[{"embeddable":true,"href":"https:\/\/investnews.com.br\/inv-api\/wp\/v2\/comments?post=250005"}],"version-history":[{"count":3,"href":"https:\/\/investnews.com.br\/inv-api\/wp\/v2\/posts\/250005\/revisions"}],"predecessor-version":[{"id":250223,"href":"https:\/\/investnews.com.br\/inv-api\/wp\/v2\/posts\/250005\/revisions\/250223"}],"wp:featuredmedia":[{"embeddable":true,"href":"https:\/\/investnews.com.br\/inv-api\/wp\/v2\/media\/16372"}],"wp:attachment":[{"href":"https:\/\/investnews.com.br\/inv-api\/wp\/v2\/media?parent=250005"}],"wp:term":[{"taxonomy":"category","embeddable":true,"href":"https:\/\/investnews.com.br\/inv-api\/wp\/v2\/categories?post=250005"},{"taxonomy":"post_tag","embeddable":true,"href":"https:\/\/investnews.com.br\/inv-api\/wp\/v2\/tags?post=250005"},{"taxonomy":"autor-wsj","embeddable":true,"href":"https:\/\/investnews.com.br\/inv-api\/wp\/v2\/autor-wsj?post=250005"},{"taxonomy":"author","embeddable":true,"href":"https:\/\/investnews.com.br\/inv-api\/wp\/v2\/coauthors?post=250005"}],"curies":[{"name":"wp","href":"https:\/\/api.w.org\/{rel}","templated":true}]}}