{"id":250034,"date":"2021-05-27T12:11:20","date_gmt":"2021-05-27T15:11:20","guid":{"rendered":"https:\/\/investnews.com.br\/?p=250034"},"modified":"2024-06-24T22:29:11","modified_gmt":"2024-06-25T01:29:11","slug":"pib-americano-cresce-64-no-1o-trimestre","status":"publish","type":"post","link":"https:\/\/investnews.com.br\/financas\/pib-americano-cresce-64-no-1o-trimestre\/","title":{"rendered":"PIB americano cresce 6,4% no 1\u00ba trimestre"},"content":{"rendered":"\n<figure class=\"wp-block-embed-youtube wp-block-embed is-type-video is-provider-youtube wp-embed-aspect-16-9 wp-has-aspect-ratio\"><div class=\"wp-block-embed__wrapper\">\n<iframe loading=\"lazy\" title=\"PIB americano cresce 6,4% no 1\u00ba tri; desemprego no Brasil bate recorde\" width=\"500\" height=\"281\" src=\"https:\/\/www.youtube.com\/embed\/FyIx_Lwr48Y?feature=oembed\" frameborder=\"0\" allow=\"accelerometer; autoplay; clipboard-write; encrypted-media; gyroscope; picture-in-picture; web-share\" referrerpolicy=\"strict-origin-when-cross-origin\" allowfullscreen><\/iframe>\n<\/div><\/figure>\n\n\n\n<p>O <strong>Produto Interno Bruto (PIB)<\/strong> <strong>dos EUA cresceu \u00e0 taxa anualizada de 6,4%<\/strong> no primeiro trimestre de 2021,  segundo revis\u00e3o divulgada nesta quinta-feira (27) pelo Departamento do Com\u00e9rcio do pa\u00eds. J\u00e1 o n\u00famero de pedidos de aux\u00edlio-desemprego no pa\u00eds caiu 38 mil na semana encerrada em 22 de maio, a 406 mil. <\/p>\n\n\n\n<p>E mais: Rede D\u00b4or (<a href=\"https:\/\/investnews.com.br\/cotacao\/rdor3-rede-dor\/\" class=\"rank-math-link\">RDOR3<\/a>) precifica oferta de a\u00e7\u00f5es; Dotz retoma <a href=\"https:\/\/investnews.com.br\/guias\/ipo-o-que-e-e-como-funciona\/\">IPO<\/a>; <a href=\"https:\/\/investnews.com.br\/economia\/taxa-de-desemprego-fica-em-147-no-trimestre-ate-marco-revela-ibge\/#:~:text=Economia-,Taxa%20de%20desemprego%20fica%20em%2014%2C7%25%20no,trimestre%20at%C3%A9%20mar%C3%A7o%2C%20revela%20IBGE&amp;text=Em%20igual%20per%C3%ADodo%20de%202020%2C%20a%20taxa%20de%20desemprego%20medida,no%20trimestre%20encerrado%20em%20mar%C3%A7o.\" class=\"rank-math-link\">desemprego no Brasil<\/a> e confirma\u00e7\u00e3o do primeiro caso da variante indiana da covid-19 em S\u00e3o Paulo. <\/p>\n\n\n\n<p>As principais not\u00edcias para quem acompanha o <a href=\"https:\/\/investnews.com.br\/guias\/como-funciona-o-mercado-financeiro\/\">mercado financeiro<\/a>, no Flash InvestNews, com Fabiana Ortega. Os destaques da bolsa nesta manh\u00e3, a cota\u00e7\u00e3o do Ibovespa e d\u00f3lar, al\u00e9m de outras informa\u00e7\u00f5es da economia brasileira que podem influenciar seus investimentos e <a href=\"https:\/\/investnews.com.br\/guias\/rentabilidade\/\">rentabilidade<\/a>.  <\/p>\n\n\n\n<p><strong>Leia tamb\u00e9m:<\/strong><\/p>\n\n\n\n<p>\u2022 <a href=\"https:\/\/investnews.com.br\/cafeina\/carteira-de-acoes-como-montar-uma-do-zero\/\">Carteira de A\u00e7\u00f5es<\/a>: como montar uma do zero?<br>\u2022 5 fatos para hoje: benef\u00edcio emergencial e <a href=\"https:\/\/investnews.com.br\/geral\/5-fatos-para-hoje-beneficio-emergencial-e-privatizacao-dos-correios\/\">privatiza\u00e7\u00e3o dos Correios<\/a><a href=\"https:\/\/investnews.com.br\/economia\/china-e-estados-unidos-discutem-comercio-bilateral\/\">.<br><\/a>\u2022 <a href=\"https:\/\/investnews.com.br\/geral\/governo-alerta-para-a-pior-seca-em-111-anos-e-deve-emitir-alerta-de-emergencia\/\">Crise H\u00eddrica<\/a>: Governo anuncia pior seca em 111 anos e deve emitir alerta de emerg\u00eancia.<br>\u2022 Lata v\u00ea chance de <a href=\"https:\/\/investnews.com.br\/negocios\/iata-ve-chance-de-fusao-entre-aereas-no-pais-apos-interesse-da-azul-pela-latam\/\">fus\u00e3o entre a\u00e9reas<\/a> no pa\u00eds ap\u00f3s interesse da Azul pela Latam.<br>\u2022 <a href=\"https:\/\/investnews.com.br\/economia\/pib-da-franca-no-1o-tri-e-revisado-para-contracao-de-01\/\">PIB da Fran\u00e7a<\/a> no 1\u00ba tri \u00e9 revisado para contra\u00e7\u00e3o de 0,1%.<br>\u2022 <a href=\"https:\/\/investnews.com.br\/geral\/pensa-em-mudar-de-carreira-veja-se-e-a-hora-certa-e-como-se-preparar\/\">Transi\u00e7\u00e3o de carreira<\/a>: veja se \u00e9 a hora certa e como se preparar.<br>\u2022 <a href=\"https:\/\/investnews.com.br\/financas\/bndes-podera-coordenar-e-estruturar-distribuicao-de-titulos\/\">BNDES<\/a> poder\u00e1 coordenar e estruturar distribui\u00e7\u00e3o de t\u00edtulos.<\/p>\n","protected":false},"excerpt":{"rendered":"<p>O n\u00famero de pedidos de aux\u00edlio-desemprego no pa\u00eds caiu 38 mil na semana encerrada em 22 de maio.<\/p>\n","protected":false},"author":7,"featured_media":250035,"comment_status":"closed","ping_status":"open","sticky":false,"template":"","format":"standard","meta":{"_acf_changed":false,"inline_featured_image":false,"footnotes":""},"categories":[4],"tags":[374,236,53,2170],"autor-wsj":[],"coauthors":[1494],"class_list":["post-250034","post","type-post","status-publish","format-standard","has-post-thumbnail","hentry","category-financas","tag-desemprego","tag-eua","tag-pib","tag-rede-dor"],"acf":[],"amp_enabled":true,"_links":{"self":[{"href":"https:\/\/investnews.com.br\/inv-api\/wp\/v2\/posts\/250034","targetHints":{"allow":["GET"]}}],"collection":[{"href":"https:\/\/investnews.com.br\/inv-api\/wp\/v2\/posts"}],"about":[{"href":"https:\/\/investnews.com.br\/inv-api\/wp\/v2\/types\/post"}],"author":[{"embeddable":true,"href":"https:\/\/investnews.com.br\/inv-api\/wp\/v2\/users\/7"}],"replies":[{"embeddable":true,"href":"https:\/\/investnews.com.br\/inv-api\/wp\/v2\/comments?post=250034"}],"version-history":[{"count":4,"href":"https:\/\/investnews.com.br\/inv-api\/wp\/v2\/posts\/250034\/revisions"}],"predecessor-version":[{"id":250220,"href":"https:\/\/investnews.com.br\/inv-api\/wp\/v2\/posts\/250034\/revisions\/250220"}],"wp:featuredmedia":[{"embeddable":true,"href":"https:\/\/investnews.com.br\/inv-api\/wp\/v2\/media\/250035"}],"wp:attachment":[{"href":"https:\/\/investnews.com.br\/inv-api\/wp\/v2\/media?parent=250034"}],"wp:term":[{"taxonomy":"category","embeddable":true,"href":"https:\/\/investnews.com.br\/inv-api\/wp\/v2\/categories?post=250034"},{"taxonomy":"post_tag","embeddable":true,"href":"https:\/\/investnews.com.br\/inv-api\/wp\/v2\/tags?post=250034"},{"taxonomy":"autor-wsj","embeddable":true,"href":"https:\/\/investnews.com.br\/inv-api\/wp\/v2\/autor-wsj?post=250034"},{"taxonomy":"author","embeddable":true,"href":"https:\/\/investnews.com.br\/inv-api\/wp\/v2\/coauthors?post=250034"}],"curies":[{"name":"wp","href":"https:\/\/api.w.org\/{rel}","templated":true}]}}