{"id":250069,"date":"2021-05-27T17:06:11","date_gmt":"2021-05-27T20:06:11","guid":{"rendered":"https:\/\/investnews.com.br\/?p=250069"},"modified":"2021-05-27T17:18:27","modified_gmt":"2021-05-27T20:18:27","slug":"fitch-reafirma-rating-do-brasil-em-bb-e-alerta-para-deterioracao-fiscal","status":"publish","type":"post","link":"https:\/\/investnews.com.br\/economia\/fitch-reafirma-rating-do-brasil-em-bb-e-alerta-para-deterioracao-fiscal\/","title":{"rendered":"Fitch reafirma rating do Brasil em BB-, com perspectiva negativa"},"content":{"rendered":"\n<p>A ag\u00eancia de classifica\u00e7\u00e3o de risco Fitch Ratings reafirmou nesta quinta-feira (27) o <strong><a href=\"https:\/\/investnews.com.br\/guias\/rating-entenda-a-escala-de-classificacao-de-risco-de-credito\/\">rating<\/a> do Brasil<\/strong> em &#8220;BB-&#8220;, com <strong>perspectiva negativa<\/strong>, destacando a deteriora\u00e7\u00e3o das contas fiscais e o fardo da d\u00edvida diante da incerteza com a evolu\u00e7\u00e3o da pandemia e o processo de vacina\u00e7\u00e3o.<\/p>\n\n\n\n<p>A perspectiva negativa, segundo a Fitch, reflete riscos para a consolida\u00e7\u00e3o fiscal e a recupera\u00e7\u00e3o econ\u00f4mica necess\u00e1rias para a estabiliza\u00e7\u00e3o da d\u00edvida p\u00fablica no m\u00e9dio prazo.<\/p>\n\n\n\n<p>&#8220;As press\u00f5es dos gastos p\u00fablicos persistem e suporte fiscal adicional para lidar com as consequ\u00eancias da pandemia n\u00e3o pode ser descartado. As cont\u00ednuas fragilidades fiscais, assim como o encurtamento da d\u00edvida, tornam o Brasil vulner\u00e1vel a choques&#8221;, disse a Fitch em nota.<\/p>\n\n\n\n<p>Por outro lado, a ag\u00eancia explicou que o rating &#8220;BB-&#8221; \u00e9 sustentado, entre outros, pelas reservas internacionais robustas, alta renda per capita em rela\u00e7\u00e3o a outros pa\u00edses e taxa de c\u00e2mbio flex\u00edvel.<\/p>\n\n\n\n<p>Entretanto, tudo isso \u00e9 contrabalan\u00e7ado pelas altas necessidades de financiamento do Brasil e pelo endividamento do governo, r\u00edgida estrutura fiscal, fraco potencial econ\u00f4mico e cen\u00e1rio pol\u00edtico dif\u00edcil, que afeta o progresso das reformas fiscais e econ\u00f4micas.<\/p>\n\n\n\n<h2 class=\"wp-block-heading\">PIB do Brasil<\/h2>\n\n\n\n<p>A Fitch estima ainda que o<strong> Brasil crescer\u00e1 3,3% em 2021<\/strong>, com a expans\u00e3o da atividade desacelerando a 2,5% em 2022. O forte carrego estat\u00edstico ap\u00f3s contra\u00e7\u00e3o em 2020 e fatores externos como os pre\u00e7os mais altos das <a href=\"https:\/\/investnews.com.br\/guias\/commodities-o-que-sao\/\">commodities<\/a> e a recupera\u00e7\u00e3o do crescimento global sustentam a expans\u00e3o este ano.<\/p>\n\n\n\n<p>No entanto, o aperto de pol\u00edticas macroecon\u00f4micas e incertezas relacionadas \u00e0 elei\u00e7\u00e3o do pr\u00f3ximo ano pesam sobre o investimento e o crescimento em 2022. Os riscos de baixa derivam da incerteza na evolu\u00e7\u00e3o da pandemia e de potenciais atrasos no processo de vacina\u00e7\u00e3o.<\/p>\n\n\n\n<p>A Fitch, que calcula que o d\u00e9ficit do governo ficar\u00e1 em 7,4% do PIB este ano, chamou a aten\u00e7\u00e3o ainda para a infla\u00e7\u00e3o no Brasil, com expectativa que supere o centro da meta de 3,75% este ano em meio a pre\u00e7os mais altos de commodities e alimentos e ao real fraco.<\/p>\n\n\n\n<p>Entre os fatores que podem levar a um rebaixamento do Brasil, est\u00e3o o enfraquecimento da estrutura fiscal, uma severa deteriora\u00e7\u00e3o nas condi\u00e7\u00f5es de empr\u00e9stimo dos mercados dom\u00e9stico e externo, e grave eros\u00e3o do colch\u00e3o de reservas internacionais.<\/p>\n\n\n\n<p>A nota soberana atribu\u00edda ao Brasil pela Fitch mant\u00e9m o <strong>pa\u00eds no grupo de maior risco de cr\u00e9dito<\/strong>, o chamado status &#8220;junk&#8221;. Moody&#8217;s (&#8220;Ba2&#8221;, perspectiva est\u00e1vel) e S&amp;P (&#8220;BB-&#8220;, perspectiva est\u00e1vel) tamb\u00e9m classificam o rating do Brasil abaixo do grau de investimento.<\/p>\n\n\n\n<p> <strong>Leia tamb\u00e9m:<\/strong><br>\u2022&nbsp;<a rel=\"noreferrer noopener\" href=\"https:\/\/investnews.com.br\/cafeina\/fundo-garantidor-de-credito-quais-investimentos-sao-garantidos-pelo-fgc\/\" target=\"_blank\">Fundo Garantidor de Cr\u00e9dito<\/a>: quais investimentos s\u00e3o garantidos pelo <a href=\"https:\/\/investnews.com.br\/guias\/o-que-e-fgc\/\">FGC<\/a>?<br>\u2022 China e Estados Unidos discutem&nbsp;<a rel=\"noreferrer noopener\" href=\"https:\/\/investnews.com.br\/economia\/china-e-estados-unidos-discutem-comercio-bilateral\/\" target=\"_blank\">com\u00e9rcio bilateral<\/a>.<br>\u2022 Confian\u00e7a da&nbsp;<a rel=\"noreferrer noopener\" href=\"https:\/\/investnews.com.br\/economia\/confianca-da-industria-no-brasil-mostra-recuperacao-em-maio\/\" target=\"_blank\">ind\u00fastria no Brasil<\/a>&nbsp;mostra recupera\u00e7\u00e3o em maio.<br>\u2022&nbsp;<a rel=\"noreferrer noopener\" href=\"https:\/\/investnews.com.br\/economia\/taxa-de-desemprego-fica-em-147-no-trimestre-ate-marco-revela-ibge\/\" target=\"_blank\">Taxa de desemprego<\/a>&nbsp;fica em 14,7% no trimestre at\u00e9 mar\u00e7o, revela IBGE. <\/p>\n","protected":false},"excerpt":{"rendered":"<p>A nota soberana atribu\u00edda ao pa\u00eds mant\u00e9m o Brasil no grupo de maior risco de cr\u00e9dito.<\/p>\n","protected":false},"author":7,"featured_media":9974,"comment_status":"closed","ping_status":"open","sticky":false,"template":"","format":"standard","meta":{"_acf_changed":false,"inline_featured_image":false,"footnotes":""},"categories":[5],"tags":[995],"autor-wsj":[],"coauthors":[1494],"class_list":["post-250069","post","type-post","status-publish","format-standard","has-post-thumbnail","hentry","category-economia","tag-divida-publica"],"acf":[],"amp_enabled":true,"_links":{"self":[{"href":"https:\/\/investnews.com.br\/inv-api\/wp\/v2\/posts\/250069","targetHints":{"allow":["GET"]}}],"collection":[{"href":"https:\/\/investnews.com.br\/inv-api\/wp\/v2\/posts"}],"about":[{"href":"https:\/\/investnews.com.br\/inv-api\/wp\/v2\/types\/post"}],"author":[{"embeddable":true,"href":"https:\/\/investnews.com.br\/inv-api\/wp\/v2\/users\/7"}],"replies":[{"embeddable":true,"href":"https:\/\/investnews.com.br\/inv-api\/wp\/v2\/comments?post=250069"}],"version-history":[{"count":7,"href":"https:\/\/investnews.com.br\/inv-api\/wp\/v2\/posts\/250069\/revisions"}],"predecessor-version":[{"id":250076,"href":"https:\/\/investnews.com.br\/inv-api\/wp\/v2\/posts\/250069\/revisions\/250076"}],"wp:featuredmedia":[{"embeddable":true,"href":"https:\/\/investnews.com.br\/inv-api\/wp\/v2\/media\/9974"}],"wp:attachment":[{"href":"https:\/\/investnews.com.br\/inv-api\/wp\/v2\/media?parent=250069"}],"wp:term":[{"taxonomy":"category","embeddable":true,"href":"https:\/\/investnews.com.br\/inv-api\/wp\/v2\/categories?post=250069"},{"taxonomy":"post_tag","embeddable":true,"href":"https:\/\/investnews.com.br\/inv-api\/wp\/v2\/tags?post=250069"},{"taxonomy":"autor-wsj","embeddable":true,"href":"https:\/\/investnews.com.br\/inv-api\/wp\/v2\/autor-wsj?post=250069"},{"taxonomy":"author","embeddable":true,"href":"https:\/\/investnews.com.br\/inv-api\/wp\/v2\/coauthors?post=250069"}],"curies":[{"name":"wp","href":"https:\/\/api.w.org\/{rel}","templated":true}]}}