{"id":250175,"date":"2021-05-28T08:52:36","date_gmt":"2021-05-28T11:52:36","guid":{"rendered":"https:\/\/investnews.com.br\/?p=250175"},"modified":"2024-06-26T12:09:04","modified_gmt":"2024-06-26T15:09:04","slug":"governo-alerta-para-a-pior-seca-em-111-anos-e-deve-emitir-alerta-de-emergencia","status":"publish","type":"post","link":"https:\/\/investnews.com.br\/economia\/governo-alerta-para-a-pior-seca-em-111-anos-e-deve-emitir-alerta-de-emergencia\/","title":{"rendered":"Governo anuncia pior seca em 111 anos e deve emitir alerta de emerg\u00eancia"},"content":{"rendered":"\n<p>O <strong>governo deve emitir alerta de emerg\u00eancia h\u00eddrica<\/strong> para o per\u00edodo de junho a setembro em cinco Estados brasileiros &#8211; <strong>Minas Gerais, Goi\u00e1s, Mato Grosso do Sul, S\u00e3o Paulo e Paran<\/strong>\u00e1. Todos est\u00e3o na bacia do Rio Paran\u00e1, onde se concentra parte da produ\u00e7\u00e3o agropecu\u00e1ria e grandes hidrel\u00e9tricas. Na regi\u00e3o, a situa\u00e7\u00e3o \u00e9 classificada como &#8220;severa&#8221; e a previs\u00e3o \u00e9 de pouco volume de chuvas para o per\u00edodo.<\/p>\n\n\n\n<p>\u00c9 o <strong>primeiro alerta dessa natureza em 111 anos de servi\u00e7os meteorol\u00f3gicos do Pa\u00eds<\/strong>. A medida corrobora as declara\u00e7\u00f5es do presidente Jair Bolsonaro e do ministro das Minas e Energia, Bento Albuquerque, de que o Brasil enfrenta a maior crise h\u00eddrica dos \u00faltimos tempos.<\/p>\n\n\n\n<p>O alerta, obtido pelo&nbsp;&#8220;Broadcast\/Estad\u00e3o&#8221;, ser\u00e1 divulgado de forma conjunta hoje pelo Sistema Nacional de Meteorologia (SNM), \u00f3rg\u00e3os federais ligados \u00e0 meteorologia, a Ag\u00eancia Nacional de \u00c1guas e Saneamento B\u00e1sico (ANA) e o Centro Nacional de Monitoramento e Alerta de Desastres Naturais (Cemaden). <\/p>\n\n\n\n<h2 class=\"wp-block-heading\">O que causou a emerg\u00eancia h\u00eddrica<\/h2>\n\n\n\n<p>No documento, as institui\u00e7\u00f5es refor\u00e7am que a emerg\u00eancia h\u00eddrica \u00e9 associada \u00e0 escassez de precipita\u00e7\u00e3o na regi\u00e3o hidrogr\u00e1fica e a <strong>previs\u00e3o de que o cen\u00e1rio persista at\u00e9 setembro.<\/strong><\/p>\n\n\n\n<p>De acordo com o SNM, o d\u00e9ficit de precipita\u00e7\u00e3o na bacia do Paran\u00e1 est\u00e1 provavelmente relacionado \u00e0 influ\u00eancia de dois fen\u00f4menos atmosf\u00e9ricos de grande escala. <\/p>\n\n\n\n<p>O primeiro \u00e9 <strong>La Ni\u00f1a<\/strong>, de outubro de 2020 a mar\u00e7o de 2021. O fen\u00f4meno traz resfriamento das \u00e1guas do Oceano Pac\u00edfico, diminui a temperatura da superf\u00edcie do mar, altera o padr\u00e3o de circula\u00e7\u00e3o global e, entre as caracter\u00edsticas do per\u00edodo, reduziu chuvas no sul do Brasil. <\/p>\n\n\n\n<p>O segundo \u00e9 a <strong>Oscila\u00e7\u00e3o Ant\u00e1rtica (OA)<\/strong>, respons\u00e1vel por alterar o padr\u00e3o de press\u00e3o atmosf\u00e9rica na regi\u00e3o. Desde outubro de 2020 a OA tem atuado para impedir que sistemas causadores de chuvas se desloquem sobre as regi\u00f5es continentais da Am\u00e9rica do Sul.<\/p>\n\n\n\n<p>A situa\u00e7\u00e3o de escassez h\u00eddrica, no entanto, \u00e9 anterior. Segundo levantamento feito pelos \u00f3rg\u00e3os pela an\u00e1lise de <strong>chuvas<\/strong> entre outubro de 2019 e abril de 2021 na bacia do Paran\u00e1, apenas em dezembro de 2019, agosto de 2020 e janeiro de 2021 as precipita\u00e7\u00f5es ficaram acima da m\u00e9dia. <\/p>\n\n\n\n<p>&#8220;Durante a maior parte do per\u00edodo houve predom\u00ednio de d\u00e9ficit de precipita\u00e7\u00e3o, principalmente a partir de fevereiro de 2021. Essa caracter\u00edstica se mant\u00e9m no m\u00eas atual, com acumulado parcial de 27 mil\u00edmetros para a bacia, ou seja, abaixo do acumulado climatol\u00f3gico que \u00e9 de 98 mil\u00edmetros&#8221;, informa o texto do alerta.<\/p>\n\n\n\n<p>O SNM alerta que o \u00edndice de precipita\u00e7\u00e3o na maior parte da bacia hidrogr\u00e1fica apresenta-se moderado a extremo, considerando os \u00faltimos 6 e 12 meses, bem como em uma an\u00e1lise de um per\u00edodo mais longo, dos \u00faltimos 48 meses. Ou seja, a situa\u00e7\u00e3o atual de d\u00e9ficit de precipita\u00e7\u00e3o \u00e9 severa, alerta.<\/p>\n\n\n\n<p><strong>Leia tamb\u00e9m:<\/strong><\/p>\n\n\n\n<p>\u2022 <a href=\"https:\/\/investnews.com.br\/cafeina\/carteira-de-acoes-como-montar-uma-do-zero\/\" class=\"rank-math-link\">Carteira de A\u00e7\u00f5es<\/a>: como montar uma do zero?<br>\u2022 5 fatos para hoje: benef\u00edcio emergencial e <a href=\"https:\/\/investnews.com.br\/geral\/5-fatos-para-hoje-beneficio-emergencial-e-privatizacao-dos-correios\/\" class=\"rank-math-link\">privatiza\u00e7\u00e3o dos correios<\/a><a href=\"https:\/\/investnews.com.br\/economia\/china-e-estados-unidos-discutem-comercio-bilateral\/\" class=\"rank-math-link\">.<br><\/a>\u2022 Lata v\u00ea chance de <a href=\"https:\/\/investnews.com.br\/negocios\/iata-ve-chance-de-fusao-entre-aereas-no-pais-apos-interesse-da-azul-pela-latam\/\" class=\"rank-math-link\">fus\u00e3o entre a\u00e9reas<\/a> no pa\u00eds ap\u00f3s interesse da Azul pela Latam.<br>\u2022 <a href=\"https:\/\/investnews.com.br\/economia\/pib-da-franca-no-1o-tri-e-revisado-para-contracao-de-01\/\" class=\"rank-math-link\">PIB da Fran\u00e7a<\/a> no 1\u00ba tri \u00e9 revisado para contra\u00e7\u00e3o de 0,1%.<br>\u2022 <a href=\"https:\/\/investnews.com.br\/geral\/pensa-em-mudar-de-carreira-veja-se-e-a-hora-certa-e-como-se-preparar\/\" class=\"rank-math-link\">Transi\u00e7\u00e3o de carreira<\/a>: veja se \u00e9 a hora certa e como se preparar.<br>\u2022 <a href=\"https:\/\/investnews.com.br\/financas\/bndes-podera-coordenar-e-estruturar-distribuicao-de-titulos\/\" class=\"rank-math-link\">BNDES<\/a> poder\u00e1 coordenar e estruturar distribui\u00e7\u00e3o de t\u00edtulos.<\/p>\n","protected":false},"excerpt":{"rendered":"<p>Medida deve valer para o per\u00edodo de junho a setembro em cinco Estados brasileiros.<\/p>\n","protected":false},"author":7,"featured_media":243399,"comment_status":"closed","ping_status":"open","sticky":false,"template":"","format":"standard","meta":{"_acf_changed":false,"inline_featured_image":false,"footnotes":""},"categories":[5],"tags":[],"autor-wsj":[],"coauthors":[1494],"class_list":["post-250175","post","type-post","status-publish","format-standard","has-post-thumbnail","hentry","category-economia"],"acf":[],"amp_enabled":true,"_links":{"self":[{"href":"https:\/\/investnews.com.br\/inv-api\/wp\/v2\/posts\/250175","targetHints":{"allow":["GET"]}}],"collection":[{"href":"https:\/\/investnews.com.br\/inv-api\/wp\/v2\/posts"}],"about":[{"href":"https:\/\/investnews.com.br\/inv-api\/wp\/v2\/types\/post"}],"author":[{"embeddable":true,"href":"https:\/\/investnews.com.br\/inv-api\/wp\/v2\/users\/7"}],"replies":[{"embeddable":true,"href":"https:\/\/investnews.com.br\/inv-api\/wp\/v2\/comments?post=250175"}],"version-history":[{"count":7,"href":"https:\/\/investnews.com.br\/inv-api\/wp\/v2\/posts\/250175\/revisions"}],"predecessor-version":[{"id":250208,"href":"https:\/\/investnews.com.br\/inv-api\/wp\/v2\/posts\/250175\/revisions\/250208"}],"wp:featuredmedia":[{"embeddable":true,"href":"https:\/\/investnews.com.br\/inv-api\/wp\/v2\/media\/243399"}],"wp:attachment":[{"href":"https:\/\/investnews.com.br\/inv-api\/wp\/v2\/media?parent=250175"}],"wp:term":[{"taxonomy":"category","embeddable":true,"href":"https:\/\/investnews.com.br\/inv-api\/wp\/v2\/categories?post=250175"},{"taxonomy":"post_tag","embeddable":true,"href":"https:\/\/investnews.com.br\/inv-api\/wp\/v2\/tags?post=250175"},{"taxonomy":"autor-wsj","embeddable":true,"href":"https:\/\/investnews.com.br\/inv-api\/wp\/v2\/autor-wsj?post=250175"},{"taxonomy":"author","embeddable":true,"href":"https:\/\/investnews.com.br\/inv-api\/wp\/v2\/coauthors?post=250175"}],"curies":[{"name":"wp","href":"https:\/\/api.w.org\/{rel}","templated":true}]}}