{"id":250182,"date":"2021-05-28T09:03:13","date_gmt":"2021-05-28T12:03:13","guid":{"rendered":"https:\/\/investnews.com.br\/?p=250182"},"modified":"2021-05-28T09:39:39","modified_gmt":"2021-05-28T12:39:39","slug":"iata-ve-chance-de-fusao-entre-aereas-no-pais-apos-interesse-da-azul-pela-latam","status":"publish","type":"post","link":"https:\/\/investnews.com.br\/negocios\/iata-ve-chance-de-fusao-entre-aereas-no-pais-apos-interesse-da-azul-pela-latam\/","title":{"rendered":"Iata v\u00ea chance de fus\u00e3o entre a\u00e9reas no pa\u00eds ap\u00f3s interesse da Azul pela Latam"},"content":{"rendered":"\n<p>O vice-presidente regional da Associa\u00e7\u00e3o Internacional de Transportes A\u00e9reos (<strong>Iata<\/strong>, na sigla em ingl\u00eas) para as Am\u00e9ricas, Peter Cerd\u00e1, afirmou nesta quinta-feira (27), que a crise da covid-19 impactou de maneira significativa as empresas e, neste sentido, movimentos de consolida\u00e7\u00e3o devem crescer na regi\u00e3o. &#8220;Consolida\u00e7\u00e3o \u00e9 uma oportunidade no setor, as <strong><a href=\"https:\/\/investnews.com.br\/flash\/azul-e-latam-brasil-possivel-aquisicao-a-caminho\/\" class=\"rank-math-link\">discuss\u00f5es entre Azul e Latam<\/a> s\u00e3o um exemplo disso<\/strong>.&#8221;<\/p>\n\n\n\n<p>De acordo com o dirigente, a covid-19 afetou de forma severa a demanda e as companhias a\u00e9reas da regi\u00e3o n\u00e3o tiveram o suporte financeiro do governo, como ocorreu nos EUA e Europa. <\/p>\n\n\n\n<p>&#8220;Empresas encerraram opera\u00e7\u00f5es na regi\u00e3o, entraram com pedido de Chapter 11 (<a href=\"https:\/\/investnews.com.br\/guias\/recuperacao-judicial\/\">recupera\u00e7\u00e3o judicial<\/a>) nos Estados Unidos e in\u00fameras est\u00e3o com dificuldades financeiras. Acreditamos que haver\u00e1 muitas discuss\u00f5es sobre consolida\u00e7\u00e3o pela frente.&#8221;<\/p>\n\n\n\n<p>Ele destacou que as <strong>conversas para consolida\u00e7\u00e3o devem acontecer em meio \u00e0 recupera\u00e7\u00e3o ainda gradual do setor,<\/strong> com proje\u00e7\u00e3o de retomada de demanda por voos internacionais para 2024 e, no segmento dom\u00e9stico, para 2022 ou 2023.<\/p>\n\n\n\n<h2 class=\"wp-block-heading\"><strong>Demanda no Brasil<\/strong><\/h2>\n\n\n\n<p>O diretor da Iata no Brasil, Dany Oliveira, afirmou que <strong>abril foi o pior m\u00eas de demanda no Pa\u00eds em 2021.<\/strong> &#8220;Mas j\u00e1 vemos um crescimento gradual do mercado.&#8221;<\/p>\n\n\n\n<p>Ele estimou que a demanda &#8220;deve voltar a 80%, 90% ou at\u00e9 100%&#8221; dos n\u00edveis pr\u00e9-pandemia em dezembro deste ano. &#8220;Registramos um avan\u00e7o gradual da demanda, o que deve se intensificar no segundo semestre, mas a recupera\u00e7\u00e3o depende do progresso da vacina\u00e7\u00e3o e do que as companhias a\u00e9reas est\u00e3o fazendo.&#8221;<\/p>\n\n\n\n<p>Cerd\u00e1 ponderou, entretanto, que muitas fronteiras ainda est\u00e3o fechadas para brasileiros, incluindo destinos importantes para o turismo.<\/p>\n\n\n\n<p>A Associa\u00e7\u00e3o Internacional de Transportes A\u00e9reos (IATA, na sigla em ingl\u00eas) divulgou ontem que a demanda medida em passageiro-quil\u00f4metro pago (RPK) por voos dom\u00e9sticos na Am\u00e9rica Latina, em mar\u00e7o, foi 32,3% inferior a igual per\u00edodo de 2019, n\u00edvel pr\u00e9-crise.<\/p>\n\n\n\n<p><strong>Leia tamb\u00e9m:<\/strong><\/p>\n\n\n\n<p>\u2022 <a href=\"https:\/\/investnews.com.br\/cafeina\/carteira-de-acoes-como-montar-uma-do-zero\/\" class=\"rank-math-link\">Carteira de A\u00e7\u00f5es<\/a>: como montar uma do zero?<br>\u2022 5 fatos para hoje: benef\u00edcio emergencial e <a href=\"https:\/\/investnews.com.br\/geral\/5-fatos-para-hoje-beneficio-emergencial-e-privatizacao-dos-correios\/\" class=\"rank-math-link\">privatiza\u00e7\u00e3o dos correios<\/a><a href=\"https:\/\/investnews.com.br\/economia\/china-e-estados-unidos-discutem-comercio-bilateral\/\" class=\"rank-math-link\">.<br><\/a>\u2022 <a href=\"https:\/\/investnews.com.br\/geral\/governo-alerta-para-a-pior-seca-em-111-anos-e-deve-emitir-alerta-de-emergencia\/\" class=\"rank-math-link\">Crise H\u00eddrica<\/a>: Governo anuncia pior seca em 111 anos e deve emitir alerta de emerg\u00eancia.<br>\u2022 <a href=\"https:\/\/investnews.com.br\/economia\/pib-da-franca-no-1o-tri-e-revisado-para-contracao-de-01\/\" class=\"rank-math-link\">PIB da Fran\u00e7a<\/a> no 1\u00ba tri \u00e9 revisado para contra\u00e7\u00e3o de 0,1%.<br>\u2022 <a href=\"https:\/\/investnews.com.br\/geral\/pensa-em-mudar-de-carreira-veja-se-e-a-hora-certa-e-como-se-preparar\/\" class=\"rank-math-link\">Transi\u00e7\u00e3o de carreira<\/a>: veja se \u00e9 a hora certa e como se preparar.<br>\u2022 <a href=\"https:\/\/investnews.com.br\/financas\/bndes-podera-coordenar-e-estruturar-distribuicao-de-titulos\/\" class=\"rank-math-link\">BNDES<\/a> poder\u00e1 coordenar e estruturar distribui\u00e7\u00e3o de t\u00edtulos.<\/p>\n","protected":false},"excerpt":{"rendered":"<p>Para vice-presidente da entidade, consolida\u00e7\u00e3o \u00e9 uma oportunidade no setor em meio \u00e0 crise.<\/p>\n","protected":false},"author":7,"featured_media":778,"comment_status":"closed","ping_status":"open","sticky":false,"template":"","format":"standard","meta":{"_acf_changed":false,"inline_featured_image":false,"footnotes":""},"categories":[6],"tags":[792,845,154],"autor-wsj":[],"coauthors":[1494],"class_list":["post-250182","post","type-post","status-publish","format-standard","has-post-thumbnail","hentry","category-negocios","tag-aviacao","tag-latam","tag-azul"],"acf":[],"amp_enabled":true,"_links":{"self":[{"href":"https:\/\/investnews.com.br\/inv-api\/wp\/v2\/posts\/250182","targetHints":{"allow":["GET"]}}],"collection":[{"href":"https:\/\/investnews.com.br\/inv-api\/wp\/v2\/posts"}],"about":[{"href":"https:\/\/investnews.com.br\/inv-api\/wp\/v2\/types\/post"}],"author":[{"embeddable":true,"href":"https:\/\/investnews.com.br\/inv-api\/wp\/v2\/users\/7"}],"replies":[{"embeddable":true,"href":"https:\/\/investnews.com.br\/inv-api\/wp\/v2\/comments?post=250182"}],"version-history":[{"count":5,"href":"https:\/\/investnews.com.br\/inv-api\/wp\/v2\/posts\/250182\/revisions"}],"predecessor-version":[{"id":250206,"href":"https:\/\/investnews.com.br\/inv-api\/wp\/v2\/posts\/250182\/revisions\/250206"}],"wp:featuredmedia":[{"embeddable":true,"href":"https:\/\/investnews.com.br\/inv-api\/wp\/v2\/media\/778"}],"wp:attachment":[{"href":"https:\/\/investnews.com.br\/inv-api\/wp\/v2\/media?parent=250182"}],"wp:term":[{"taxonomy":"category","embeddable":true,"href":"https:\/\/investnews.com.br\/inv-api\/wp\/v2\/categories?post=250182"},{"taxonomy":"post_tag","embeddable":true,"href":"https:\/\/investnews.com.br\/inv-api\/wp\/v2\/tags?post=250182"},{"taxonomy":"autor-wsj","embeddable":true,"href":"https:\/\/investnews.com.br\/inv-api\/wp\/v2\/autor-wsj?post=250182"},{"taxonomy":"author","embeddable":true,"href":"https:\/\/investnews.com.br\/inv-api\/wp\/v2\/coauthors?post=250182"}],"curies":[{"name":"wp","href":"https:\/\/api.w.org\/{rel}","templated":true}]}}