{"id":251281,"date":"2021-06-04T06:15:00","date_gmt":"2021-06-04T09:15:00","guid":{"rendered":"https:\/\/investnews.com.br\/?p=251281"},"modified":"2024-06-24T21:39:24","modified_gmt":"2024-06-25T00:39:24","slug":"mmx-faliu-e-agora-como-ficam-as-acoes-mmxm3","status":"publish","type":"post","link":"https:\/\/investnews.com.br\/financas\/mmx-faliu-e-agora-como-ficam-as-acoes-mmxm3\/","title":{"rendered":"MMX faliu. O que acontece com as a\u00e7\u00f5es da empresa?"},"content":{"rendered":"\n<figure class=\"wp-block-embed-youtube wp-block-embed is-type-video is-provider-youtube wp-embed-aspect-16-9 wp-has-aspect-ratio\"><div class=\"wp-block-embed__wrapper\">\n<iframe loading=\"lazy\" title=\"MMX faliu. E agora? Como ficam as a\u00e7\u00f5es MMXM3?\" width=\"500\" height=\"281\" src=\"https:\/\/www.youtube.com\/embed\/-8E0xulR7mc?feature=oembed\" frameborder=\"0\" allow=\"accelerometer; autoplay; clipboard-write; encrypted-media; gyroscope; picture-in-picture; web-share\" referrerpolicy=\"strict-origin-when-cross-origin\" allowfullscreen><\/iframe>\n<\/div><\/figure>\n\n\n\n<p>Com dois processos de <a href=\"https:\/\/investnews.com.br\/guias\/recuperacao-judicial\/\">recupera\u00e7\u00e3o judicial<\/a> nas costas, a mineradora do ex-bilion\u00e1rio <strong>Eike Batista<\/strong> teve a fal\u00eancia decretada. A primeira a\u00e7\u00e3o judicial foi em Minas Gerais, e abrange o processo da <strong>MMX Sudeste<\/strong>, conhecida como Porto Sudeste Brasil. Ela \u00e9 uma subsidi\u00e1ria dedicada a movimenta\u00e7\u00e3o de min\u00e9rio de ferro no estado de Minas Gerais. &nbsp;<br><br>J\u00e1 o outro processo aconteceu no Rio de Janeiro e foi o mais recente. Este envolve a <strong>MMX Minera\u00e7\u00e3o e Met\u00e1licos<\/strong>, e a <strong>MMX Corumb\u00e1<\/strong>, uma outra subsidi\u00e1ria criada para explorar minas. Com isso, as a\u00e7\u00f5es <strong>MMXM3<\/strong> ca\u00edram 30% e agora os pap\u00e9is n\u00e3o podem mais ser negociados na bolsa, pelo menos por enquanto. <\/p>\n\n\n\n<p>Mas no \u00faltimo dia 24 de maio, a MMX Sudeste conseguiu suspender a fal\u00eancia decretada na Justi\u00e7a de Minas Gerais. Essa foi a primeira fal\u00eancia decretada, ou seja: a mais antiga. A alega\u00e7\u00e3o da mineradora foi a de que ela n\u00e3o teve direito de se manifestar em rela\u00e7\u00e3o \u00e0 decis\u00e3o.&nbsp; <\/p>\n\n\n\n<h2 class=\"wp-block-heading\">A\u00e7\u00f5es da MMX<\/h2>\n\n\n\n<p>O que a mineradora tamb\u00e9m pretende fazer no caso mais recente, decretado pela Justi\u00e7a carioca e o que consequentemente coloca as a\u00e7\u00f5es novamente em jogo na B3 \u2013 o que ajudaria a retomar o plano de recupera\u00e7\u00e3o judicial, pelo menos na cabe\u00e7a da empresa. Mas, enquanto isso n\u00e3o acontece, como ficam os <strong>acionistas da MMX? <\/strong><br><br>Segundo a <strong>B3<\/strong>, at\u00e9 o momento, as negocia\u00e7\u00f5es dos pap\u00e9is est\u00e3o suspensas e de fato a empresa est\u00e1 recorrendo da decis\u00e3o judicial. Como ainda cabe recursos para a empresa recorrer da decis\u00e3o que foi em primeira inst\u00e2ncia, as a\u00e7\u00f5es ficam congeladas para compras e vendas. &nbsp;Caso a MMX consiga recorrer em inst\u00e2ncias superiores, as a\u00e7\u00f5es podem sim voltar a ser negociadas. &nbsp;<br><br>Mas s\u00f3 depois que o processo legal for finalizado, e acontecer de fato a deslistagem das a\u00e7\u00f5es, a\u00ed a B3 vai se pronunciar sobre o que os investidores devem fazer. Mas caso a MMX n\u00e3o conseguir reverter a fal\u00eancia, o que os acionistas devem esperar?<br><br>As not\u00edcias n\u00e3o s\u00e3o positivas. Quem tem uma, duas, ou mil a\u00e7\u00f5es da MMX vai simplesmente para o fim da fila dos credores para tentar reaver o dinheiro investido. Isso porque, quando \u00e9 decretada uma fal\u00eancia, o <a href=\"https:\/\/investnews.com.br\/guias\/acionista-o-que-e-e-como-funciona\/\">acionista<\/a> deixa de ser titular de um t\u00edtulo de participa\u00e7\u00e3o e passa a ser titular de um cr\u00e9dito. Todos os bens que a MMX tinha passam a ser destinados apenas para o pagamento das d\u00edvidas. E o acionista minorit\u00e1rio tem uma posi\u00e7\u00e3o menos privilegiada em rela\u00e7\u00e3o aos demais credores. <br><br>E isso acontece porque paga-se primeiro todos os credores para s\u00f3 no final, se sobrar algum dinheiro, dividir o saldo com os acionistas. Por uma quest\u00e3o de ordem de prioridades, primeiro paga-se trabalhadores (caso haja d\u00edvida trabalhista), em sequ\u00eancia o fisco, depois os credores sem garantia de pagamento, e por fim, os acionistas. <\/p>\n\n\n\n<p>No<strong> Cafe\u00edna<\/strong> desta sexta-feira (04), <strong>Samy Dana e Dony De Nuccio<\/strong> falam sobre o caso MMX, al\u00e9m de trazerem outros casos de empresas que est\u00e3o tentando n\u00e3o ter a fal\u00eancia decretada. <\/p>\n\n\n\n<p><strong>Veja tamb\u00e9m:<\/strong><\/p>\n\n\n\n<p> \u2022 <a href=\"https:\/\/investnews.com.br\/negocios\/nubank-inicia-integracao-com-easynvest-e-corretora-tera-nova-marca\/\">Nubank<\/a> inicia integra\u00e7\u00e3o com Easynvest; corretora ter\u00e1 nova marca.<br> \u2022 <a href=\"https:\/\/investnews.com.br\/financas\/ibovespa-bate-4-recordes-seguidos-hora-de-investir-na-bolsa\/\">Ibovespa <\/a>bate 4 recordes seguidos; hora de <a href=\"https:\/\/investnews.com.br\/guias\/como-investir-em-acoes\/\">investir na bolsa<\/a>?<br> \u2022 <a href=\"https:\/\/investnews.com.br\/cafeina\/mmx-faliu-e-agora-como-ficam-as-acoes-mmxm3\/\">MMX faliu<\/a>. O que acontece com as a\u00e7\u00f5es da empresa?<br> \u2022 Morning Call: <a href=\"https:\/\/investnews.com.br\/analise\/morning-call-payroll-nos-eua-definira-o-rumo-das-bolsas-globais-as-9h30\/\">payroll nos EUA<\/a> definir\u00e1 o rumo das bolsas globais \u00e0s 9h30.<br> \u2022 Aportes em <a href=\"https:\/\/investnews.com.br\/negocios\/aportes-startups-nacionais-quadruplicaram\/\">startups nacionais<\/a> quadruplicaram.<br> \u2022 <a href=\"https:\/\/investnews.com.br\/economia\/biden-proibicao-empresas-chinesas\/\">Biden<\/a> pro\u00edbe investimento em 59 empresas chinesas de defesa e tecnologia.<br> \u2022 <a href=\"https:\/\/investnews.com.br\/negocios\/marfrig-eleva-participacao-na-brf-para-3166\/\">Marfrig<\/a> eleva participa\u00e7\u00e3o na BRF para 31,66%.<\/p>\n","protected":false},"excerpt":{"rendered":"<p>Samy e Dony falam sobre a mineradora de Eike Batista, al\u00e9m de trazerem outros casos de empresas que est\u00e3o tentando n\u00e3o ter a fal\u00eancia decretada.<\/p>\n","protected":false},"author":7,"featured_media":251308,"comment_status":"closed","ping_status":"open","sticky":false,"template":"","format":"video","meta":{"_acf_changed":false,"inline_featured_image":false,"footnotes":""},"categories":[4],"tags":[],"autor-wsj":[],"coauthors":[1569,2270,1494],"class_list":["post-251281","post","type-post","status-publish","format-video","has-post-thumbnail","hentry","category-financas","post_format-post-format-video"],"acf":[],"amp_enabled":true,"_links":{"self":[{"href":"https:\/\/investnews.com.br\/inv-api\/wp\/v2\/posts\/251281","targetHints":{"allow":["GET"]}}],"collection":[{"href":"https:\/\/investnews.com.br\/inv-api\/wp\/v2\/posts"}],"about":[{"href":"https:\/\/investnews.com.br\/inv-api\/wp\/v2\/types\/post"}],"author":[{"embeddable":true,"href":"https:\/\/investnews.com.br\/inv-api\/wp\/v2\/users\/7"}],"replies":[{"embeddable":true,"href":"https:\/\/investnews.com.br\/inv-api\/wp\/v2\/comments?post=251281"}],"version-history":[{"count":14,"href":"https:\/\/investnews.com.br\/inv-api\/wp\/v2\/posts\/251281\/revisions"}],"predecessor-version":[{"id":251424,"href":"https:\/\/investnews.com.br\/inv-api\/wp\/v2\/posts\/251281\/revisions\/251424"}],"wp:featuredmedia":[{"embeddable":true,"href":"https:\/\/investnews.com.br\/inv-api\/wp\/v2\/media\/251308"}],"wp:attachment":[{"href":"https:\/\/investnews.com.br\/inv-api\/wp\/v2\/media?parent=251281"}],"wp:term":[{"taxonomy":"category","embeddable":true,"href":"https:\/\/investnews.com.br\/inv-api\/wp\/v2\/categories?post=251281"},{"taxonomy":"post_tag","embeddable":true,"href":"https:\/\/investnews.com.br\/inv-api\/wp\/v2\/tags?post=251281"},{"taxonomy":"autor-wsj","embeddable":true,"href":"https:\/\/investnews.com.br\/inv-api\/wp\/v2\/autor-wsj?post=251281"},{"taxonomy":"author","embeddable":true,"href":"https:\/\/investnews.com.br\/inv-api\/wp\/v2\/coauthors?post=251281"}],"curies":[{"name":"wp","href":"https:\/\/api.w.org\/{rel}","templated":true}]}}