{"id":25174,"date":"2020-11-21T09:10:00","date_gmt":"2020-11-21T12:10:00","guid":{"rendered":"https:\/\/investnews.com.br\/?p=25174"},"modified":"2024-06-24T15:38:00","modified_gmt":"2024-06-24T18:38:00","slug":"5g-permitira-desenvolver-muitos-modelos-de-negocios-diz-ceo-da-tim","status":"publish","type":"post","link":"https:\/\/investnews.com.br\/negocios\/5g-permitira-desenvolver-muitos-modelos-de-negocios-diz-ceo-da-tim\/","title":{"rendered":"\u20185G permitir\u00e1 desenvolver muitos modelos de neg\u00f3cios\u2019, diz CEO da TIM"},"content":{"rendered":"\n<figure class=\"wp-block-embed\"><div class=\"wp-block-embed__wrapper\">\n<iframe loading=\"lazy\" title=\"O que muda com o 5G? Pietro Labriola, CEO da TIM, explica\" width=\"500\" height=\"281\" src=\"https:\/\/www.youtube.com\/embed\/VS3w74AZpbo?feature=oembed\" frameborder=\"0\" allow=\"accelerometer; autoplay; clipboard-write; encrypted-media; gyroscope; picture-in-picture; web-share\" referrerpolicy=\"strict-origin-when-cross-origin\" allowfullscreen><\/iframe>\n<\/div><\/figure>\n\n\n\n<p> A <strong>nova gera\u00e7\u00e3o de internet m\u00f3vel, a 5G,<\/strong> ser\u00e1 uma infraestrutura que habilitar\u00e1 o desenvolvimento de v\u00e1rios <strong>modelos de neg\u00f3cios<\/strong>. \u00c9 o que avalia o CEO da TIM (<a rel=\"noreferrer noopener\" href=\"https:\/\/investnews.com.br\/cotacao\/timp3-tim-part\/\" target=\"_blank\" class=\"rank-math-link\">TIMP3<\/a>), Pietro Labriola. Ele explica que o <strong>5G favorecer\u00e1 diversos avan\u00e7os, como na telemedicina, no ensino \u00e0 dist\u00e2ncia, na seguran\u00e7a por meio do reconhecimento facial e nos carros aut\u00f4nomos<\/strong>. \u201cS\u00e3o neg\u00f3cios que o 5G pode alavancar, mas que v\u00e3o nascer muitos outros. O que vai mudar na nossa vida \u00e9 que ser\u00e1 constru\u00edda uma outra ind\u00fastria\u201d, disse. <\/p>\n\n\n\n<p>Com leil\u00e3o da&nbsp;Ag\u00eancia Nacional de Telecomunica\u00e7\u00f5es (Anatel) previsto para acontecer em meados de 2021, <strong>Labriola avalia que o Brasil&nbsp;n\u00e3o est\u00e1 atrasado&nbsp;para o&nbsp;5G<\/strong>. Segundo o CEO da TIM, \u00e9 algo que precisa ser bem preparado antes de ser disponibilizado. \u201cN\u00e3o diria que temos um atraso. \u00c9 melhor chegar um pouco depois fazendo bem as coisas, do que chegar antes de forma ruim. E o percurso que est\u00e1 seguindo vai fazer com que o Brasil saia l\u00e1 na frente recuperando algum tempo de atraso\u201d, explicou o CEO.<\/p>\n\n\n\n<p>  Para ele, se essa infraestrutura for constru\u00edda rapidamente, favorecer\u00e1 ainda uma r\u00e1pida recupera\u00e7\u00e3o da economia.  <\/p>\n\n\n\n<h2 class=\"wp-block-heading\"><strong>Proje\u00e7\u00f5es com leil\u00e3o da Oi m\u00f3vel<\/strong><\/h2>\n\n\n\n<p>A Oi  (<a rel=\"noreferrer noopener\" href=\"https:\/\/investnews.com.br\/cotacao\/oibr3-oibr4-oi\/\" target=\"_blank\">OIBR3; OIBR4<\/a>)&nbsp; pediu <a href=\"https:\/\/investnews.com.br\/guias\/recuperacao-judicial\/\">recupera\u00e7\u00e3o judicial<\/a> no ano 2016 e teve em  setembro de 2020 <a href=\"https:\/\/investnews.com.br\/negocios\/oi-aprova-novo-plano-de-recuperacao-judicial\/\" class=\"rank-math-link\">altera\u00e7\u00f5es no processo aprovadas por acionistas<\/a> e pela Justi\u00e7a. A empresa pretende levantar quase R$ 23 bilh\u00f5es com a venda de torres, data center, infraestrutura e ativos da opera\u00e7\u00e3o m\u00f3vel. A inten\u00e7\u00e3o \u00e9 pagar credores e investir nos novos neg\u00f3cios.<\/p>\n\n\n\n<figure class=\"wp-block-embed-youtube wp-block-embed is-type-video is-provider-youtube wp-embed-aspect-16-9 wp-has-aspect-ratio\"><div class=\"wp-block-embed__wrapper\">\n<iframe loading=\"lazy\" title=\"OIBR3: Descubra como vai ser a nova Oi\" width=\"500\" height=\"281\" src=\"https:\/\/www.youtube.com\/embed\/E8XM4lM_5CI?feature=oembed\" frameborder=\"0\" allow=\"accelerometer; autoplay; clipboard-write; encrypted-media; gyroscope; picture-in-picture; web-share\" referrerpolicy=\"strict-origin-when-cross-origin\" allowfullscreen><\/iframe>\n<\/div><\/figure>\n\n\n\n<p>Do <strong><a href=\"https:\/\/investnews.com.br\/guias\/o-que-e-consorcio\/\">cons\u00f3rcio<\/a> formado pelas operadoras Claro, TIM (<a rel=\"noreferrer noopener\" href=\"https:\/\/investnews.com.br\/cotacao\/timp3-tim-part\/\" target=\"_blank\" class=\"rank-math-link\">TIMP3<\/a>)  e Telefonica (<a aria-label=\" (opens in a new tab)\" rel=\"noreferrer noopener\" href=\"https:\/\/investnews.com.br\/cotacao\/\" target=\"_blank\" class=\"rank-math-link\">VIVT4<\/a>), que apresentaram uma oferta conjunta de R$ 16,5 bilh\u00f5es pelos ativos m\u00f3veis da Oi <a href=\"https:\/\/investnews.com.br\/cotacao\/oibr3-oibr4-oi\/\" class=\"rank-math-link\">(OIBR3)<\/a>,<\/strong> com leil\u00e3o previsto para 14 de dezembro, o CEO da TIM avalia que ser\u00e1 garantido aos clientes da Oi uma qualidade de servi\u00e7o melhor do que se tem hoje. \u201cA Oi tem hoje frequ\u00eancia m\u00e9dia-alta. Ao dividir essa frequ\u00eancia entre as tr\u00eas operadoras, o cliente ter\u00e1 uma experi\u00eancia de qualidade de servi\u00e7o muito melhor\u201d, afirmou Labriola.<\/p>\n\n\n\n<p>Ele explica que o Brasil n\u00e3o \u00e9 um pa\u00eds simples para competir nas telecomunica\u00e7\u00f5es, pois o n\u00edvel de frequ\u00eancia dispon\u00edvel \u00e9 reduzido, al\u00e9m das especificidades de \u00e1rea territorial e distribui\u00e7\u00e3o populacional do pa\u00eds, mas Labriola acredita no fornecimento &nbsp;de um servi\u00e7o  melhor das tr\u00eas operadoras. \u201c\u00c9 dif\u00edcil de competir e garantir qualidade do servi\u00e7o em um pa\u00eds como o Brasil, com um n\u00edvel de frequ\u00eancia menor. \u00c9 muito prov\u00e1vel que a redu\u00e7\u00e3o de quatro para tr\u00eas operadoras vai permitir colocar \u00e0 disposi\u00e7\u00e3o do pa\u00eds uma rede de telefonia m\u00f3vel melhor, garantindo mais qualidade\u201d, contou. <\/p>\n\n\n\n<p>Para ele, este \u00e9 um assunto importante tamb\u00e9m para o futuro, pois vai interferir na escolha do cliente pela qualidade dos servi\u00e7os prestados pelas operadoras. <\/p>\n\n\n\n<p><strong>LEIA MAIS:<\/strong> <a href=\"https:\/\/investnews.com.br\/financas\/oi-tim-ou-vivo-compare-as-acoes-das-3-empresas-de-telecom-mais-negociadas\/\" class=\"rank-math-link\">Oi, TIM ou Vivo? Compare as a\u00e7\u00f5es das 3 empresas de telecom mais negociadas<\/a><\/p>\n\n\n\n<h2 class=\"wp-block-heading\"><strong>TIM X pandemia<\/strong><\/h2>\n\n\n\n<p>Ao InvestNews Entrevista, o CEO da TIM disse que <strong>a maior preocupa\u00e7\u00e3o, inicialmente, da operadora em meio \u00e0 pandemia era garantir a continuidade<\/strong> <strong>da comunica\u00e7\u00e3o<\/strong>, seja para os funcion\u00e1rios, seja para os clientes. \u201cN\u00e3o \u00e9 somente vender servi\u00e7o, mas garantir a continuidade do servi\u00e7o, pois est\u00e1vamos tendo um papel muito importante para a sociedade\u201d, contou.<\/p>\n\n\n\n<p>Segundo Labriola, n\u00e3o houve problemas particulares da TIM com conectividade durante a pandemia. O que a operadora fez foram mudan\u00e7as em algumas \u00e1reas da empresa, como uma aten\u00e7\u00e3o maior \u00e0 seguran\u00e7a da informa\u00e7\u00e3o, j\u00e1 que funcion\u00e1rios passaram a trabalhar de casa. \u201cFoi um desafio. Se fala muito de ciberseguran\u00e7a. Quando voc\u00ea coloca um computador da empresa em casa, o cuidado que voc\u00ea precisa ter \u00e9 muito maior. Tivemos que acelerar o percurso que estava planejado, mas com muito cuidado\u201d, explicou.<\/p>\n\n\n\n<p> Segundo a  <strong>Ag\u00eancia Nacional de Telecomunica\u00e7\u00f5es (Anatel), em setembro, o n\u00famero de usu\u00e1rios de celulares p\u00f3s-pagos ultrapassou o de pr\u00e9-pagos pela primeira vez no pa\u00eds<\/strong>. A base de pr\u00e9-pago da TIM encerrou o terceiro trimestre de 2020 com uma queda de 11,6% ao ano. &nbsp;Foram 3,9 milh\u00f5es de desconex\u00f5es de acessos nos \u00faltimos 12 meses. <\/p>\n\n\n\n<p>J\u00e1 a base p\u00f3s-paga da operadora no per\u00edodo reportou um crescimento de 2,3% ao ano.  Labriola explica que houve um crescimento no volume de dados, sobretudo na internet m\u00f3vel, que ele diz ser um elemento de conjun\u00e7\u00e3o de todas as classes sociais. &#8220;Pode ser que nem todo mundo use o fixo, mas todo mundo usa a rede m\u00f3vel. E n\u00f3s tivemos esse papel importante de conectividade. E n\u00e3o vai acabar. Vai continuar&#8221;, disse.<\/p>\n\n\n\n<p>Ainda de acordo com a Anatel, <strong>o uso da internet no Brasil cresceu entre 40% e 50% durante a quarentena<\/strong>, n\u00fameros vistos por Labriola como heran\u00e7a da import\u00e2ncia do servi\u00e7o para a popula\u00e7\u00e3o. \u201cEntre as mudan\u00e7as observadas no per\u00edodo, nosso servi\u00e7o subiu de prioridade. A pessoa pode ficar dois ou tr\u00eas dias sem uma cerveja ou um cigarro, mas n\u00e3o pode ficar um dia sem conectividade. Essa \u00e9 a principal heran\u00e7a desse per\u00edodo\u201d, avaliou o CEO.<\/p>\n\n\n\n<h2 class=\"wp-block-heading\"><strong>Futuro das lojas f\u00edsicas<\/strong><\/h2>\n\n\n\n<p>Com a necessidade de fechamento das lojas f\u00edsicas no momento mais cr\u00edtico da pandemia, somente parte das vendas da TIM foram revertidas pelo online. Por essa raz\u00e3o, a operadora acredita que <strong>o futuro vai continuar com a loja f\u00edsica.<\/strong> <\/p>\n\n\n\n<p>Labriola defende a import\u00e2ncia do contato humano, da pessoa de confian\u00e7a<strong>. \u201c<\/strong>Vamos continuar tendo loja no mercado que vai ser mais como um centro de experi\u00eancia e suporte. Na loja, temos que ter um lugar para a pessoa gostar de ir para entender as novidades e onde vai encontrar pessoas de confian\u00e7a que v\u00e3o explicar o funcionamento do servi\u00e7o\u201d, afirmou.<\/p>\n\n\n\n<p>&nbsp;Para ele, o futuro \u00e9 de muita inova\u00e7\u00e3o e o mundo digital n\u00e3o vai acabar com o trabalho das pessoas. \u201cN\u00e3o tem que ter medo. O que vai acontecer \u00e9 que vai mudar a modalidade de trabalhar. E n\u00f3s, seres humanos, temos que estar mais perto das m\u00e1quinas\u201d, apontou o CEO da TIM. <\/p>\n","protected":false},"excerpt":{"rendered":"<p>Para Pietro Labriola, a nova gera\u00e7\u00e3o de internet m\u00f3vel vai trazer a constru\u00e7\u00e3o de uma nova ind\u00fastria.<\/p>\n","protected":false},"author":36,"featured_media":25199,"comment_status":"closed","ping_status":"open","sticky":false,"template":"","format":"standard","meta":{"_acf_changed":false,"inline_featured_image":false,"footnotes":""},"categories":[6],"tags":[1435,271,145],"autor-wsj":[],"coauthors":[2269],"class_list":["post-25174","post","type-post","status-publish","format-standard","has-post-thumbnail","hentry","category-negocios","tag-5g","tag-internet","tag-timp3"],"acf":[],"amp_enabled":true,"_links":{"self":[{"href":"https:\/\/investnews.com.br\/inv-api\/wp\/v2\/posts\/25174","targetHints":{"allow":["GET"]}}],"collection":[{"href":"https:\/\/investnews.com.br\/inv-api\/wp\/v2\/posts"}],"about":[{"href":"https:\/\/investnews.com.br\/inv-api\/wp\/v2\/types\/post"}],"author":[{"embeddable":true,"href":"https:\/\/investnews.com.br\/inv-api\/wp\/v2\/users\/36"}],"replies":[{"embeddable":true,"href":"https:\/\/investnews.com.br\/inv-api\/wp\/v2\/comments?post=25174"}],"version-history":[{"count":47,"href":"https:\/\/investnews.com.br\/inv-api\/wp\/v2\/posts\/25174\/revisions"}],"predecessor-version":[{"id":25380,"href":"https:\/\/investnews.com.br\/inv-api\/wp\/v2\/posts\/25174\/revisions\/25380"}],"wp:featuredmedia":[{"embeddable":true,"href":"https:\/\/investnews.com.br\/inv-api\/wp\/v2\/media\/25199"}],"wp:attachment":[{"href":"https:\/\/investnews.com.br\/inv-api\/wp\/v2\/media?parent=25174"}],"wp:term":[{"taxonomy":"category","embeddable":true,"href":"https:\/\/investnews.com.br\/inv-api\/wp\/v2\/categories?post=25174"},{"taxonomy":"post_tag","embeddable":true,"href":"https:\/\/investnews.com.br\/inv-api\/wp\/v2\/tags?post=25174"},{"taxonomy":"autor-wsj","embeddable":true,"href":"https:\/\/investnews.com.br\/inv-api\/wp\/v2\/autor-wsj?post=25174"},{"taxonomy":"author","embeddable":true,"href":"https:\/\/investnews.com.br\/inv-api\/wp\/v2\/coauthors?post=25174"}],"curies":[{"name":"wp","href":"https:\/\/api.w.org\/{rel}","templated":true}]}}