{"id":252243,"date":"2021-06-08T14:42:03","date_gmt":"2021-06-08T17:42:03","guid":{"rendered":"https:\/\/investnews.com.br\/?p=252243"},"modified":"2021-06-15T10:14:11","modified_gmt":"2021-06-15T13:14:11","slug":"auxilio-emergencial-deve-ser-renovado-por-mais-2-ou-3-meses-diz-guedes","status":"publish","type":"post","link":"https:\/\/investnews.com.br\/economia\/auxilio-emergencial-deve-ser-renovado-por-mais-2-ou-3-meses-diz-guedes\/","title":{"rendered":"Aux\u00edlio emergencial deve ser renovado por mais &#8216;2 ou 3 meses&#8217;, diz Guedes"},"content":{"rendered":"\n<p>O ministro da Economia, Paulo Guedes, disse nesta ter\u00e7a-feira (8) que o governo deve estender a rodada de<strong> pagamentos do <a class=\"rank-math-link\" href=\"https:\/\/investnews.com.br\/geral\/auxilio-emergencial-terceira-parcela-e-antecipada-pela-caixa-veja-novas-datas\/\">aux\u00edlio emergencial<\/a><\/strong> aos mais vulner\u00e1veis por mais &#8220;dois ou tr\u00eas meses&#8221;, com a expectativa de ganhar tempo para o avan\u00e7o da vacina\u00e7\u00e3o contra a covid-19.<\/p>\n\n\n\n<p><strong>Leia tamb\u00e9m<\/strong>: <\/p>\n\n\n\n<ul class=\"wp-block-list\"><li><a href=\"https:\/\/investnews.com.br\/economia\/devolucao-de-auxilio-emergencial-soma-quase-r-5-bilhoes-em-2021\/\" class=\"rank-math-link\">Devolu\u00e7\u00e3o de aux\u00edlio emergencial<\/a> soma quase R$ 5 bilh\u00f5es em 2021<\/li><li><a href=\"https:\/\/investnews.com.br\/economia\/auxilio-emergencial-pagamento-da-3a-parcela-comeca-em-20-de-junho-veja-datas\/\" class=\"rank-math-link\">Aux\u00edlio emergencia<\/a>l: pagamento da 3\u00aa parcela come\u00e7a em 20 de junho<\/li><\/ul>\n\n\n\n<p>&#8220;Possivelmente vamos estender agora o aux\u00edlio emergencial, mais dois ou tr\u00eas meses, porque a pandemia est\u00e1 a\u00ed&#8221;, afirmou Guedes em participa\u00e7\u00e3o remota em um evento promovido pela Frente Parlamentar do Setor de Servi\u00e7os.<\/p>\n\n\n\n<p>&#8220;Os governadores est\u00e3o dizendo que em dois ou tr\u00eas meses a popula\u00e7\u00e3o brasileira adulta vai estar toda vacinada, ent\u00e3o n\u00f3s vamos renovar por dois ou tr\u00eas meses.&#8221;<\/p>\n\n\n\n<p>Segundo o ministro, ao fim do pagamento das parcelas do aux\u00edlio o governo implementar\u00e1 um novo Bolsa Fam\u00edlia, j\u00e1 reformulado.<\/p>\n\n\n\n<p>O governo reeditou em abril o pagamento do aux\u00edlio emergencial, com a previs\u00e3o inicial de pagamento de quatro parcelas de R$ 250. Na segunda-feira, a Reuters j\u00e1 havia informado a inten\u00e7\u00e3o do governo de estender o aux\u00edlio por mais dois meses, at\u00e9 setembro deste ano.<\/p>\n\n\n\n<p>A medida ser\u00e1 custeada por um cr\u00e9dito extraordin\u00e1rio de R$ 12 bilh\u00f5es a ser enviado ao Congresso e outros R$ 7 bilh\u00f5es que j\u00e1 est\u00e3o dispon\u00edveis no or\u00e7amento autorizado para o programa.<\/p>\n\n\n\n<p>&#8220;Logo depois, entra, ent\u00e3o, o Bolsa Fam\u00edlia, o novo Bolsa Fam\u00edlia, j\u00e1 refor\u00e7ado. Ent\u00e3o eu diria que o Brasil est\u00e1 encontrando seu caminho&#8221;, defendeu Guedes, em alus\u00e3o ao duplo compromisso do governo com a sa\u00fade da popula\u00e7\u00e3o e com o lado fiscal.<\/p>\n\n\n\n<h2 class=\"wp-block-heading\">Crescimento econ\u00f4mico<\/h2>\n\n\n\n<p>Ao tratar da <strong>recupera\u00e7\u00e3o econ\u00f4mica do pa\u00eds<\/strong> e as recentes revis\u00f5es de proje\u00e7\u00f5es para cima de institui\u00e7\u00f5es para o<a href=\"https:\/\/investnews.com.br\/economia\/pib-do-brasil-cresce-12-no-primeiro-trimestre-de-2021\/\" class=\"rank-math-link\"> Produto Interno Bruto (PIB) <\/a>deste ano, Guedes afirmou que a pasta ainda mant\u00e9m c\u00e1lculo conservador, &#8220;entre 4% e 5%&#8221; para 2021.<\/p>\n\n\n\n<p>&#8220;N\u00f3s estamos vendo, na economia brasileira, todas as revis\u00f5es sendo feitas para cima. O crescimento econ\u00f4mico, que era estimado em torno de 3,2%, 3,3%, j\u00e1 passou de 4%. J\u00e1 tem gente indo para 5%. N\u00f3s continuamos, ainda, conservadoramente, nosso c\u00e1lculo entre 4% e 5% da taxa de crescimento.&#8221;<\/p>\n\n\n\n<p>Guedes tamb\u00e9m ressaltou que o pa\u00eds tem visto o avan\u00e7o do <strong>processo de consolida\u00e7\u00e3o fiscal<\/strong>, e mencionou a trajet\u00f3ria de redu\u00e7\u00e3o do d\u00e9ficit p\u00fablico neste ano, sem o sacrif\u00edcio de programas de combate \u00e0 pandemia.<\/p>\n\n\n\n<p>A atual estimativa oficial do Minist\u00e9rio da Economia aponta para crescimento do PIB de 3,5%, de acordo com o mais recente Boletim MacroFiscal divulgado pela Secretaria de Pol\u00edtica Econ\u00f4mica em maio.<\/p>\n\n\n\n<h2 class=\"wp-block-heading\">Reforma tribut\u00e1ria<\/h2>\n\n\n\n<p>Em sua participa\u00e7\u00e3o, o ministro tamb\u00e9m afirmou que a proposta de<strong> reforma tribut\u00e1ria n\u00e3o ter\u00e1 &#8220;grande novidade<\/strong>&#8220;. Guedes mencionou que, apesar de ter a prefer\u00eancia por um texto mais amplo, o governo far\u00e1 o que for poss\u00edvel no momento em torno do tema.<\/p>\n\n\n\n<p>&#8220;Ela \u00e9 uma reforma moderada, estamos atentos, eu gostaria de fazer ela um pouco mais ampla, inclusive com desonera\u00e7\u00e3o de folha, tudo isso. N\u00e3o \u00e9 o momento, ainda, mas n\u00f3s n\u00e3o vamos desistir, s\u00f3 vamos fazer a coisa em fatias, gradualmente, vamos fazer o que \u00e9 poss\u00edvel agora, simplifica\u00e7\u00e3o, redu\u00e7\u00e3o de al\u00edquota, vamos reduzir impostos para empresas e vamos avan\u00e7ar.&#8221;<\/p>\n\n\n\n<p>Ao ser questionado sobre um eventual aumento de imposto para o setor de servi\u00e7os na proposta, Guedes recha\u00e7ou a ideia.<\/p>\n\n\n\n<p>De acordo com o ministro, a Proposta de Emenda \u00e0 Constitui\u00e7\u00e3o (PEC) 45, que trata do tema, abordava um <a href=\"https:\/\/investnews.com.br\/guias\/iva\/\">IVA<\/a> \u00fanico sob al\u00edquota de 30%, segundo as proje\u00e7\u00f5es iniciais do Minist\u00e9rio da Economia.<\/p>\n\n\n\n<p>&#8220;Isso seria absolutamente inaceit\u00e1vel para o setor de servi\u00e7os. Ent\u00e3o lutamos bastante, conversamos muito, conseguimos reduzir essas aspira\u00e7\u00f5es bastante para um IVA que talvez chegue a 12%&#8221;, explicou.<\/p>\n\n\n\n<p>&#8220;Mesmo reduzindo bastante em rela\u00e7\u00e3o aos c\u00e1lculos iniciais, n\u00f3s ainda estamos considerando a possibilidade de ter duas al\u00edquotas. Uma para com\u00e9rcio e servi\u00e7os, mais baixa, e outra para ind\u00fastria, um pouco mais alta. Ent\u00e3o \u00e9 onde n\u00f3s estamos hoje, talvez seja a maior simplifica\u00e7\u00e3o que a gente consiga fazer&#8221;, complementou o ministro.<\/p>\n\n\n\n<p><strong>Veja tamb\u00e9m:<\/strong><br> \u2022 <a href=\"https:\/\/investnews.com.br\/economia\/inflacao-do-ipca-acelera-em-maio-e-acumula-alta-de-806-em-12-meses\/\">IPCA tem maior alta<\/a> para maio em 25 anos e avan\u00e7a 8,06% em 12 meses. <br> \u2022 O que as altas e baixas da <a href=\"https:\/\/investnews.com.br\/cafeina\/o-que-as-altas-e-baixas-da-bolsa-de-valores-em-maio-podem-apontar-para-junho\/\">bolsa de valores em maio<\/a> podem apontar para junho?<br> \u2022 Morning Call: o tema \u00e9 apenas um: \u201c<a href=\"https:\/\/investnews.com.br\/analise\/morning-call-o-tema-e-apenas-um-inflacao-x-crescimento\/\">infla\u00e7\u00e3o x crescimento<\/a>\u201d.<br> \u2022 Warren Buffett investe no Nubank; isso afeta as <a href=\"https:\/\/investnews.com.br\/boletim-investnews\/warren-buffett-investe-em-nubank-isso-pode-afetar-acoes-de-bancos\/\">a\u00e7\u00f5es dos bancos<\/a>?<br> \u2022 <a href=\"https:\/\/investnews.com.br\/negocios\/btg-pactual-movimenta-r-298-bi-em-oferta-de-units\/\">BTG <\/a>Pactual movimenta R$ 2,98 bi em oferta de <a href=\"https:\/\/investnews.com.br\/guias\/o-que-sao-units\/\">units<\/a>.<br> \u2022 4 <a href=\"https:\/\/investnews.com.br\/web-stories\/4-empresas-gigantes-que-ja-quase-faliram\/\">grandes empresas<\/a> que quase faliram.<\/p>\n","protected":false},"excerpt":{"rendered":"<p>A expectativa \u00e9 ganhar tempo para o avan\u00e7o da vacina\u00e7\u00e3o contra a covid-19.<\/p>\n","protected":false},"author":7,"featured_media":233440,"comment_status":"closed","ping_status":"open","sticky":false,"template":"","format":"standard","meta":{"_acf_changed":false,"inline_featured_image":false,"footnotes":""},"categories":[5],"tags":[347,432],"autor-wsj":[],"coauthors":[1494],"class_list":["post-252243","post","type-post","status-publish","format-standard","has-post-thumbnail","hentry","category-economia","tag-paulo-guedes","tag-reforma-tributaria"],"acf":[],"amp_enabled":true,"_links":{"self":[{"href":"https:\/\/investnews.com.br\/inv-api\/wp\/v2\/posts\/252243","targetHints":{"allow":["GET"]}}],"collection":[{"href":"https:\/\/investnews.com.br\/inv-api\/wp\/v2\/posts"}],"about":[{"href":"https:\/\/investnews.com.br\/inv-api\/wp\/v2\/types\/post"}],"author":[{"embeddable":true,"href":"https:\/\/investnews.com.br\/inv-api\/wp\/v2\/users\/7"}],"replies":[{"embeddable":true,"href":"https:\/\/investnews.com.br\/inv-api\/wp\/v2\/comments?post=252243"}],"version-history":[{"count":7,"href":"https:\/\/investnews.com.br\/inv-api\/wp\/v2\/posts\/252243\/revisions"}],"predecessor-version":[{"id":253601,"href":"https:\/\/investnews.com.br\/inv-api\/wp\/v2\/posts\/252243\/revisions\/253601"}],"wp:featuredmedia":[{"embeddable":true,"href":"https:\/\/investnews.com.br\/inv-api\/wp\/v2\/media\/233440"}],"wp:attachment":[{"href":"https:\/\/investnews.com.br\/inv-api\/wp\/v2\/media?parent=252243"}],"wp:term":[{"taxonomy":"category","embeddable":true,"href":"https:\/\/investnews.com.br\/inv-api\/wp\/v2\/categories?post=252243"},{"taxonomy":"post_tag","embeddable":true,"href":"https:\/\/investnews.com.br\/inv-api\/wp\/v2\/tags?post=252243"},{"taxonomy":"autor-wsj","embeddable":true,"href":"https:\/\/investnews.com.br\/inv-api\/wp\/v2\/autor-wsj?post=252243"},{"taxonomy":"author","embeddable":true,"href":"https:\/\/investnews.com.br\/inv-api\/wp\/v2\/coauthors?post=252243"}],"curies":[{"name":"wp","href":"https:\/\/api.w.org\/{rel}","templated":true}]}}