{"id":25242,"date":"2020-11-20T08:00:00","date_gmt":"2020-11-20T11:00:00","guid":{"rendered":"https:\/\/investnews.com.br\/?p=25242"},"modified":"2020-11-23T07:57:21","modified_gmt":"2020-11-23T10:57:21","slug":"ibovespa-fecha-em-queda-de-059-com-pessimismo-no-exterior-e-fala-de-guedes","status":"publish","type":"post","link":"https:\/\/investnews.com.br\/financas\/ibovespa-fecha-em-queda-de-059-com-pessimismo-no-exterior-e-fala-de-guedes\/","title":{"rendered":"Ibovespa fecha em queda de 0,59%, com pessimismo no exterior e fala de Guedes"},"content":{"rendered":"\n<p>Dia ruim para os mercados, o aumento de casos de coronav\u00edrus trouxe uma onda de pessimismo nos Estados Unidos. Wall Street sentiu os impactos de um desentendimento entre o secret\u00e1rio do Tesouro Nacional, Steven Mnuchin, e o presidente do Federal Reserve, Jerome Powell sobre a continuidade dos est\u00edmulos fiscais em 2021. <\/p>\n\n\n\n<p>Mnuchin aposta na melhoria da economia com as vacinas enquanto Powell discorda. As bolsas americanas tiveram um dia de queda: <strong>Dow Jones caiu 0,76%, o S&amp;P 500 fechou em baixa de 0,69% e Nasdaq recuou 0,42%. <\/strong><\/p>\n\n\n\n<p>No Brasil, pegou mal a fala do ministro da Economia, Paulo Guedes, que afirmou ontem que pode usar reservas internacionais para abater a d\u00edvida p\u00fablica. O mercado interpretou isso como uma desconfian\u00e7a de Guedes na reforma fiscal. <\/p>\n\n\n\n<p>Somado ao pessimismo em Wall Street, <strong>o Ibovespa fechou em queda de 0,59% aos 106.042 pontos nesta sexta-feira (20). <\/strong>No entanto, o \u00edndice da B3 n\u00e3o zerou os ganhos da semana encerrando em alta de 1,26%. Esta \u00e9 a terceira semana consecutiva de ganhos. <\/p>\n\n\n\n<p>Os juros e o d\u00f3lar subiram repercutindo a falta de Guedes. <strong>O <a href=\"https:\/\/investnews.com.br\/guias\/tipos-de-dolar\/\">d\u00f3lar comercial<\/a> fechou em alta de 1,35%, cotado a R$ 5,3858. <\/strong>Na m\u00e1xima do dia, a moeda americana chegou a R$ 5,3918. <\/p>\n\n\n\n<p> O ganho desta sexta \u00e9 o maior desde 28 de outubro, quando a cota\u00e7\u00e3o saltou 1,42%. Um clima ainda inst\u00e1vel no exterior, em meio a temores sobre disparada de casos de Covid-19 nos Estados Unidos e redu\u00e7\u00e3o de recursos para empr\u00e9stimos emergenciais do banco central norte-americano, corroborou o ajuste dom\u00e9stico, num contexto em que o mercado segue preocupado com o rumo fiscal do Brasil.<\/p>\n\n\n\n<p><strong>LEIA MAIS: <\/strong><\/p>\n\n\n\n<ul class=\"wp-block-list\"><li><strong><a href=\"https:\/\/investnews.com.br\/analise\/resumo-dos-analistas-bolsa-globais-mistas-vacina-em-sp-petrorio-sobe-30\/\" class=\"rank-math-link\">Resumo dos Analistas: bolsas globais mistas; vacina em SP; PetroRio sobe 30%<\/a><\/strong><\/li><li><strong><a class=\"rank-math-link\" href=\"https:\/\/investnews.com.br\/cafeina\/os-5-bilionarios-que-perderam-tudo-ou-quase-tudo\/\">Os 5 bilion\u00e1rios que perderam tudo (ou quase tudo)<\/a><\/strong><\/li><\/ul>\n\n\n\n<h2 class=\"wp-block-heading\">Destaques da Bolsa<\/h2>\n\n\n\n<p>O destaque positivo do dia foi do <strong>P\u00e3o de A\u00e7\u00facar <a href=\"https:\/\/investnews.com.br\/cotacao\/pcar3-grupo-pao-de-acucar\/\" target=\"_blank\" aria-label=\"(PCAR3) (opens in a new tab)\" rel=\"noreferrer noopener\" class=\"rank-math-link\">(PCAR3)<\/a> <\/strong>que fechou em alta de <strong>4,55%.<\/strong> Segundo Murilo Breder, analista da Easynvest, a companhia informou em fato relevante que tem todas as autoriza\u00e7\u00f5es dos credores para a cis\u00e3o do Assa\u00ed e que isso n\u00e3o deve alterar a aloca\u00e7\u00e3o de d\u00edvida bruta. <\/p>\n\n\n\n<p>A not\u00edcia foi bem recebida pelo mercado porque a cis\u00e3o pode destravar o valor da companhia. &#8220;Tamb\u00e9m interessa aos acionistas de PCAR3 j\u00e1 que a companhia anunciou que ap\u00f3s a listagem, quem tiver 1 a\u00e7\u00e3o PCAR3 receber\u00e1 1 a\u00e7\u00e3o do Assa\u00ed&#8221;, explica. <\/p>\n\n\n\n<p>Subiram tamb\u00e9m <strong>IRB Brasil <a href=\"https:\/\/investnews.com.br\/cotacao\/irbr3-irb-brasil\/\" target=\"_blank\" aria-label=\"(IRBR3) (opens in a new tab)\" rel=\"noreferrer noopener\" class=\"rank-math-link\">(IRBR3)<\/a><\/strong> e <strong>Cielo <a href=\"https:\/\/investnews.com.br\/cotacao\/ciel3-cielo\/\" target=\"_blank\" aria-label=\"(CIEL3) (opens in a new tab)\" rel=\"noreferrer noopener\" class=\"rank-math-link\">(CIEL3)<\/a><\/strong> que avan\u00e7aram <strong>4,34%<\/strong> e <strong>3,45%<\/strong>, respectivamente. <\/p>\n\n\n\n<p>No lado oposto do Ibovespa, o destaque negativo foi da <strong>PetroRio <\/strong><a href=\"https:\/\/investnews.com.br\/cotacao\/acao\/?ticker=PRIO3\" target=\"_blank\" aria-label=\"(PRIO3)  (opens in a new tab)\" rel=\"noreferrer noopener\" class=\"rank-math-link\"><strong>(PRIO3)<\/strong> <\/a>que fechou em queda de <strong>6,07%<\/strong> ap\u00f3s ter saltado quase 30% na v\u00e9spera. Este foi o movimento de realiza\u00e7\u00e3o de ganhos.<\/p>\n\n\n\n<p>Nesta quinta-feira (19), a petrol\u00edfera disparou com a not\u00edcia de que vai adquirir fatias de 35,7% no bloco BM-C-30 (campo de Wahoo) e 60% no bloco BM-C-32 (Itaipu), tornando-se assim operadora de ambos.<\/p>\n\n\n\n<p>Caiu tamb\u00e9m a <strong>Gol <a href=\"https:\/\/investnews.com.br\/cotacao\/goll4-gol-linhas-aereas-inteligentes\/\" target=\"_blank\" aria-label=\"(GOLL4) (opens in a new tab)\" rel=\"noreferrer noopener\" class=\"rank-math-link\">(GOLL4)<\/a><\/strong> que desvalorizou <strong>3,91%<\/strong>, repercutindo o avan\u00e7o de casos de coronav\u00edrus. Seguida da <strong>Ecorodovias <\/strong><a href=\"https:\/\/investnews.com.br\/cotacao\/ecor3-ecorodovias-infraestrutura-logistica\/\" target=\"_blank\" aria-label=\"(ECOR3)  (opens in a new tab)\" rel=\"noreferrer noopener\" class=\"rank-math-link\"><strong>(ECOR3)<\/strong> <\/a>com baixa de <strong>3,44%. <\/strong><\/p>\n\n\n\n<h2 class=\"wp-block-heading\">Bolsas Americanas<\/h2>\n\n\n\n<p>As a\u00e7\u00f5es dos Estados Unidos fecharam em baixa nesta sexta-feira (20), quando os investidores processaram a evolu\u00e7\u00e3o da discuss\u00e3o sobre est\u00edmulo fiscal, preocupa\u00e7\u00f5es com o processo de implementa\u00e7\u00e3o de vacinas e um n\u00famero crescente de bloqueios estaduais para combater a espiral da pandemia de Covid-19.<\/p>\n\n\n\n<p>O desempenho de pap\u00e9is que se beneficiam do confinamento e que tiveram desempenho superior ao longo da crise de sa\u00fade, como da Zoom Communications e Netflix Inc, ajudaram a conter a perda do Nasdaq.<\/p>\n\n\n\n<p>Ao longo da semana, o fluxo e refluxo das not\u00edcias sobre vacinas e o aumento das infec\u00e7\u00f5es fizeram os investidores oscilarem entre a\u00e7\u00f5es sens\u00edveis a ciclos econ\u00f4micos e l\u00edderes de mercado resistentes aos tempos de pandemia.<\/p>\n\n\n\n<p><strong>Dow Jones caiu 0,76%, para 29.263,28 pontos, o S&amp;P 500 perdeu 0,69%, para 3.557,65 pontos e o Nasdaq recuou 0,42%, para 11.854,97 pontos.<\/strong><\/p>\n\n\n\n<h2 class=\"wp-block-heading\">Bolsas na Europa<\/h2>\n\n\n\n<p> As bolsas da Europa fecharam o preg\u00e3o desta sexta-feira (20) em alta, impulsionadas por um avan\u00e7o acima do esperado nas vendas do varejo do Reino Unido, assim como pela expectativa de que um acordo p\u00f3s-Brexit seja alcan\u00e7ado entre Londres e Bruxelas. O an\u00fancio da farmac\u00eautica Pfizer de que pedir\u00e1 autoriza\u00e7\u00e3o para uso emergencial de uma vacina contra a covid-19 tamb\u00e9m ajudou a melhorar o humor no mercado acion\u00e1rio do Velho Continente, embora um impasse entre o Federal Reserve (Fed, o banco central americano) e o Tesouro dos Estados Unidos gera cautela nos mercados em geral. <strong>O \u00edndice pan-europeu Stoxx-600 subiu 0,47%, a 389,44 pontos, e registrou ganho semanal de 1,11%.<\/strong><\/p>\n\n\n\n<p>&#8220;O novo aumento nas vendas no varejo em outubro significa que elas est\u00e3o agora 6,8% acima do n\u00edvel anterior ao coronav\u00edrus&#8221;, destacam analistas da Capital Economics. No m\u00eas passado, o varejo brit\u00e2nico cresceu 5,8%, na compara\u00e7\u00e3o anual, acima do esperado por analistas. No entanto, o atual &#8220;lockdown&#8221; significa que os gastos do consumidor provavelmente cair\u00e3o em novembro, pondera a consultoria brit\u00e2nica.<\/p>\n\n\n\n<p>O bom humor gerado pelo indicador econ\u00f4mico brit\u00e2nico aumentou ap\u00f3s a Pfizer anunciar que enviar\u00e1 hoje \u00e0 Administra\u00e7\u00e3o de Alimentos e Medicamentos (FDA, na sigla em ingl\u00eas) dos EUA o pedido de uso emergencial de uma vacina contra a covid-19 que apresentou 95% de efic\u00e1cia nos resultados finais dos testes.<\/p>\n\n\n\n<p>H\u00e1 tamb\u00e9m uma expectativa pelo acordo comercial p\u00f3s-Brexit entre Reino Unido e Uni\u00e3o Europeia. A presidente da Comiss\u00e3o Europeia, Ursula von der Leyen, por\u00e9m, disse que o bloco quer chegar um entendimento, &#8220;mas n\u00e3o a qualquer pre\u00e7o&#8221;.<\/p>\n\n\n\n<p>A presidente do Banco Central Europeu (BCE), Christine Lagarde, por sua vez, alertou que o continente enfrentar\u00e1 &#8220;muitos desafios&#8221; nos pr\u00f3ximos anos, com o envelhecimento populacional, o aumento da d\u00edvida e as mudan\u00e7as clim\u00e1ticas.<\/p>\n\n\n\n<p>Nos Estados Unidos, h\u00e1 um impasse entre o Federal Reserve e o Departamento do Tesouro, ap\u00f3s o secret\u00e1rio Steven Mnuchin decidir n\u00e3o renovar os programas emergenciais de empr\u00e9stimos.<\/p>\n\n\n\n<p>O \u00edndice FTSE 100, da Bolsa de Londres, avan\u00e7ou 0,27%, a 6.351,45 pontos, com alta de 0,56% na semana. O alem\u00e3o DAX, de Frankfurt, por sua vez, subiu 0,39%, a 13.137,25 pontos, e acumulou ganho semanal de 0,46%.<\/p>\n\n\n\n<p>O FTSE MIB da Bolsa de Mil\u00e3o registrou alta de 0,79%, a 21.706,96 pontos, com avan\u00e7o semanal de 3,84%. Em Paris, o CAC 40 ganhou 0,39%, a 5.495,89 pontos. Na semana, o \u00edndice acion\u00e1rio franc\u00eas subiu 2,15%.<\/p>\n\n\n\n<p>Na Bolsa de Madri, o \u00edndice IBEX 35 encerrou as negocia\u00e7\u00f5es em alta de 0,60%, a 7.977,90 pontos, e com ganho semanal de 2,49%. J\u00e1 em Lisboa, o PSI 20 subiu 1,30%, a 4424,15 pontos, na m\u00e1xima do dia, e tamb\u00e9m obteve alta de 1,30% na compara\u00e7\u00e3o semanal.<\/p>\n\n\n\n<p><em>*Com Reuters e Estad\u00e3o Conte\u00fado <\/em><\/p>\n","protected":false},"excerpt":{"rendered":"<p>D\u00f3lar sobe repercutindo inten\u00e7\u00e3o do ministro da Economia de usar reservas internacionais para solucionar d\u00edvida p\u00fablica <\/p>\n","protected":false},"author":18,"featured_media":2489,"comment_status":"closed","ping_status":"open","sticky":false,"template":"","format":"standard","meta":{"_acf_changed":false,"inline_featured_image":false,"footnotes":""},"categories":[4],"tags":[226],"autor-wsj":[],"coauthors":[1500],"class_list":["post-25242","post","type-post","status-publish","format-standard","has-post-thumbnail","hentry","category-financas","tag-bolsa-de-valores"],"acf":[],"amp_enabled":true,"_links":{"self":[{"href":"https:\/\/investnews.com.br\/inv-api\/wp\/v2\/posts\/25242","targetHints":{"allow":["GET"]}}],"collection":[{"href":"https:\/\/investnews.com.br\/inv-api\/wp\/v2\/posts"}],"about":[{"href":"https:\/\/investnews.com.br\/inv-api\/wp\/v2\/types\/post"}],"author":[{"embeddable":true,"href":"https:\/\/investnews.com.br\/inv-api\/wp\/v2\/users\/18"}],"replies":[{"embeddable":true,"href":"https:\/\/investnews.com.br\/inv-api\/wp\/v2\/comments?post=25242"}],"version-history":[{"count":11,"href":"https:\/\/investnews.com.br\/inv-api\/wp\/v2\/posts\/25242\/revisions"}],"predecessor-version":[{"id":25361,"href":"https:\/\/investnews.com.br\/inv-api\/wp\/v2\/posts\/25242\/revisions\/25361"}],"wp:featuredmedia":[{"embeddable":true,"href":"https:\/\/investnews.com.br\/inv-api\/wp\/v2\/media\/2489"}],"wp:attachment":[{"href":"https:\/\/investnews.com.br\/inv-api\/wp\/v2\/media?parent=25242"}],"wp:term":[{"taxonomy":"category","embeddable":true,"href":"https:\/\/investnews.com.br\/inv-api\/wp\/v2\/categories?post=25242"},{"taxonomy":"post_tag","embeddable":true,"href":"https:\/\/investnews.com.br\/inv-api\/wp\/v2\/tags?post=25242"},{"taxonomy":"autor-wsj","embeddable":true,"href":"https:\/\/investnews.com.br\/inv-api\/wp\/v2\/autor-wsj?post=25242"},{"taxonomy":"author","embeddable":true,"href":"https:\/\/investnews.com.br\/inv-api\/wp\/v2\/coauthors?post=25242"}],"curies":[{"name":"wp","href":"https:\/\/api.w.org\/{rel}","templated":true}]}}