{"id":253469,"date":"2021-06-14T18:34:45","date_gmt":"2021-06-14T21:34:45","guid":{"rendered":"https:\/\/investnews.com.br\/?p=253469"},"modified":"2024-06-24T15:40:41","modified_gmt":"2024-06-24T18:40:41","slug":"covid-19-calendario-da-vacinacao-acelera-veja-quem-esta-ganhando-com-o-avanco","status":"publish","type":"post","link":"https:\/\/investnews.com.br\/financas\/covid-19-calendario-da-vacinacao-acelera-veja-quem-esta-ganhando-com-o-avanco\/","title":{"rendered":"Covid-19: calend\u00e1rio da vacina\u00e7\u00e3o acelera; veja quem est\u00e1 ganhando com o avan\u00e7o"},"content":{"rendered":"\n<figure class=\"wp-block-embed-youtube wp-block-embed is-type-video is-provider-youtube wp-embed-aspect-16-9 wp-has-aspect-ratio\"><div class=\"wp-block-embed__wrapper\">\n<iframe loading=\"lazy\" title=\"Covid-19: calend\u00e1rio da vacina\u00e7\u00e3o acelera, veja quem est\u00e1 ganhando com o avan\u00e7o\" width=\"500\" height=\"281\" src=\"https:\/\/www.youtube.com\/embed\/xeAyC6lwPT8?feature=oembed\" frameborder=\"0\" allow=\"accelerometer; autoplay; clipboard-write; encrypted-media; gyroscope; picture-in-picture; web-share\" referrerpolicy=\"strict-origin-when-cross-origin\" allowfullscreen><\/iframe>\n<\/div><\/figure>\n\n\n\n<p>Na segunda-feira (14), o preg\u00e3o do <strong>Ibovespa foi marcado por ganhos<\/strong>, com destaque para as a\u00e7\u00f5es de companhias de educa\u00e7\u00e3o, turismo e de shoppings. Os papeis destes setores acabam se beneficiando com os sinais da recupera\u00e7\u00e3o econ\u00f4mica e da reabertura gradual das atividades. <\/p>\n\n\n\n<p>O otimismo do mercado vem a galope da antecipa\u00e7\u00e3o do <strong>calend\u00e1rio de vacina\u00e7\u00e3o contra a covid-19<\/strong> em S\u00e3o Paulo, e a sinaliza\u00e7\u00e3o que a capital carioca pode adotar a mesma estrat\u00e9gia. <\/p>\n\n\n\n<p>Sendo assim, as a\u00e7\u00f5es da <strong>Cogna<\/strong> (<a href=\"https:\/\/investnews.com.br\/cotacao\/cogn3-cogna\/\" class=\"rank-math-link\"><strong>COGN3<\/strong><\/a>) subiram cerca de 9%, da <strong>Yduqs<\/strong> (<a href=\"https:\/\/investnews.com.br\/cotacao\/yduq3-yduqs\/\" class=\"rank-math-link\"><strong>YDUQ3<\/strong><\/a>) avan\u00e7aram cerca de 4%, enquanto Multiplan (<a href=\"https:\/\/investnews.com.br\/cotacao\/mult3-multiplan-2\/\" class=\"rank-math-link\"><strong>MULT3<\/strong><\/a>), <strong>brMalls<\/strong> (<a href=\"https:\/\/investnews.com.br\/cotacao\/brml3-br-malls\/\" class=\"rank-math-link\"><strong>BRML3<\/strong><\/a>) e <strong>Iguatemi <\/strong>(<a href=\"https:\/\/investnews.com.br\/cotacao\/igta3-iguatemi-shopping-centers-sa\/\" class=\"rank-math-link\"><strong>IGTA3<\/strong><\/a>) tamb\u00e9m subiram. <strong>CVC<\/strong> (<a href=\"https:\/\/investnews.com.br\/cotacao\/cvcb3-cvc\/\" class=\"rank-math-link\"><strong>CVCB3<\/strong><\/a>), do setor de turismo, avan\u00e7ou quase 2%, enquanto<strong> Azul<\/strong> (<a href=\"https:\/\/investnews.com.br\/cotacao\/azul4-azul\/\" class=\"rank-math-link\"><strong>AZUL4<\/strong><\/a>) subiu mais de 3%.  <\/p>\n\n\n\n<p>No&nbsp;<em>Mais InvestNews&nbsp;<\/em>desta segunda-feira (14), Samy Dana e Dony De Nuccio tamb\u00e9m falam sobre outros destaques: <\/p>\n\n\n\n<ul class=\"wp-block-list\"><li>A <strong>Cabify<\/strong> encerrou as suas opera\u00e7\u00f5es no Brasil;<\/li><li>A <strong>Petrobras<\/strong> teve boa classifica\u00e7\u00e3o pelo <strong>Credit Suisse<\/strong>, que indica a redu\u00e7\u00e3o do seu endividamento e consequente aumento nos <a href=\"https:\/\/investnews.com.br\/guias\/dividendos-o-que-sao-como-funcionam\/\">dividendos<\/a> pagos aos seus acionistas;<\/li><li>A  companhia a\u00e9rea <strong>Gol<\/strong> aumentou o seu capital;<\/li><li>Parceria in\u00e9dita entre o <strong>MEC<\/strong> e a <strong>CVM<\/strong> vai levar educa\u00e7\u00e3o financeira a alunos da rede p\u00fablica;<\/li><li>MP prev\u00ea o racionamento obrigat\u00f3rio de energia; <\/li><li>Os destaques do <strong><a href=\"https:\/\/investnews.com.br\/guias\/boletim-focus-entenda-o-que-e\/\">boletim Focus<\/a><\/strong> <\/li><li>E a <strong>extens\u00e3o do auxilio emergencial<\/strong>.<\/li><\/ul>\n","protected":false},"excerpt":{"rendered":"<p>O governo do estado de S\u00e3o Paulo pretende vacinar toda a popula\u00e7\u00e3o adulta at\u00e9 setembro. H\u00e1 sinais de que a capital carioca tamb\u00e9m possa adotar a mesma estrat\u00e9gia. <\/p>\n","protected":false},"author":37,"featured_media":253471,"comment_status":"closed","ping_status":"open","sticky":false,"template":"","format":"standard","meta":{"_acf_changed":false,"inline_featured_image":false,"footnotes":""},"categories":[4],"tags":[],"autor-wsj":[],"coauthors":[2270,1569],"class_list":["post-253469","post","type-post","status-publish","format-standard","has-post-thumbnail","hentry","category-financas"],"acf":[],"amp_enabled":true,"_links":{"self":[{"href":"https:\/\/investnews.com.br\/inv-api\/wp\/v2\/posts\/253469","targetHints":{"allow":["GET"]}}],"collection":[{"href":"https:\/\/investnews.com.br\/inv-api\/wp\/v2\/posts"}],"about":[{"href":"https:\/\/investnews.com.br\/inv-api\/wp\/v2\/types\/post"}],"author":[{"embeddable":true,"href":"https:\/\/investnews.com.br\/inv-api\/wp\/v2\/users\/37"}],"replies":[{"embeddable":true,"href":"https:\/\/investnews.com.br\/inv-api\/wp\/v2\/comments?post=253469"}],"version-history":[{"count":14,"href":"https:\/\/investnews.com.br\/inv-api\/wp\/v2\/posts\/253469\/revisions"}],"predecessor-version":[{"id":253611,"href":"https:\/\/investnews.com.br\/inv-api\/wp\/v2\/posts\/253469\/revisions\/253611"}],"wp:featuredmedia":[{"embeddable":true,"href":"https:\/\/investnews.com.br\/inv-api\/wp\/v2\/media\/253471"}],"wp:attachment":[{"href":"https:\/\/investnews.com.br\/inv-api\/wp\/v2\/media?parent=253469"}],"wp:term":[{"taxonomy":"category","embeddable":true,"href":"https:\/\/investnews.com.br\/inv-api\/wp\/v2\/categories?post=253469"},{"taxonomy":"post_tag","embeddable":true,"href":"https:\/\/investnews.com.br\/inv-api\/wp\/v2\/tags?post=253469"},{"taxonomy":"autor-wsj","embeddable":true,"href":"https:\/\/investnews.com.br\/inv-api\/wp\/v2\/autor-wsj?post=253469"},{"taxonomy":"author","embeddable":true,"href":"https:\/\/investnews.com.br\/inv-api\/wp\/v2\/coauthors?post=253469"}],"curies":[{"name":"wp","href":"https:\/\/api.w.org\/{rel}","templated":true}]}}