{"id":25410,"date":"2020-11-23T08:00:00","date_gmt":"2020-11-23T11:00:00","guid":{"rendered":"https:\/\/investnews.com.br\/?p=25410"},"modified":"2020-11-24T09:58:06","modified_gmt":"2020-11-24T12:58:06","slug":"bolsa-fecha-nos-107-mil-pontos-com-blue-chips-e-otimismo-por-vacinas-dolar-sobe","status":"publish","type":"post","link":"https:\/\/investnews.com.br\/financas\/bolsa-fecha-nos-107-mil-pontos-com-blue-chips-e-otimismo-por-vacinas-dolar-sobe\/","title":{"rendered":"Bolsa fecha nos 107 mil pontos com blue chips e otimismo por vacinas; d\u00f3lar sobe"},"content":{"rendered":"\n<p>Dia de otimismo a n\u00edvel global, a not\u00edcia de que a vacina desenvolvida pela Universidade de Oxford em parceria com a farmac\u00eautica AstraZeneca alcan\u00e7ou at\u00e9 90% de resultados positivos nos seus testes animou os mercados. Depois do sucesso da Pfizer e a Moderna, a AstraZeneca refor\u00e7a a ideia de que o coronav\u00edrus est\u00e1 perto de ser controlado. Repercutindo este otimismo, <strong>o Ibovespa fechou em alta de 1,26% aos 107.378 pontos nesta segunda-feira (23).<\/strong><\/p>\n\n\n\n<p>Nos Estados Unidos, os investidores reagiram positivamente a not\u00edcia da vacina al\u00e9m dos dados animadores para a economia americana, com bons resultados nos PMIS de servi\u00e7os, industrial e composto. <strong>O \u00edndice Dow Jones avan\u00e7ou 1,12% mostrando que setores c\u00edclicos da economia se recuperam com a vacina. E o S&amp;P 500 e Nasdaq subiram 0,61% e 0,22%, respectivamente. <\/strong><\/p>\n\n\n\n<p> As bolsas europeias fecharam sem dire\u00e7\u00e3o \u00fanica, a vacina da AstraZeneca animou os mercados mas o otimismo foi ofuscado com o \u00edndice dos gerentes de compras (PMI) composto da zona do euro, que caiu ao menor n\u00edvel em seis meses diante da segunda onda de covid-19 no continente.  <strong>A \u00fanica bolsa a fechar em alta foi a de Madri que subiu 0,04%, a 7.981,20 pontos. <\/strong><\/p>\n\n\n\n<p>No mercado dom\u00e9stico, as blue chips puxaram a alta do Ibovespa. Foi um dia de ganhos para Vale, Petrobras e o setor de siderurgia, companhias da velha economia que se destacam na retomada. As a\u00e7\u00f5es da <strong>Vale <\/strong><a href=\"https:\/\/investnews.com.br\/cotacao\/vale3-vale\/\" target=\"_blank\" aria-label=\"(VALE3)  (opens in a new tab)\" rel=\"noreferrer noopener\" class=\"rank-math-link\"><strong>(VALE3)<\/strong> <\/a>fecharam em alta de <strong>4,16%<\/strong> e <strong>Petrobras <\/strong><a href=\"https:\/\/investnews.com.br\/cotacao\/petr3-petr4-petrobras\/\" target=\"_blank\" aria-label=\"(PETR4)  (opens in a new tab)\" rel=\"noreferrer noopener\" class=\"rank-math-link\"><strong>(PETR4)<\/strong> <\/a>valorizou <strong>6,13%. <\/strong><\/p>\n\n\n\n<p>Ainda no cen\u00e1rio macroecon\u00f4mico Paulo Guedes, ministro da Economia, afirmou que a d\u00edvida brasileira n\u00e3o est\u00e1 em uma situa\u00e7\u00e3o dram\u00e1tica e que a inclina\u00e7\u00e3o da curva de juros \u00e9 natural diante dos questionamentos sobre o futuro das contas p\u00fablicas. <\/p>\n\n\n\n<p>Guedes tamb\u00e9m refor\u00e7ou que o aux\u00edlio emergencial deve acabar em dezembro. E afirmou que o Tesouro tem como enfrentar a d\u00edvida de R$ 600 bilh\u00f5es no come\u00e7o de 2021. Segundo ele, a metade da d\u00edvida j\u00e1 est\u00e1 garantida -em refer\u00eancia a 200 bilh\u00f5es de reais de transfer\u00eancias de resultados do Banco Central para o Tesouro e &#8220;100 bilh\u00f5es e pouco&#8221; vindos com a desalavancagem de bancos p\u00fablicos.<\/p>\n\n\n\n<p>Apesar de refor\u00e7ar seu compromisso com a agenda liberal, o mercado sentiu inseguran\u00e7a nas falas do ministro. Por este motivo, o d\u00f3lar e os juros permaneceram em alta. <\/p>\n\n\n\n<p><strong>O <a href=\"https:\/\/investnews.com.br\/guias\/tipos-de-dolar\/\">d\u00f3lar comercial<\/a> fechou em alta de 0,88%, cotado a R$ 5,433. Na m\u00e1xima do dia, a moeda americana chegou a R$ 5,45.<\/strong><\/p>\n\n\n\n<p><strong>LEIA MAIS: <\/strong><\/p>\n\n\n\n<ul class=\"wp-block-list\"><li><a href=\"https:\/\/investnews.com.br\/analise\/resumo-dos-analistas-vacina-de-oxford-puxa-bolsas-globais-ibov-segue-forte\/\" class=\"rank-math-link\"><strong>Resumo dos Analistas: Vacina de Oxford puxa bolsas globais; IBOV segue forte<\/strong><\/a><\/li><li><strong><a class=\"rank-math-link\" href=\"https:\/\/investnews.com.br\/cafeina\/black-friday-de-acoes-bolsa-tem-varias-empresas-para-investir-com-menos-de-r10\/\">Black Friday de a\u00e7\u00f5es? Bolsa tem v\u00e1rias empresas para investir com menos de R$10<\/a><\/strong><\/li><\/ul>\n\n\n\n<h2 class=\"wp-block-heading\">Destaques da Bolsa<\/h2>\n\n\n\n<p>Entre os destaques positivos do dia subiram a\u00e7\u00f5es impactadas diretamente pela retomada econ\u00f4mica. A maior alta foi da <strong>Petrorio <\/strong><a href=\"https:\/\/investnews.com.br\/cotacao\/acao\/?ticker=PRIO3\" target=\"_blank\" aria-label=\"(PRIO3)  (opens in a new tab)\" rel=\"noreferrer noopener\" class=\"rank-math-link\"><strong>(PRIO3)<\/strong> <\/a>que avan\u00e7ou <strong>7,64%,<\/strong> seguida da <strong>CSN <a href=\"https:\/\/investnews.com.br\/cotacao\/csna3-companhia-siderurgica-nacional\/\" target=\"_blank\" aria-label=\"(CSNA3) (opens in a new tab)\" rel=\"noreferrer noopener\" class=\"rank-math-link\">(CSNA3)<\/a> <\/strong>que valorizou <strong>6,80%<\/strong> e <strong>Petrobras <\/strong><a href=\"https:\/\/investnews.com.br\/cotacao\/petr3-petr4-petrobras\/\" target=\"_blank\" aria-label=\"(PETR4)  (opens in a new tab)\" rel=\"noreferrer noopener\" class=\"rank-math-link\"><strong>(PETR4)<\/strong> <\/a>com alta de <strong>6,13%. <\/strong><\/p>\n\n\n\n<p>&#8220;Petrobras e Petrorio seguem se beneficiando de uma maior expectativa pela demanda de petr\u00f3leo diante da retomada econ\u00f4mica p\u00f3s vacinas&#8221;, avalia Murilo Breder, analista da Easynvest.<\/p>\n\n\n\n<p>O petr\u00f3leo internacional tamb\u00e9m fechou em alta. <em>O WTI para janeiro subiu 1,04%, cotado a US$ 42,86 o barril. Enquanto o Brent para fevereiro fechou em alta de 1,58%, cotado em US$ 45,78 o barril.<\/em><\/p>\n\n\n\n<p>No lado oposto do Ibovespa, a maior queda foi do <strong>Carrefour <a href=\"https:\/\/investnews.com.br\/cotacao\/crfb3-carrefour\/\" target=\"_blank\" aria-label=\"(CRFB3) (opens in a new tab)\" rel=\"noreferrer noopener\" class=\"rank-math-link\">(CRFB3)<\/a><\/strong> que fechou em baixa de <strong>5,35%<\/strong>, cotado a <strong>R$ 19,30. <\/strong>O mercado penalizou as a\u00e7\u00f5es da companhia ap\u00f3s a morte de  Jo\u00e3o Alberto Silveira Freitas e v\u00e1rios protestos durante o final de semana. A rea\u00e7\u00e3o foi um pouco tardia, na sexta-feira (20) os pap\u00e9is do Carrefour fecharam em alta de 0,49% enquanto o Ibovespa recuou, fator que fez o mercado se questionar sobre a realidade ESG (Environmental, Social and Governance) nos investimentos.  <\/p>\n\n\n\n<p><strong>Saiba mais: <a href=\"https:\/\/investnews.com.br\/financas\/esta-na-hora-de-o-carrefour-trazer-uma-resposta-a-sociedade-diz-alperowitch\/\" target=\"_blank\" aria-label=\"\u2018Est\u00e1 na hora de o Carrefour dar uma resposta \u00e0 sociedade\u2019, diz Alperowitch (opens in a new tab)\" rel=\"noreferrer noopener\" class=\"rank-math-link\">\u2018Est\u00e1 na hora de o Carrefour dar uma resposta \u00e0 sociedade\u2019, diz Alperowitch<\/a><\/strong><\/p>\n\n\n\n<p>Ca\u00edram tamb\u00e9m o <strong>P\u00e3o de A\u00e7\u00facar <a href=\"https:\/\/investnews.com.br\/cotacao\/pcar3-grupo-pao-de-acucar\/\" target=\"_blank\" aria-label=\"(PCAR3) (opens in a new tab)\" rel=\"noreferrer noopener\" class=\"rank-math-link\">(PCAR3)<\/a> <\/strong>e a <strong>Cielo <a href=\"https:\/\/investnews.com.br\/cotacao\/ciel3-cielo\/\" target=\"_blank\" aria-label=\"(CIEL3) (opens in a new tab)\" rel=\"noreferrer noopener\" class=\"rank-math-link\">(CIEL3)<\/a> <\/strong>com desvaloriza\u00e7\u00e3o de <strong>3,97%<\/strong> e <strong>3,33%<\/strong>, respectivamente. <\/p>\n\n\n\n<h2 class=\"wp-block-heading\"> Bolsas americanas<\/h2>\n\n\n\n<p>&nbsp;Os mercados de a\u00e7\u00f5es dos Estados Unidos fecharam em alta ao fim da vol\u00e1til sess\u00e3o desta segunda-feira, uma vez que esperan\u00e7as de uma vacina para a Covid-19 impulsionaram setores economicamente sens\u00edveis, como energia e industrial, mas uma retra\u00e7\u00e3o nas a\u00e7\u00f5es de megacap restringiu os ganhos no S&amp;P 500 e no Nasdaq.<\/p>\n\n\n\n<p>Setores c\u00edclicos lideraram os ganhos, com energia bem \u00e0 frente, am alta de 6%, enquanto os \u00edndices para os segmentos industrial e financeiro subiram mais de 1% cada, ap\u00f3s dados mostrarem que a atividade empresarial expandiu-se no ritmo mais r\u00e1pido em mais de cinco anos.<\/p>\n\n\n\n<p>Dow Jones subiu 1,12%, para 29.554,96 pontos, o S&amp;P 500 ganhou 0,61%, para 3.573,21 pontos, e o Nasdaq Composite teve alta de 0,22%, para 11.867,92 pontos.<\/p>\n\n\n\n<p>Os principais \u00edndices receberam um impulso no fim da sess\u00e3o depois de o Wall Street Journal informar que o presidente eleito dos EUA, Joe Biden, planeja nomear a ex-chair do Federal Reserve Janet Yellen para ser a pr\u00f3xima secret\u00e1ria do Tesouro.<\/p>\n\n\n\n<h2 class=\"wp-block-heading\">Boletim Focus<\/h2>\n\n\n\n<p>Os economistas do <a href=\"https:\/\/investnews.com.br\/guias\/como-funciona-o-mercado-financeiro\/\">mercado financeiro<\/a> elevaram pela 15\u00aa semana consecutiva a previs\u00e3o para o <strong>\u00cdndice Nacional de Pre\u00e7os ao Consumidor Amplo (<a href=\"https:\/\/investnews.com.br\/guias\/o-que-e-ipca\/\">IPCA<\/a>)<\/strong> &#8211; o indicador oficial de pre\u00e7os &#8211; em 2020. O Relat\u00f3rio de Mercado Focus, divulgado nesta segunda-feira, 23, pelo Banco Central, mostra que a mediana para o IPCA neste ano foi de <strong>alta de 3,25% para 3,45%<\/strong>. H\u00e1 um m\u00eas, estava em 2,99%.<\/p>\n\n\n\n<ul class=\"wp-block-list\"><li><strong>Produto Interno Bruto (PIB)<\/strong>: a expectativa para a economia este ano passou de retra\u00e7\u00e3o de 4,66% para queda de 4,55%;<\/li><li><strong>Selic (a taxa b\u00e1sica da economia)<\/strong>: a mediana das previs\u00f5es para a Selic neste ano seguiu em 2,00% ao ano;<\/li><li><strong>C\u00e2mbio<\/strong>: expectativa para o c\u00e2mbio no fim do ano foi de R$ 5,41 para R$ 5,38, ante R$ 5,40 de um m\u00eas atr\u00e1s;        <\/li><\/ul>\n\n\n\n<h2 class=\"wp-block-heading\">Bolsas na Europa<\/h2>\n\n\n\n<p> As bolsas da Europa fecharam sem dire\u00e7\u00e3o \u00fanica nesta segunda-feira (23), alternando leves baixas e altas, em dia marcado pela esperan\u00e7a de que uma vacina contra o novo coronav\u00edrus seja distribu\u00edda em breve. Antes da abertura do preg\u00e3o, a brit\u00e2nica AstraZeneca divulgou resultados de efic\u00e1cia de seu imunizante produzido em conjunto com a Universidade de Oxford. A not\u00edcia, por\u00e9m, foi parcialmente ofuscada pelo \u00edndice dos gerentes de compras (PMI) composto da zona do euro, que caiu ao menor n\u00edvel em seis meses diante da segunda onda de covid-19 no continente.<\/p>\n\n\n\n<p><strong>O \u00edndice pan-europeu Stoxx 600 fechou com varia\u00e7\u00e3o negativa de 0,20%, a 388,84 pontos. <\/strong>O grupo industrial alem\u00e3o Thyssenkrupp teve o papel de melhor desempenho desta segunda-feira, em alta de 9,51%.<\/p>\n\n\n\n<p>Com a esperan\u00e7a de que uma vacina seja aprovada em breve, o setores de avia\u00e7\u00e3o e turismo tamb\u00e9m deram f\u00f4lego ao \u00edndice. A Rolls Royce Holdings e a alem\u00e3 TUI subiram 7,60% e 7,85%, respectivamente.<\/p>\n\n\n\n<p>Otimistas desde a \u00faltima sexta-feira com as not\u00edcias envolvendo vacinas contra a covid-19, os mercados europeus se animaram nesta segunda-feira com a divulga\u00e7\u00e3o dos resultados feita pela AstraZeneca. De acordo com a farmac\u00eautica, seu imunizante teve taxa m\u00e9dia de efic\u00e1cia de 70%, chegando a 90% em alguns casos.<\/p>\n\n\n\n<p>Apesar de ter taxas menos eficazes do que as de Pfizer e Moderna, por exemplo, a vacina da AstraZeneca pode ser armazenada em geladeiras &#8211; e n\u00e3o em super-refrigeradores, como as concorrentes. Peter Horby, professor de sa\u00fade global de Oxford, destacou \u00e0 Reuters que isso significa que \u00e9 uma solu\u00e7\u00e3o mais pr\u00e1tica para uso em todo o mundo.<\/p>\n\n\n\n<p>A divulga\u00e7\u00e3o, por\u00e9m, n\u00e3o foi suficiente para impulsionar as a\u00e7\u00f5es da AstraZeneca, e o papel da empresa fechou as negocia\u00e7\u00f5es em baixa de 3,81% na Bolsa de Londres. O \u00edndice FTSE 100 teve leve perda de 0,28%, 6.333,84 pontos.<\/p>\n\n\n\n<p>O \u00e2nimo dos mercados com a perspectiva de aprova\u00e7\u00e3o de uma vacina foi em boa parte minado pelos resultados do PMI da zona do euro de novembro. Segundo o IHS Market, o indicador baixou de 50 pontos em outubro a 45,1 neste m\u00eas, em seu menor n\u00edvel dos \u00faltimos seis meses. A proje\u00e7\u00e3o de analistas ouvidos pelo&nbsp;<em>Wall Street Journal<\/em>&nbsp;era de queda menor, a 47,1. \u00cdndices abaixo de 50 indicam retra\u00e7\u00e3o na atividade.<\/p>\n\n\n\n<p>A principal causa da forte queda do indicador foi o setor de servi\u00e7os, pressionado pela segunda onda de covid-19 na Europa. Assustados com a possibilidade de novas restri\u00e7\u00f5es, que significam mais freios \u00e0 atividade econ\u00f4mica, a maior parte das principais bolsas da Europa terminou o dia em baixa.<\/p>\n\n\n\n<p>O alem\u00e3o DAX, de Frankfurt, fechou em queda de 0,08%, a 13.126,97, enquanto o CAC 40, da Bolsa de Paris, teve varia\u00e7\u00e3o negativa de 0,07%, aos 5.492,15 pontos, ambos nas m\u00ednimas do dia.<\/p>\n\n\n\n<p>No mercado franc\u00eas, a a\u00e7\u00e3o da Danone recuou 3,16%, ap\u00f3s a gigante do setor da alimenta\u00e7\u00e3o anunciar corte 2 mil empregos, o equivalente a 2% de sua for\u00e7a de trabalho.<\/p>\n\n\n\n<p>O FTSE MIB, de Mil\u00e3o, fechou pr\u00f3ximo \u00e0 estabilidade, em queda de 0,02%, a 21.701,79, no menor n\u00edvel do preg\u00e3o.<\/p>\n\n\n\n<p>O espanhol IBEX 35 subiu 0,04%, a 7.981,20 pontos.<\/p>\n\n\n\n<p>O \u00edndice PSI 20, da Bolsa de Lisboa, foi o \u00fanico entre os principais \u00edndices a fechar em alta substancial, com varia\u00e7\u00e3o de 0,57%, a 4.449,39 pontos.<\/p>\n","protected":false},"excerpt":{"rendered":"<p>A\u00e7\u00e3o do Carrefour despenca 5,35% repercutindo morte de Jo\u00e3o Alberto<\/p>\n","protected":false},"author":18,"featured_media":5890,"comment_status":"closed","ping_status":"open","sticky":false,"template":"","format":"standard","meta":{"_acf_changed":false,"inline_featured_image":false,"footnotes":""},"categories":[4],"tags":[226,722,26],"autor-wsj":[],"coauthors":[1500],"class_list":["post-25410","post","type-post","status-publish","format-standard","has-post-thumbnail","hentry","category-financas","tag-bolsa-de-valores","tag-bolsas-asiaticas","tag-dolar"],"acf":[],"amp_enabled":true,"_links":{"self":[{"href":"https:\/\/investnews.com.br\/inv-api\/wp\/v2\/posts\/25410","targetHints":{"allow":["GET"]}}],"collection":[{"href":"https:\/\/investnews.com.br\/inv-api\/wp\/v2\/posts"}],"about":[{"href":"https:\/\/investnews.com.br\/inv-api\/wp\/v2\/types\/post"}],"author":[{"embeddable":true,"href":"https:\/\/investnews.com.br\/inv-api\/wp\/v2\/users\/18"}],"replies":[{"embeddable":true,"href":"https:\/\/investnews.com.br\/inv-api\/wp\/v2\/comments?post=25410"}],"version-history":[{"count":9,"href":"https:\/\/investnews.com.br\/inv-api\/wp\/v2\/posts\/25410\/revisions"}],"predecessor-version":[{"id":25526,"href":"https:\/\/investnews.com.br\/inv-api\/wp\/v2\/posts\/25410\/revisions\/25526"}],"wp:featuredmedia":[{"embeddable":true,"href":"https:\/\/investnews.com.br\/inv-api\/wp\/v2\/media\/5890"}],"wp:attachment":[{"href":"https:\/\/investnews.com.br\/inv-api\/wp\/v2\/media?parent=25410"}],"wp:term":[{"taxonomy":"category","embeddable":true,"href":"https:\/\/investnews.com.br\/inv-api\/wp\/v2\/categories?post=25410"},{"taxonomy":"post_tag","embeddable":true,"href":"https:\/\/investnews.com.br\/inv-api\/wp\/v2\/tags?post=25410"},{"taxonomy":"autor-wsj","embeddable":true,"href":"https:\/\/investnews.com.br\/inv-api\/wp\/v2\/autor-wsj?post=25410"},{"taxonomy":"author","embeddable":true,"href":"https:\/\/investnews.com.br\/inv-api\/wp\/v2\/coauthors?post=25410"}],"curies":[{"name":"wp","href":"https:\/\/api.w.org\/{rel}","templated":true}]}}