{"id":254144,"date":"2021-06-16T18:12:52","date_gmt":"2021-06-16T21:12:52","guid":{"rendered":"https:\/\/investnews.com.br\/?p=254144"},"modified":"2021-06-16T18:12:53","modified_gmt":"2021-06-16T21:12:53","slug":"familias-pobres-nao-precisarao-pagar-conta-de-luz-ate-setembro-diz-aneel","status":"publish","type":"post","link":"https:\/\/investnews.com.br\/economia\/familias-pobres-nao-precisarao-pagar-conta-de-luz-ate-setembro-diz-aneel\/","title":{"rendered":"Fam\u00edlias pobres n\u00e3o precisar\u00e3o pagar conta de luz at\u00e9 setembro, diz Aneel"},"content":{"rendered":"\n<p>A Ag\u00eancia Nacional de Energia El\u00e9trica (<strong>Aneel<\/strong>) decidiu <strong>prorrogar a <a href=\"https:\/\/investnews.com.br\/geral\/familias-pobres-nao-precisarao-pagar-conta-de-luz-por-3-meses\/\" class=\"rank-math-link\">suspens\u00e3o de cortes de energia el\u00e9trica<\/a> para fam\u00edlias de baixa renda<\/strong> por falta de pagamento. A medida, que valia at\u00e9 30 de junho, <strong>ficar\u00e1 vigente at\u00e9 30 de setembro<\/strong>. A avalia\u00e7\u00e3o da \u00e1rea t\u00e9cnica do \u00f3rg\u00e3o \u00e9 que mesmo com a vacina\u00e7\u00e3o contra a covid-19 no Pa\u00eds, ainda n\u00e3o h\u00e1 perspectiva de melhora da pandemia, considerando que ainda h\u00e1 um alto \u00edndice de cont\u00e1gio.<\/p>\n\n\n\n<h2 class=\"wp-block-heading\"><strong>Tarifa social<\/strong><\/h2>\n\n\n\n<p>A medida continuar\u00e1 valendo para os mesmos grupos de consumidores. Entre eles est\u00e3o cerca de 12 mil fam\u00edlias cadastradas no<strong> Tarifa Social<\/strong>, os que precisam de energia para manter equipamentos essenciais \u00e0 vida em funcionamento e os que n\u00e3o recebem a conta de luz em casa. Tamb\u00e9m abrange <strong>unidades de sa\u00fade e hospitais<\/strong> e regi\u00f5es onde n\u00e3o tenha institui\u00e7\u00f5es financeiras abertas por conta de restri\u00e7\u00f5es de distanciamento social.<\/p>\n\n\n\n<p>Durante a an\u00e1lise da proposta na reuni\u00e3o realizada na ter\u00e7a-feira (15), a diretoria do colegiado deixou claro que a suspens\u00e3o do corte n\u00e3o deve ser entendida, de forma alguma, como um est\u00edmulo ao n\u00e3o pagamento das contas de energia, mas como uma a\u00e7\u00e3o para garantir o fornecimento do servi\u00e7o \u00e0queles que n\u00e3o podem quitar os d\u00e9bitos.<\/p>\n\n\n\n<p>O mecanismo, que valeu nos \u00faltimos tr\u00eas meses, \u00e9 semelhante ao que foi adotado em 2020, quando a proibi\u00e7\u00e3o foi mais ampla e valeu para todos os consumidores do Pa\u00eds. No ano passado, a ag\u00eancia tamb\u00e9m julgou necess\u00e1rio prorrogar a proibi\u00e7\u00e3o por mais alguns meses ao avaliar a perman\u00eancia de impactos de medidas de isolamento social no setor el\u00e9trico.<\/p>\n\n\n\n<h2 class=\"wp-block-heading\"><strong>Conta de luz atrasada<\/strong><\/h2>\n\n\n\n<p>Por meio de nota t\u00e9cnica, de maio, a ag\u00eancia manifestou que ainda havia uma preocupa\u00e7\u00e3o em rela\u00e7\u00e3o aos efeitos das suspens\u00f5es nos caixas das distribuidoras. Isso porque o corte de energia el\u00e9trica \u00e9 a principal ferramenta das empresas para conter a inadimpl\u00eancia.<\/p>\n\n\n\n<p>Durante a an\u00e1lise do processo, o relator do processo na ag\u00eancia, diretor H\u00e9lvio Guerra, esclareceu que a <strong>medida n\u00e3o levou a maior inadimpl\u00eancia dos consumidores de baixa renda<\/strong>. Em fevereiro deste ano, o indicador alcan\u00e7ou o patamar de 5,2%. &#8220;Hoje, o \u00edndice est\u00e1 em quase 7%, valor pr\u00f3ximo aos observados no per\u00edodo anterior \u00e0 pandemia&#8221;, afirmou. A avalia\u00e7\u00e3o \u00e9 de que a a\u00e7\u00e3o regulat\u00f3ria tem tido o alcance esperado.<\/p>\n\n\n\n<p>Para mitigar os riscos financeiros, a Aneel dispensou as distribuidoras do pagamento de compensa\u00e7\u00f5es por descumprimento de indicadores de qualidade no fornecimento do servi\u00e7o enquanto a suspens\u00e3o do corte estiver em vigor. Os valores, no entanto, ter\u00e3o que ser repassados corrigidos aos consumidores posteriormente.<\/p>\n","protected":false},"excerpt":{"rendered":"<p>Medida, que valia at\u00e9 30 de junho, ficar\u00e1 vigente at\u00e9 30 de setembro.<\/p>\n","protected":false},"author":7,"featured_media":243213,"comment_status":"closed","ping_status":"open","sticky":false,"template":"","format":"standard","meta":{"_acf_changed":false,"inline_featured_image":false,"footnotes":""},"categories":[5],"tags":[1011],"autor-wsj":[],"coauthors":[1494],"class_list":["post-254144","post","type-post","status-publish","format-standard","has-post-thumbnail","hentry","category-economia","tag-conta-de-luz"],"acf":[],"amp_enabled":true,"_links":{"self":[{"href":"https:\/\/investnews.com.br\/inv-api\/wp\/v2\/posts\/254144","targetHints":{"allow":["GET"]}}],"collection":[{"href":"https:\/\/investnews.com.br\/inv-api\/wp\/v2\/posts"}],"about":[{"href":"https:\/\/investnews.com.br\/inv-api\/wp\/v2\/types\/post"}],"author":[{"embeddable":true,"href":"https:\/\/investnews.com.br\/inv-api\/wp\/v2\/users\/7"}],"replies":[{"embeddable":true,"href":"https:\/\/investnews.com.br\/inv-api\/wp\/v2\/comments?post=254144"}],"version-history":[{"count":2,"href":"https:\/\/investnews.com.br\/inv-api\/wp\/v2\/posts\/254144\/revisions"}],"predecessor-version":[{"id":254158,"href":"https:\/\/investnews.com.br\/inv-api\/wp\/v2\/posts\/254144\/revisions\/254158"}],"wp:featuredmedia":[{"embeddable":true,"href":"https:\/\/investnews.com.br\/inv-api\/wp\/v2\/media\/243213"}],"wp:attachment":[{"href":"https:\/\/investnews.com.br\/inv-api\/wp\/v2\/media?parent=254144"}],"wp:term":[{"taxonomy":"category","embeddable":true,"href":"https:\/\/investnews.com.br\/inv-api\/wp\/v2\/categories?post=254144"},{"taxonomy":"post_tag","embeddable":true,"href":"https:\/\/investnews.com.br\/inv-api\/wp\/v2\/tags?post=254144"},{"taxonomy":"autor-wsj","embeddable":true,"href":"https:\/\/investnews.com.br\/inv-api\/wp\/v2\/autor-wsj?post=254144"},{"taxonomy":"author","embeddable":true,"href":"https:\/\/investnews.com.br\/inv-api\/wp\/v2\/coauthors?post=254144"}],"curies":[{"name":"wp","href":"https:\/\/api.w.org\/{rel}","templated":true}]}}