{"id":254485,"date":"2021-06-17T19:09:24","date_gmt":"2021-06-17T22:09:24","guid":{"rendered":"https:\/\/investnews.com.br\/?p=254485"},"modified":"2021-06-18T09:38:14","modified_gmt":"2021-06-18T12:38:14","slug":"senado-aprova-texto-base-da-mp-da-privatizacao-da-eletrobras","status":"publish","type":"post","link":"https:\/\/investnews.com.br\/economia\/senado-aprova-texto-base-da-mp-da-privatizacao-da-eletrobras\/","title":{"rendered":"Senado aprova texto-base da MP da privatiza\u00e7\u00e3o da Eletrobras"},"content":{"rendered":"\n<p>Com 42 votos favor\u00e1veis e 37 contr\u00e1rios, o&nbsp;Senado&nbsp;aprovou nesta quinta-feira (17) o&nbsp;texto&nbsp;principal&nbsp;da<strong>&nbsp;medida&nbsp;provis\u00f3ria&nbsp;da&nbsp;privatiza\u00e7\u00e3o&nbsp;da&nbsp;Eletrobras<\/strong>, maior el\u00e9trica&nbsp;da&nbsp;Am\u00e9rica Latina, nos termos de parecer apresentado pelo relator, o&nbsp;senador Marcos Rog\u00e9rio (DEM-RO).<\/p>\n\n\n\n<p>Como o relat\u00f3rio modificou a proposta encaminhada&nbsp;pelos deputados, a&nbsp;MP&nbsp;deve retornar \u00e0 C\u00e2mara para uma segunda&nbsp;an\u00e1lise, o que deve acontecer na pr\u00f3xima segunda-feira (21), conforme previs\u00e3o do presidente&nbsp;da&nbsp;Casa, Arthur Lira (PP-AL).<\/p>\n\n\n\n<p>Antes, no entanto,&nbsp;senadores precisam concluir a vota\u00e7\u00e3o de emendas que ser\u00e3o votadas separadamente e podem alterar ainda&nbsp;mais o&nbsp;texto.<\/p>\n\n\n\n<p>Pelo&nbsp;texto&nbsp;aprovado no&nbsp;Senado, a desestatiza\u00e7\u00e3o ser\u00e1 executada&nbsp;na modalidade do <strong>aumento do <\/strong><a href=\"https:\/\/investnews.com.br\/negocios\/banco-inter-prepara-oferta-de-acoes-e-aumento-de-capital\/\" class=\"rank-math-link\"><strong>capital social<\/strong>,<\/a> por meio&nbsp;da&nbsp;subscri\u00e7\u00e3o p\u00fablica de <strong><a href=\"https:\/\/investnews.com.br\/guias\/acoes-ordinarias-e-preferenciais-entenda\/\">a\u00e7\u00f5es ordin\u00e1rias<\/a> com ren\u00fancia do direito pela Uni\u00e3o<\/strong>, que det\u00e9m 61% na empresa e ter\u00e1 sua fatia dilu\u00edda.<\/p>\n\n\n\n<p>A oferta de a\u00e7\u00f5es&nbsp;da&nbsp;Eletrobras&nbsp;deve levantar ao menos <strong>R$ 25 bilh\u00f5es<\/strong>, de acordo com expectativa j\u00e1 divulgada&nbsp;por integrantes do governo, para que a empresa pague esse montante ao Tesouro em outorgas pela renova\u00e7\u00e3o de contratos de hidrel\u00e9tricas.<\/p>\n\n\n\n<p>Depois&nbsp;da&nbsp;opera\u00e7\u00e3o, a previs\u00e3o \u00e9 de que a&nbsp;Eletrobras&nbsp;ainda&nbsp;tenha de direcionar outros 25 bilh\u00f5es de reais para aliviar tarifas nos pr\u00f3ximos anos, uma vez que a el\u00e9trica ter\u00e1 contratos renovados&nbsp;das hidrel\u00e9tricas em condi\u00e7\u00f5es mais favor\u00e1veis.<\/p>\n\n\n\n<p>Apesar&nbsp;das pol\u00eamicas geradas pela inclus\u00e3o no&nbsp;texto&nbsp;da&nbsp;MP&nbsp;da&nbsp;contrata\u00e7\u00e3o compuls\u00f3ria de t\u00e9rmicas a g\u00e1s natural, um ponto bastante criticado no projeto, o relator disse que o processo de&nbsp;privatiza\u00e7\u00e3o&nbsp;vai resultar em redu\u00e7\u00e3o do pre\u00e7o&nbsp;da&nbsp;energia.<\/p>\n\n\n\n<p>Para garantir a&nbsp;aprova\u00e7\u00e3o&nbsp;da&nbsp;mat\u00e9ria, o relator acatou emendas dos colegas &#8211; muitas delas restritas a quest\u00f5es regionais e sem rela\u00e7\u00e3o direta com o escopo principal&nbsp;da&nbsp;MP, como o caso&nbsp;das t\u00e9rmicas.<\/p>\n\n\n\n<p>Ainda&nbsp;assim, o assunto enfrentava <strong>resist\u00eancias e as sondagens de votos do in\u00edcio desta quinta-feira (17)<\/strong>, tanto do lado&nbsp;da&nbsp;oposi\u00e7\u00e3o, quanto do lado de governistas,&nbsp;davam conta de um placar bem apertado.<\/p>\n\n\n\n<p>O cen\u00e1rio foi mudando, \u00e0 medida&nbsp;que sugest\u00f5es dos&nbsp;senadores eram incorporadas ao&nbsp;texto, e o clima tornou-se favor\u00e1vel \u00e0&nbsp;aprova\u00e7\u00e3o&nbsp;da&nbsp;mat\u00e9ria.<\/p>\n\n\n\n<p>A estrat\u00e9gia de lan\u00e7ar m\u00e3o de emendas para prestigiar os colegas na&nbsp;MP&nbsp;foi criticada&nbsp;por alguns&nbsp;senadores, que apontaram o risco de aumento&nbsp;das tarifas de energia.<\/p>\n\n\n\n<p>&#8220;A&nbsp;MP&nbsp;da&nbsp;Eletrobras&nbsp;\u00e9 uma irresponsabilidade. Estamos falando de barganhas que est\u00e3o acontecendo nas \u00faltimas horas. Cada&nbsp;parlamentar est\u00e1 regateando megawatts. Querem tratar o projeto como se fosse uma xepa energ\u00e9tica. Isso \u00e9 uma vergonha&#8221;, publicou o l\u00edder&nbsp;da&nbsp;Minoria na Casa, Jean Paul Prates (PT-RN), no Twitter.<\/p>\n\n\n\n<p>Mesmo&nbsp;senadores de campos menos \u00e0 esquerda, que apoiariam uma capitaliza\u00e7\u00e3o&nbsp;da&nbsp;empresa, tamb\u00e9m criticaram.<\/p>\n\n\n\n<p>&#8220;Est\u00e1 passando a boiada&nbsp;inteira na&nbsp;MP&nbsp;da&nbsp;Eletrobras. A fauna \u00e9 completa: tem boi na linha, jabuti na \u00e1rvore, bode na sala, dose pra elefante e teimoso como mula. Mas o que mais tem \u00e9 lobo em pele de cordeiro. A verdade \u00e9 que milh\u00f5es de brasileiros v\u00e3o &#8220;pro brejo&#8221; por conta do aumento&nbsp;da&nbsp;conta&#8221;, avaliou a&nbsp;senadora Simone Tebet (MDB-MS).<\/p>\n\n\n\n<p>Na mesma linha, o&nbsp;senador Oriovisto Guimar\u00e3es (PODE-PR) afirmou: &#8220;Sou partid\u00e1rio ao Estado m\u00ednimo, mas n\u00e3o aceito este &#8216;tratora\u00e7o&#8217; que est\u00e3o querendo fazer nesta medida&nbsp;provis\u00f3ria, que trata&nbsp;da&nbsp;privatiza\u00e7\u00e3o&nbsp;da&nbsp;Eletrobras. Por isso, votarei contra&#8221;.<\/p>\n\n\n\n<p>O relator&nbsp;da&nbsp;proposta, no entanto, rebateu as cr\u00edticas e afirmou ter feito esfor\u00e7o de adequa\u00e7\u00e3o do&nbsp;texto&nbsp;para a&nbsp;aprova\u00e7\u00e3o&nbsp;da&nbsp;medida&nbsp;provis\u00f3ria trazendo tanto a vis\u00e3o do governo quanto as contribui\u00e7\u00f5es de parlamentares.<\/p>\n\n\n\n<p>Ele tamb\u00e9m negou que as emendas acolhidas por ele sejam &#8220;jabutis&#8221;, como s\u00e3o chamados temas desconectados do escopo principal&nbsp;da&nbsp;mat\u00e9ria.<\/p>\n\n\n\n<p>&#8220;N\u00e3o\u00a0aprovar neste momento tamb\u00e9m significaria impacto negativo ou impacto para <strong>aumento de <a href=\"https:\/\/investnews.com.br\/geral\/seca-gera-disputa-por-agua-contra-racionamento-de-energia-no-brasil\/\" class=\"rank-math-link\">tarifa de energia<\/a>,<\/strong> considerando todas as vari\u00e1veis que circundam esse tema&#8221;, disse o\u00a0senador em plen\u00e1rio.<\/p>\n\n\n\n<h4 class=\"wp-block-heading\">Veja tamb\u00e9m<\/h4>\n\n\n\n<p>\u2022\u00a0<a rel=\"noreferrer noopener\" target=\"_blank\" href=\"https:\/\/investnews.com.br\/financas\/planejamento-financeiro-como-criar\/\" class=\"rank-math-link\">Planejamento financeiro<\/a>: o passo a passo de como criar um do zero.<br>\u2022\u00a0<a class=\"rank-math-link\" href=\"https:\/\/investnews.com.br\/financas\/comprar-ou-alugar-imovel\/\">Comprar ou alugar<\/a> im\u00f3vel?\u00a0Veja como avaliar qual op\u00e7\u00e3o vale mais a pena.<br>\u2022\u00a0<a rel=\"noreferrer noopener\" target=\"_blank\" href=\"https:\/\/investnews.com.br\/financas\/selic-em-425-quanto-rendem-as-aplicacoes-de-renda-fixa-e-onde-investir-agora\/\">Selic em 4,25%<\/a>: quanto rendem as aplica\u00e7\u00f5es de <a href=\"https:\/\/investnews.com.br\/guias\/renda-fixa-o-que-e\/\">renda fixa<\/a> e onde investir agora.<br>\u2022\u00a0Descubra seu\u00a0<a rel=\"noreferrer noopener\" target=\"_blank\" href=\"https:\/\/investnews.com.br\/web-stories\/descubra-perfil-investidor\/\">perfil de investidor(a)<\/a>.<br>\u2022\u00a0<a rel=\"noreferrer noopener\" target=\"_blank\" href=\"https:\/\/investnews.com.br\/cafeina\/como-investir-na-bolsa-de-valores\/\">Como investir na bolsa de valores?<\/a><br>\u2022\u00a0Risco de\u00a0<a rel=\"noreferrer noopener\" target=\"_blank\" href=\"https:\/\/investnews.com.br\/economia\/risco-de-inflacao-e-maior-em-paises-emergentes-diz-iif\/\">infla\u00e7\u00e3o<\/a>\u00a0\u00e9 maior em pa\u00edses emergentes, diz IIF.<\/p>\n","protected":false},"excerpt":{"rendered":"<p>A oferta de a\u00e7\u00f5es da maior el\u00e9trica da Am\u00e9rica Latina deve levantar ao menos R$ 25 bilh\u00f5es.<\/p>\n","protected":false},"author":51,"featured_media":0,"comment_status":"closed","ping_status":"open","sticky":false,"template":"","format":"standard","meta":{"_acf_changed":false,"inline_featured_image":false,"footnotes":""},"categories":[5],"tags":[174],"autor-wsj":[],"coauthors":[2425],"class_list":["post-254485","post","type-post","status-publish","format-standard","hentry","category-economia","tag-eletrobras"],"acf":[],"amp_enabled":true,"_links":{"self":[{"href":"https:\/\/investnews.com.br\/inv-api\/wp\/v2\/posts\/254485","targetHints":{"allow":["GET"]}}],"collection":[{"href":"https:\/\/investnews.com.br\/inv-api\/wp\/v2\/posts"}],"about":[{"href":"https:\/\/investnews.com.br\/inv-api\/wp\/v2\/types\/post"}],"author":[{"embeddable":true,"href":"https:\/\/investnews.com.br\/inv-api\/wp\/v2\/users\/51"}],"replies":[{"embeddable":true,"href":"https:\/\/investnews.com.br\/inv-api\/wp\/v2\/comments?post=254485"}],"version-history":[{"count":6,"href":"https:\/\/investnews.com.br\/inv-api\/wp\/v2\/posts\/254485\/revisions"}],"predecessor-version":[{"id":254548,"href":"https:\/\/investnews.com.br\/inv-api\/wp\/v2\/posts\/254485\/revisions\/254548"}],"wp:attachment":[{"href":"https:\/\/investnews.com.br\/inv-api\/wp\/v2\/media?parent=254485"}],"wp:term":[{"taxonomy":"category","embeddable":true,"href":"https:\/\/investnews.com.br\/inv-api\/wp\/v2\/categories?post=254485"},{"taxonomy":"post_tag","embeddable":true,"href":"https:\/\/investnews.com.br\/inv-api\/wp\/v2\/tags?post=254485"},{"taxonomy":"autor-wsj","embeddable":true,"href":"https:\/\/investnews.com.br\/inv-api\/wp\/v2\/autor-wsj?post=254485"},{"taxonomy":"author","embeddable":true,"href":"https:\/\/investnews.com.br\/inv-api\/wp\/v2\/coauthors?post=254485"}],"curies":[{"name":"wp","href":"https:\/\/api.w.org\/{rel}","templated":true}]}}