{"id":254600,"date":"2021-06-18T10:58:23","date_gmt":"2021-06-18T13:58:23","guid":{"rendered":"https:\/\/investnews.com.br\/?p=254600"},"modified":"2021-06-18T19:27:31","modified_gmt":"2021-06-18T22:27:31","slug":"ibovespa-dolar-cotacao-18-06-2021","status":"publish","type":"post","link":"https:\/\/investnews.com.br\/financas\/ibovespa-dolar-cotacao-18-06-2021\/","title":{"rendered":"Bolsa sobe, com Eletrobras disparando mais de 6%; d\u00f3lar fecha em alta"},"content":{"rendered":"\n<p>O <strong>Ibovespa<\/strong>, principal \u00edndice da <strong>B3<\/strong>, fechou em alta nesta sexta-feira (18). J\u00e1 o <strong>d\u00f3lar <\/strong>terminou o dia com valoriza\u00e7\u00e3o sobre o real, ap\u00f3s ter voltado a cair <strong>abaixo de R$ 5<\/strong>, com expectativa de juros mais altos no Brasil. Os investidores avaliavam os desdobramentos em torno da <a href=\"https:\/\/investnews.com.br\/economia\/senado-aprova-texto-base-da-mp-da-privatizacao-da-eletrobras\/\" class=\"rank-math-link\">MP de privatiza\u00e7\u00e3o da Eletrobras<\/a>, com disparada da a\u00e7\u00e3o da empresa.<\/p>\n\n\n\n<p>O<strong> Ibovespa subiu 0,27, aos 128.405 pontos. <\/strong><a href=\"https:\/\/investnews.com.br\/cotacao\/\" class=\"rank-math-link\">Veja a cota\u00e7\u00e3o do Ibovespa hoje.<\/a> Na semana, o indicador caiu 0,8%.<\/p>\n\n\n\n<p><strong>O d\u00f3lar subiu 0,92%, comercializado a R$ 5,0687.<\/strong> Na m\u00ednima do dia, a moeda foi comercializada a R$ 4,9824. A moeda passou a subir ap\u00f3s o presidente do Federal Reserve de St. Louis, James Bullard, afirmar que a infla\u00e7\u00e3o nos Estados Unidos est\u00e1 mais intensa do que o esperado. Isso poderia elevar a taxa de juros no pa\u00eds mais rapidamente, o que alimenta uma tend\u00eancia de alta do d\u00f3lar sobre diversas moedas. <strong>Na semana, o d\u00f3lar caiu 1,14%.<\/strong><\/p>\n\n\n\n<h2 class=\"wp-block-heading\">Ainda de olho nos juros<\/h2>\n\n\n\n<p>O mercado segue sentindo os reflexos da decis\u00e3o do Comit\u00ea de Pol\u00edtica Monet\u00e1ria (<a href=\"https:\/\/investnews.com.br\/guias\/copom-taxa-selic\/\">Copom<\/a>) e do Federal Reserve (Fed), banco central dos Estados Unidos, na quarta-feira (16). No Brasil, o Banco Central promoveu a <strong>terceira alta consecutiva da <\/strong><a href=\"https:\/\/investnews.com.br\/financas\/selic-em-425-quanto-rendem-as-aplicacoes-de-renda-fixa-e-onde-investir-agora\/\" class=\"rank-math-link\"><strong>taxa Selic<\/strong>, a 4,25%<\/a>, e anunciou a inten\u00e7\u00e3o de dar sequ\u00eancia ao aperto monet\u00e1rio com uma nova alta de pelo menos a mesma magnitude em sua pr\u00f3xima reuni\u00e3o.<\/p>\n\n\n\n<p>O Comit\u00ea de Pol\u00edtica Monet\u00e1ria (Copom) do BC tamb\u00e9m<strong> abandonou o uso da express\u00e3o &#8220;normaliza\u00e7\u00e3o parcial&#8221;<\/strong> para se referir ao atual ciclo de alta de juros, explicitando que pretende fazer um aperto maior do que vinha sendo sinalizado at\u00e9 ent\u00e3o, levando a Selic para patamar considerado neutro.<\/p>\n\n\n\n<p>Em nota, analistas da Genial Investimentos avaliaram que esses s\u00e3o todos sinais &#8220;positivos para a trajet\u00f3ria do real nos pr\u00f3ximos meses, apesar da postura mais dura do Federal Reserve.&#8221;<\/p>\n\n\n\n<p><a href=\"https:\/\/investnews.com.br\/economia\/fed-mantem-juros-e-projeta-ciclo-de-alta-para-2023\/\" class=\"rank-math-link\">O Fed antecipou para 2023 <\/a>suas proje\u00e7\u00f5es para o primeiro aumento nos juros p\u00f3s-pandemia e abriu a discuss\u00e3o sobre quando e como pode ser apropriado come\u00e7ar a reduzir suas compras mensais de ativos.<\/p>\n\n\n\n<h2 class=\"wp-block-heading\">Destaques da bolsa<\/h2>\n\n\n\n<figure class=\"wp-block-embed-youtube wp-block-embed is-type-video is-provider-youtube wp-embed-aspect-16-9 wp-has-aspect-ratio\"><div class=\"wp-block-embed__wrapper\">\n<iframe loading=\"lazy\" title=\"Disparada de ELET6, recupera\u00e7\u00e3o de B3SA3\" width=\"500\" height=\"281\" src=\"https:\/\/www.youtube.com\/embed\/qt3L7ezaeUM?start=692&#038;feature=oembed\" frameborder=\"0\" allow=\"accelerometer; autoplay; clipboard-write; encrypted-media; gyroscope; picture-in-picture; web-share\" referrerpolicy=\"strict-origin-when-cross-origin\" allowfullscreen><\/iframe>\n<\/div><\/figure>\n\n\n\n<p>As a\u00e7\u00f5es da<strong> Eletrobras<\/strong> dispararam depois da <a href=\"https:\/\/investnews.com.br\/economia\/senado-aprova-texto-base-da-mp-da-privatizacao-da-eletrobras\/\" class=\"rank-math-link\">aprova\u00e7\u00e3o do texto-base da MP<\/a> que possibilita a privatiza\u00e7\u00e3o da companhia. O papel <a href=\"https:\/\/investnews.com.br\/cotacao\/elet3-elet6-eletrobras-centrais-eletricas-brasileiras\/\">ELET3<\/a> subiu 5,98% e o  <a href=\"https:\/\/investnews.com.br\/cotacao\/elet3-elet6-eletrobras-centrais-eletricas-brasileiras\/\" class=\"rank-math-link\">ELET6<\/a>subiu 5,94%.  <\/p>\n\n\n\n<p>Al\u00e9m do reflexo nas a\u00e7\u00f5es da empresa, Vanei Nagem, respons\u00e1vel pela Mesa de C\u00e2mbio da Terra Investimentos, disse que a not\u00edcia de conclus\u00e3o da vota\u00e7\u00e3o da MP da privatiza\u00e7\u00e3o da Eletrobras tamb\u00e9m ajuda o real a se valorizar frente ao d\u00f3lar. &#8220;A aprova\u00e7\u00e3o da privatiza\u00e7\u00e3o da Eletrobras j\u00e1 ajudaria, mesmo com alguns gargalos, a atrair dinheiro para o mercado dom\u00e9stico&#8221;, o que tende a beneficiar o real, explicou.<\/p>\n\n\n\n<p>J\u00e1 as a\u00e7\u00f5es da <strong>Petrobras<\/strong> fecharam em alta. <a class=\"rank-math-link\" href=\"https:\/\/investnews.com.br\/cotacao\/petr3-petr4-petrobras\/\">PETR3<\/a> subiu 0,28% e <a class=\"rank-math-link\" href=\"https:\/\/investnews.com.br\/cotacao\/petr3-petr4-petrobras\/\">PETR4<\/a>, 0,68%. A empresa  protocolou o <a href=\"https:\/\/investnews.com.br\/flash\/petrobras-coloca-a-venda-fatia-de-375-na-br-distribuidora\/\" class=\"rank-math-link\">pedido de registro da oferta secund\u00e1ria (follow-on)<\/a> de 436.875.000 <a href=\"https:\/\/investnews.com.br\/guias\/acoes-ordinarias-e-preferenciais-entenda\/\">a\u00e7\u00f5es ordin\u00e1rias<\/a> de emiss\u00e3o de BR Distribuidora (<a rel=\"noreferrer noopener\" href=\"https:\/\/investnews.com.br\/cotacao\/brdt3-br-distribuidora\/\" target=\"_blank\">BRDT3<\/a>) que a petrol\u00edfera possui. <\/p>\n\n\n\n<h2 class=\"wp-block-heading\">Bolsas mundiais<\/h2>\n\n\n\n<h3 class=\"wp-block-heading\">Wall Street<\/h3>\n\n\n\n<p>Os mercados acion\u00e1rios encerraram acentuadamente em queda nesta sexta-feira, com os \u00edndices Dow Jones e S&amp;P 500 registrando seus piores desempenhos semanais em meses, trope\u00e7ando depois de coment\u00e1rios do presidente do Fed de St. Louis. <\/p>\n\n\n\n<ul class=\"wp-block-list\"><li><strong>Dow Jones<\/strong> caiu 1,58%, para 33.290,08 pontos<\/li><li><strong>S&amp;P 500<\/strong> perdeu 1,31%, para 4.166,45 pontos<\/li><li><strong>Nasdaq <\/strong>recuou 0,92%, para 14.030,38 pontos. <\/li><\/ul>\n\n\n\n<h3 class=\"wp-block-heading\">Europa<\/h3>\n\n\n\n<p>As perdas nas a\u00e7\u00f5es de bancos e de energia foram exacerbadas por declara\u00e7\u00f5es do presidente do Fed de St. Louis, levando o \u00edndice STOXX 600 a interromper s\u00e9rie de quatro semanas de ganhos diante dos temores de aperto monet\u00e1rio nos Estados Unidos. <\/p>\n\n\n\n<ul class=\"wp-block-list\"><li>Em LONDRES, o \u00edndice Financial Times recuou 1,90%, a 7.017 pontos.<\/li><li>Em FRANKFURT, o \u00edndice DAX caiu 1,78%, a 15.448 pontos.<\/li><li>Em PARIS, o \u00edndice CAC-40 perdeu 1,46%, a 6.569 pontos.<\/li><li>Em MIL\u00c3O, o \u00edndice Ftse\/Mib teve desvaloriza\u00e7\u00e3o de 1,93%, a 25.218 pontos.<\/li><li>Em MADRI, o \u00edndice Ibex-35 registrou baixa de 1,80%, a 9.030 pontos.<\/li><li>Em LISBOA, o \u00edndice PSI20 desvalorizou-se 2,28%, a 5.063 pontos.<\/li><\/ul>\n\n\n\n<h3 class=\"wp-block-heading\">\u00c1sia e Pac\u00edfico<\/h3>\n\n\n\n<p>O <strong>mercado acion\u00e1rio da China<\/strong> terminou est\u00e1vel nesta sexta-feira, mas registrou a terceira queda semanal seguida devido a preocupa\u00e7\u00f5es com os altos valores e com as tens\u00f5es com o Ocidente. <\/p>\n\n\n\n<ul class=\"wp-block-list\"><li>Em T\u00d3QUIO, o \u00edndice Nikkei recuou 0,19%, a 28.964 pontos.<\/li><li>Em HONG KONG, o \u00edndice HANG SENG subiu 0,85%, a 28.801 pontos.<\/li><li>Em XANGAI, o \u00edndice SSEC perdeu 0,01%, a 3.525 pontos.<\/li><li>O \u00edndice CSI300, que re\u00fane as maiores companhias listadas em XANGAI e SHENZHEN, avan\u00e7ou 0,01%, a 5.102 pontos.<\/li><li>Em SEUL, o \u00edndice KOSPI teve valoriza\u00e7\u00e3o de 0,09%, a 3.267 pontos.<\/li><li>Em TAIWAN, o \u00edndice TAIEX registrou baixa de 0,41%, a 17.318 pontos.<\/li><li>Em CINGAPURA, o \u00edndice STRAITS TIMES valorizou-se 0,19%, a 3.144 pontos.<\/li><\/ul>\n\n\n\n<p><em>(*Com informa\u00e7\u00f5es de Reuters)<\/em><\/p>\n\n\n\n<p><strong>Veja tamb\u00e9m:<\/strong><\/p>\n\n\n\n<ul class=\"wp-block-list\"><li><strong><a rel=\"noreferrer noopener\" target=\"_blank\" href=\"https:\/\/investnews.com.br\/financas\/planejamento-financeiro-como-criar\/\" class=\"rank-math-link\">Planejamento financeiro<\/a><\/strong>: o passo a passo de como criar um do zero<\/li><li><a rel=\"noreferrer noopener\" target=\"_blank\" href=\"https:\/\/investnews.com.br\/financas\/comprar-ou-alugar-imovel\/\">Comprar ou alugar im\u00f3vel?<\/a>&nbsp;Veja como avaliar qual op\u00e7\u00e3o vale mais a pena<\/li><li><a rel=\"noreferrer noopener\" target=\"_blank\" href=\"https:\/\/investnews.com.br\/financas\/selic-em-425-quanto-rendem-as-aplicacoes-de-renda-fixa-e-onde-investir-agora\/\">Selic em 4,25%<\/a>: quanto rendem as aplica\u00e7\u00f5es de <a href=\"https:\/\/investnews.com.br\/guias\/renda-fixa-o-que-e\/\">renda fixa<\/a> e onde investir agora<\/li><li>Descubra seu&nbsp;<a rel=\"noreferrer noopener\" target=\"_blank\" href=\"https:\/\/investnews.com.br\/web-stories\/descubra-perfil-investidor\/\">perfil de investidor(a)<\/a><\/li><li><a rel=\"noreferrer noopener\" target=\"_blank\" href=\"https:\/\/investnews.com.br\/cafeina\/como-investir-na-bolsa-de-valores\/\">Como investir na bolsa de valores?<\/a><\/li><li>Risco de&nbsp;<a rel=\"noreferrer noopener\" target=\"_blank\" href=\"https:\/\/investnews.com.br\/economia\/risco-de-inflacao-e-maior-em-paises-emergentes-diz-iif\/\">infla\u00e7\u00e3o<\/a>&nbsp;\u00e9 maior em pa\u00edses emergentes, diz IIF <\/li><\/ul>\n","protected":false},"excerpt":{"rendered":"<p>Na semana, o Ibovespa caiu 0,8% d\u00f3lar recuou 1,14%.<\/p>\n","protected":false},"author":7,"featured_media":2493,"comment_status":"closed","ping_status":"open","sticky":false,"template":"","format":"standard","meta":{"_acf_changed":false,"inline_featured_image":false,"footnotes":""},"categories":[4],"tags":[26],"autor-wsj":[],"coauthors":[1494],"class_list":["post-254600","post","type-post","status-publish","format-standard","has-post-thumbnail","hentry","category-financas","tag-dolar"],"acf":[],"amp_enabled":true,"_links":{"self":[{"href":"https:\/\/investnews.com.br\/inv-api\/wp\/v2\/posts\/254600","targetHints":{"allow":["GET"]}}],"collection":[{"href":"https:\/\/investnews.com.br\/inv-api\/wp\/v2\/posts"}],"about":[{"href":"https:\/\/investnews.com.br\/inv-api\/wp\/v2\/types\/post"}],"author":[{"embeddable":true,"href":"https:\/\/investnews.com.br\/inv-api\/wp\/v2\/users\/7"}],"replies":[{"embeddable":true,"href":"https:\/\/investnews.com.br\/inv-api\/wp\/v2\/comments?post=254600"}],"version-history":[{"count":28,"href":"https:\/\/investnews.com.br\/inv-api\/wp\/v2\/posts\/254600\/revisions"}],"predecessor-version":[{"id":254784,"href":"https:\/\/investnews.com.br\/inv-api\/wp\/v2\/posts\/254600\/revisions\/254784"}],"wp:featuredmedia":[{"embeddable":true,"href":"https:\/\/investnews.com.br\/inv-api\/wp\/v2\/media\/2493"}],"wp:attachment":[{"href":"https:\/\/investnews.com.br\/inv-api\/wp\/v2\/media?parent=254600"}],"wp:term":[{"taxonomy":"category","embeddable":true,"href":"https:\/\/investnews.com.br\/inv-api\/wp\/v2\/categories?post=254600"},{"taxonomy":"post_tag","embeddable":true,"href":"https:\/\/investnews.com.br\/inv-api\/wp\/v2\/tags?post=254600"},{"taxonomy":"autor-wsj","embeddable":true,"href":"https:\/\/investnews.com.br\/inv-api\/wp\/v2\/autor-wsj?post=254600"},{"taxonomy":"author","embeddable":true,"href":"https:\/\/investnews.com.br\/inv-api\/wp\/v2\/coauthors?post=254600"}],"curies":[{"name":"wp","href":"https:\/\/api.w.org\/{rel}","templated":true}]}}