{"id":25502,"date":"2020-11-23T18:28:08","date_gmt":"2020-11-23T21:28:08","guid":{"rendered":"https:\/\/investnews.com.br\/?p=25502"},"modified":"2024-06-24T15:41:39","modified_gmt":"2024-06-24T18:41:39","slug":"mercado-sobe-previsao-para-a-selic-em-2021","status":"publish","type":"post","link":"https:\/\/investnews.com.br\/financas\/mercado-sobe-previsao-para-a-selic-em-2021\/","title":{"rendered":"Mercado sobe previs\u00e3o para a Selic em 2021"},"content":{"rendered":"\n<figure class=\"wp-block-embed-youtube wp-block-embed is-type-video is-provider-youtube wp-embed-aspect-16-9 wp-has-aspect-ratio\"><div class=\"wp-block-embed__wrapper\">\n<iframe loading=\"lazy\" title=\"Selic vai mesmo subir em 2021?\" width=\"500\" height=\"281\" src=\"https:\/\/www.youtube.com\/embed\/2bDRzDtcoug?feature=oembed\" frameborder=\"0\" allow=\"accelerometer; autoplay; clipboard-write; encrypted-media; gyroscope; picture-in-picture; web-share\" referrerpolicy=\"strict-origin-when-cross-origin\" allowfullscreen><\/iframe>\n<\/div><\/figure>\n\n\n\n<p>O <a href=\"https:\/\/investnews.com.br\/guias\/como-funciona-o-mercado-financeiro\/\">mercado financeiro<\/a> elevou a previs\u00e3o para a <a href=\"https:\/\/investnews.com.br\/guias\/taxa-selic\/\">taxa Selic<\/a> em 2021 de 2,75% para 3%, segundo o boletim Focus divulgado nesta segunda-feira (23). Para este ano, a previs\u00e3o segue em 2%. Mas <strong>o que muda com a Selic subindo no ano que vem?<\/strong> Esse \u00e9 o tema do Mais InvestNews, com Samy Dana e Dony De Nuccio, \u00e0s 19h. <\/p>\n\n\n\n<p>O Focus tamb\u00e9m trouxe mais uma eleva\u00e7\u00e3o das previs\u00f5es para a infla\u00e7\u00e3o medida pelo \u00cdndice de Pre\u00e7os ao Consumidor Amplo (<a href=\"https:\/\/investnews.com.br\/guias\/o-que-e-ipca\/\">IPCA<\/a>). <strong>A expectativa em 2020 aumentou pela 15\u00aa semana seguida,<\/strong> passando de 3,25% para 3,45%. Para 2021, foi a 5\u00aa semana de aumento, de 3,22% para 3,4%. J\u00e1 a previs\u00e3o para o Produto Interno Bruto (PIB) passou de queda de 4,66% para 4,55% em 2020. Para 2021, passou de alta de 3,31% para 3,4%.<\/p>\n\n\n\n<p>O dia tamb\u00e9m foi marcado <a href=\"https:\/\/investnews.com.br\/economia\/guedes-mais-reformas-virao-apos-eleicoes-municipais-incluindo-bc-independente\/\" class=\"rank-math-link\">pela participa\u00e7\u00e3o do ministro da Economia, Paulo Guedes,<\/a> em evento da Federa\u00e7\u00e3o das Ind\u00fastrias do Estado do Rio de Janeiro (Firjan). Ele voltou a dizer que \u201ca ideia \u00e9 aux\u00edlio emergencial acabar em 31 de dezembro\u201d, mas reconheceu que h\u00e1 \u201cpress\u00e3o pol\u00edtica\u201d para prorrog\u00e1-lo. <\/p>\n\n\n\n<p>Guedes afirmou ainda que confia que as \u201cprivatiza\u00e7\u00f5es ser\u00e3o aceleradas em 2021\u201d, voltou a dizer que n\u00e3o deve haver aumento de impostos e defendeu a taxa\u00e7\u00e3o sobre dividendos. <\/p>\n\n\n\n<p>No mercado financeiro, o preg\u00e3o foi marcado pela repercuss\u00e3o da morte de Jo\u00e3o Alberto Silveira Freitas, de 40 anos, em uma loja do Carrefour <strong>(<a rel=\"noreferrer noopener\" href=\"https:\/\/investnews.com.br\/cotacao\/acao\/?ticker=CRFB3\" target=\"_blank\">CRFB3<\/a>)<\/strong> em Porto Alegre. Ap\u00f3s subir na sexta-feira (20), <a href=\"https:\/\/investnews.com.br\/flash\/carrefour-crfb3-cai-4-apos-protestos-como-o-mercado-ve-a-tragedia\/\" class=\"rank-math-link\">o papel chegou a recuar 5% nesta segunda. <\/a><\/p>\n\n\n\n<p>Fabio Alperowitch, gestor da Fama Investimentos, <a href=\"https:\/\/investnews.com.br\/financas\/esta-na-hora-de-o-carrefour-trazer-uma-resposta-a-sociedade-diz-alperowitch\/\" class=\"rank-math-link\">afirmou que os investidores demoraram a entender os efeitos da trag\u00e9dia<\/a>. \u201cA quest\u00e3o \u00e9 que os investidores ainda n\u00e3o sabem ou n\u00e3o entendem como uma atitude daquelas impacta a imagem da empresa, a reputa\u00e7\u00e3o da marca e os consumidores. Eles s\u00f3 entenderam no final de semana porque houve boicote nas redes sociais e protestos\u201d, avaliou em entrevista ao <strong>InvestNews<\/strong>. <\/p>\n\n\n\n<p>J\u00e1 o analista da Easynvest Jos\u00e9 Falc\u00e3o disse que tudo indica que a queda desta segunda tenha sido uma resposta do mercado financeiro \u00e0 trag\u00e9dia. \u201cMas nenhum movimento da bolsa podemos afirmar que est\u00e1 acontecendo pelo motivo X ou Y, \u00e9 tudo suposi\u00e7\u00e3o\u201d, ressalvou. <\/p>\n\n\n\n<p>Al\u00e9m dos temas comentados na transmiss\u00e3o, o mercado repercutiu ainda a not\u00edcia de que a farmac\u00eautica brit\u00e2nica <a href=\"https:\/\/investnews.com.br\/geral\/vacina-da-astrazeneca-pode-ser-90-eficaz-contra-covid-19-mostra-teste\/\" class=\"rank-math-link\">AstraZeneca anunciou que sua potencial vacina contra o novo coronav\u00edrus pode ser em torno de 90%.<\/a> Na semana passada, as empresas norte-americanas Pfizer e Moderna j\u00e1 haviam anunciado resultados promissores nos estudos de suas vacinas<\/p>\n\n\n\n<p>Al\u00e9m disso, o dia teve <a href=\"https:\/\/investnews.com.br\/financas\/ethereum-e-xrp-disparam-com-bitcoin-perto-de-recorde\/\" class=\"rank-math-link\">novamente uma disparada de criptomoedas<\/a>. Depois que o Bitcoin subiu 10% na semana passada, outras criptomoedas avan\u00e7aram hoje ao maior valor em dois anos, segundo a ag\u00eancia de not\u00edcias Reuters. A segunda maior criptomoeda, a ethereum, subiu mais de 25% em tr\u00eas dias, e nesta segunda saltou 7%, para sua m\u00e1xima desde junho de 2018. J\u00e1 a XRP, terceira maior moeda, disparou 15% para seu maior valor em dois anos, levando os ganhos para mais de 75% nos \u00faltimos tr\u00eas dias.<\/p>\n","protected":false},"excerpt":{"rendered":"<p>Entenda o que muda com as novas previs\u00f5es para a taxa de juros.<\/p>\n","protected":false},"author":7,"featured_media":25503,"comment_status":"closed","ping_status":"open","sticky":false,"template":"","format":"standard","meta":{"_acf_changed":false,"inline_featured_image":false,"footnotes":""},"categories":[4],"tags":[274,526,52,246,660,347,53,51,1616],"autor-wsj":[],"coauthors":[1494],"class_list":["post-25502","post","type-post","status-publish","format-standard","has-post-thumbnail","hentry","category-financas","tag-focus","tag-dividendos","tag-inflacao","tag-ipca","tag-carrefour","tag-paulo-guedes","tag-pib","tag-selic","tag-taxa-de-juros"],"acf":[],"amp_enabled":true,"_links":{"self":[{"href":"https:\/\/investnews.com.br\/inv-api\/wp\/v2\/posts\/25502","targetHints":{"allow":["GET"]}}],"collection":[{"href":"https:\/\/investnews.com.br\/inv-api\/wp\/v2\/posts"}],"about":[{"href":"https:\/\/investnews.com.br\/inv-api\/wp\/v2\/types\/post"}],"author":[{"embeddable":true,"href":"https:\/\/investnews.com.br\/inv-api\/wp\/v2\/users\/7"}],"replies":[{"embeddable":true,"href":"https:\/\/investnews.com.br\/inv-api\/wp\/v2\/comments?post=25502"}],"version-history":[{"count":9,"href":"https:\/\/investnews.com.br\/inv-api\/wp\/v2\/posts\/25502\/revisions"}],"predecessor-version":[{"id":25518,"href":"https:\/\/investnews.com.br\/inv-api\/wp\/v2\/posts\/25502\/revisions\/25518"}],"wp:featuredmedia":[{"embeddable":true,"href":"https:\/\/investnews.com.br\/inv-api\/wp\/v2\/media\/25503"}],"wp:attachment":[{"href":"https:\/\/investnews.com.br\/inv-api\/wp\/v2\/media?parent=25502"}],"wp:term":[{"taxonomy":"category","embeddable":true,"href":"https:\/\/investnews.com.br\/inv-api\/wp\/v2\/categories?post=25502"},{"taxonomy":"post_tag","embeddable":true,"href":"https:\/\/investnews.com.br\/inv-api\/wp\/v2\/tags?post=25502"},{"taxonomy":"autor-wsj","embeddable":true,"href":"https:\/\/investnews.com.br\/inv-api\/wp\/v2\/autor-wsj?post=25502"},{"taxonomy":"author","embeddable":true,"href":"https:\/\/investnews.com.br\/inv-api\/wp\/v2\/coauthors?post=25502"}],"curies":[{"name":"wp","href":"https:\/\/api.w.org\/{rel}","templated":true}]}}