{"id":255087,"date":"2021-06-21T21:52:36","date_gmt":"2021-06-22T00:52:36","guid":{"rendered":"https:\/\/investnews.com.br\/?p=255087"},"modified":"2021-06-21T21:52:38","modified_gmt":"2021-06-22T00:52:38","slug":"governo-nega-preparar-quaisquer-medidas-para-racionamento-de-energia-eletrica","status":"publish","type":"post","link":"https:\/\/investnews.com.br\/economia\/governo-nega-preparar-quaisquer-medidas-para-racionamento-de-energia-eletrica\/","title":{"rendered":"Governo nega preparar quaisquer medidas para racionamento de energia el\u00e9trica"},"content":{"rendered":"\n<p>O governo federal vem implementando a\u00e7\u00f5es para garantir o fornecimento de energia el\u00e9trica no Brasil e n\u00e3o est\u00e1 tomando quaisquer medidas objetivando o racionamento de energia el\u00e9trica, reafirmou em nota o Minist\u00e9rio de Minas e Energia nesta segunda-feira (21).<\/p>\n\n\n\n<p>As a\u00e7\u00f5es em curso s\u00e3o necess\u00e1rias para que n\u00e3o haja falta de energia, ap\u00f3s o pa\u00eds ter registrado a pior esta\u00e7\u00e3o chuvosa para os reservat\u00f3rios de hidrel\u00e9tricas em mais de 90 anos. A fonte h\u00eddrica \u00e9 a principal geradora do pa\u00eds.<\/p>\n\n\n\n<p>A pasta ressaltou que junto com institui\u00e7\u00f5es setoriais v\u00eam implementando a\u00e7\u00f5es que garantam o fornecimento de energia el\u00e9trica para a popula\u00e7\u00e3o brasileira, <strong>&#8220;visando, sobretudo, a sustenta\u00e7\u00e3o do crescimento econ\u00f4mico&#8221;<\/strong>, afirmou o minist\u00e9rio.<\/p>\n\n\n\n<p>&#8220;Em sintonia e permanente di\u00e1logo com entidades governamentais e da sociedade civil, o MME trabalha de modo que os impactos sejam os menores poss\u00edveis na vida do cidad\u00e3o.&#8221;<\/p>\n\n\n\n<p>O <strong>racionamento<\/strong>, segundo a pasta, n\u00e3o est\u00e1 no radar do governo.<\/p>\n\n\n\n<p>&#8220;O MME (Minist\u00e9rio de Minas e Energia) esclarece que n\u00e3o est\u00e3o sendo tomadas quaisquer medidas objetivando o racionamento de energia el\u00e9trica no pa\u00eds&#8221;, afirmou.<\/p>\n\n\n\n<p>Dentre as a\u00e7\u00f5es avaliadas pelos \u00f3rg\u00e3os envolvidos, disse o minist\u00e9rio, est\u00e1 uma medida provis\u00f3ria que visa fortalecer a governan\u00e7a do processo decis\u00f3rio, possibilitando maior agilidade, seguran\u00e7a jur\u00eddica e total respeito \u00e0s compet\u00eancias de todas as inst\u00e2ncias.<\/p>\n\n\n\n<p>A pasta ressaltou ainda que busca o<a href=\"https:\/\/investnews.com.br\/geral\/com-crise-hidrica-governo-reforca-campanha-sobre-consumo-consciente-de-energia\/\" class=\"rank-math-link\"> uso racional dos recursos h\u00eddricos e da energia el\u00e9trica<\/a>, &#8220;permitindo que o pa\u00eds passe por esta conjuntura cr\u00edtica com serenidade e sem alarmismos&#8221;.<\/p>\n\n\n\n<p><strong>Veja tamb\u00e9m:<\/strong><\/p>\n\n\n\n<ul class=\"wp-block-list\"><li>Por que a<a href=\"https:\/\/investnews.com.br\/cafeina\/a-crise-hidrica-pode-afetar-as-empresas-de-energia-como-se-proteger\/\" class=\"rank-math-link\"> crise h\u00eddrica<\/a> deve afetar as empresas de energia?<\/li><li>Crise h\u00eddrica: quais <a href=\"https:\/\/investnews.com.br\/financas\/crise-hidrica-quais-acoes-sao-impactadas-pela-pior-seca-em-quase-100-anos\/\" class=\"rank-math-link\">a\u00e7\u00f5es da bolsa<\/a> sofrem com a pior seca em quase 100 anos?<\/li><li>Com crise h\u00eddrica, <a href=\"https:\/\/investnews.com.br\/economia\/com-crise-hidrica-conta-de-luz-tera-bandeira-vermelha-nivel-2-em-junho\/\" class=\"rank-math-link\">conta de luz<\/a> ter\u00e1 bandeira vermelha n\u00edvel 2 em junho<\/li><\/ul>\n","protected":false},"excerpt":{"rendered":"<p>Pa\u00eds teve a pior esta\u00e7\u00e3o chuvosa para os reservat\u00f3rios de hidrel\u00e9tricas em mais de 90 anos.<\/p>\n","protected":false},"author":7,"featured_media":255088,"comment_status":"closed","ping_status":"open","sticky":false,"template":"","format":"standard","meta":{"_acf_changed":false,"inline_featured_image":false,"footnotes":""},"categories":[5],"tags":[824,283,1520],"autor-wsj":[],"coauthors":[1494],"class_list":["post-255087","post","type-post","status-publish","format-standard","has-post-thumbnail","hentry","category-economia","tag-energia","tag-governo-federal","tag-ministerio-de-minas-e-energia"],"acf":[],"amp_enabled":true,"_links":{"self":[{"href":"https:\/\/investnews.com.br\/inv-api\/wp\/v2\/posts\/255087","targetHints":{"allow":["GET"]}}],"collection":[{"href":"https:\/\/investnews.com.br\/inv-api\/wp\/v2\/posts"}],"about":[{"href":"https:\/\/investnews.com.br\/inv-api\/wp\/v2\/types\/post"}],"author":[{"embeddable":true,"href":"https:\/\/investnews.com.br\/inv-api\/wp\/v2\/users\/7"}],"replies":[{"embeddable":true,"href":"https:\/\/investnews.com.br\/inv-api\/wp\/v2\/comments?post=255087"}],"version-history":[{"count":2,"href":"https:\/\/investnews.com.br\/inv-api\/wp\/v2\/posts\/255087\/revisions"}],"predecessor-version":[{"id":255090,"href":"https:\/\/investnews.com.br\/inv-api\/wp\/v2\/posts\/255087\/revisions\/255090"}],"wp:featuredmedia":[{"embeddable":true,"href":"https:\/\/investnews.com.br\/inv-api\/wp\/v2\/media\/255088"}],"wp:attachment":[{"href":"https:\/\/investnews.com.br\/inv-api\/wp\/v2\/media?parent=255087"}],"wp:term":[{"taxonomy":"category","embeddable":true,"href":"https:\/\/investnews.com.br\/inv-api\/wp\/v2\/categories?post=255087"},{"taxonomy":"post_tag","embeddable":true,"href":"https:\/\/investnews.com.br\/inv-api\/wp\/v2\/tags?post=255087"},{"taxonomy":"autor-wsj","embeddable":true,"href":"https:\/\/investnews.com.br\/inv-api\/wp\/v2\/autor-wsj?post=255087"},{"taxonomy":"author","embeddable":true,"href":"https:\/\/investnews.com.br\/inv-api\/wp\/v2\/coauthors?post=255087"}],"curies":[{"name":"wp","href":"https:\/\/api.w.org\/{rel}","templated":true}]}}