{"id":256977,"date":"2021-06-29T12:11:06","date_gmt":"2021-06-29T15:11:06","guid":{"rendered":"https:\/\/investnews.com.br\/?p=256977"},"modified":"2026-03-26T16:20:37","modified_gmt":"2026-03-26T19:20:37","slug":"aneel-eleva-em-52-custo-da-bandeira-tarifaria-de-energia-vermelha-patamar-2","status":"publish","type":"post","link":"https:\/\/investnews.com.br\/economia\/aneel-eleva-em-52-custo-da-bandeira-tarifaria-de-energia-vermelha-patamar-2\/","title":{"rendered":"Aneel eleva em 52% custo da bandeira tarif\u00e1ria de energia vermelha patamar 2"},"content":{"rendered":"\n<p>A diretoria da Ag\u00eancia Nacional de Energia El\u00e9trica (<strong>Aneel<\/strong>) definiu nesta ter\u00e7a-feira <strong>elevar o custo da bandeira tarif\u00e1ria vermelha patamar 2<\/strong> para 9,49 reais por cada 100 kwh consumidos, ante valor atual de 6,243 reais por 100 kwh, em meio a impactos do baixo n\u00edvel dos reservat\u00f3rios das usinas hidrel\u00e9tricas.<\/p>\n\n\n\n<p>Em junho, a bandeira tarif\u00e1ria j\u00e1 se situou em n\u00edvel 2, o mais caro. Mas a Aneel decidiu agora <strong>elevar em 52% o valor do patamar mais custoso<\/strong>.<\/p>\n\n\n\n<p>A Aneel havia decidido anteriormente que o novo valor da bandeira tarif\u00e1ria vermelha patamar 2 para julho seria decidido na reuni\u00e3o desta ter\u00e7a-feira.<\/p>\n\n\n\n<p>A <a href=\"https:\/\/investnews.com.br\/financas\/crise-hidrica-quais-acoes-sao-impactadas-pela-pior-seca-em-quase-100-anos\/\" class=\"rank-math-link\">crise h\u00eddrica<\/a>, fruto do pior per\u00edodo \u00famido em 91 anos na \u00e1rea das usinas, leva ao maior acionamento de termel\u00e9tricas, mais caras, cujo custo inclu\u00eddo nas tarifas dos consumidores \u00e9 coberto pelas bandeiras.<\/p>\n\n\n\n<p>A revis\u00e3o do valor das bandeiras para 2021\/2022, iniciada em consulta p\u00fablica, coincidiu com as mais baixas aflu\u00eancias nas principais bacias hidrogr\u00e1ficas do Sistema Interligado Nacional (SIN), fortemente baseado na gera\u00e7\u00e3o hidrel\u00e9trica.<\/p>\n\n\n\n<p>O diretor-geral da Aneel, Andr\u00e9 Pepitone, que proclamou o valor ap\u00f3s aprova\u00e7\u00e3o da diretoria, lembrou durante a audi\u00eancia que <strong>a conta das bandeiras tarif\u00e1rias j\u00e1 est\u00e1 deficit\u00e1ria em cerca de R$ 1,5 bilh\u00e3o<\/strong>, defendendo o aumento do valor, assim como a maioria dos outros diretores.<\/p>\n\n\n\n<p>Ele comentou que &#8220;ningu\u00e9m gosta de anunciar aumento de pre\u00e7os&#8221; e destacou que a Aneel tem feito um &#8220;trabalho intenso&#8221; para desonerar tarifa. Mas ponderou tamb\u00e9m a situa\u00e7\u00e3o h\u00eddrica. O adiamento da decis\u00e3o poderia tornar o cen\u00e1rio &#8220;muito desafiador&#8221;, disse ele.<\/p>\n\n\n\n<p><strong>Veja tamb\u00e9m <\/strong><\/p>\n\n\n\n<ul class=\"wp-block-list\">\n<li><a href=\"https:\/\/investnews.com.br\/financas\/o-que-e-open-banking\/\" target=\"_blank\" rel=\"noreferrer noopener\">Open Banking<\/a>: o que \u00e9 e como funciona?<\/li>\n\n\n\n<li>O\u00a0<a href=\"https:\/\/investnews.com.br\/colunistas\/coluna-do-samy-dana\/o-stock-picking-e-uma-ilusao\/\" target=\"_blank\" rel=\"noreferrer noopener\">stock picking<\/a>\u00a0\u00e9 uma ilus\u00e3o?<\/li>\n\n\n\n<li><a href=\"https:\/\/investnews.com.br\/cafeina\/eletrobras-o-que-muda-nas-acoes-da-estatal-depois-da-privatizacao\/\" target=\"_blank\" rel=\"noreferrer noopener\">Privatiza\u00e7\u00e3o da Eletrobras<\/a>: o que muda nas a\u00e7\u00f5es da estatal?<\/li>\n\n\n\n<li><a href=\"https:\/\/investnews.com.br\/financas\/facebook-atinge-valor-de-mercado-de-us-1-trilhao-pela-primeira-vez\/\" target=\"_blank\" rel=\"noreferrer noopener\">Facebook<\/a>\u00a0atinge valor de mercado de US$ 1 trilh\u00e3o pela primeira vez<\/li>\n\n\n\n<li>\u2018Efeito manada\u2019 ampliou\u00a0<a href=\"https:\/\/investnews.com.br\/financas\/efeito-manada-ampliou-queda-de-fiis-por-reforma-tributaria-diz-analista\/\" target=\"_blank\" rel=\"noreferrer noopener\">queda de FIIs<\/a>\u00a0por reforma tribut\u00e1ria, diz analista<\/li>\n\n\n\n<li>Tesouro emitir\u00e1\u00a0<a href=\"https:\/\/investnews.com.br\/financas\/tesouro-anuncia-emissao-externa-com-novo-benchmark-de-10-anos\/\" target=\"_blank\" rel=\"noreferrer noopener\">t\u00edtulos de d\u00edvida externa<\/a>\u00a0com prazo de 10 anos<\/li>\n<\/ul>\n","protected":false},"excerpt":{"rendered":"<p>Aumento \u00e9 reflexo do baixo n\u00edvel dos reservat\u00f3rios das usinas hidrel\u00e9tricas.<\/p>\n","protected":false},"author":7,"featured_media":235422,"comment_status":"closed","ping_status":"open","sticky":false,"template":"","format":"standard","meta":{"_acf_changed":false,"inline_featured_image":false,"footnotes":""},"categories":[5],"tags":[824],"autor-wsj":[],"coauthors":[1494],"class_list":["post-256977","post","type-post","status-publish","format-standard","has-post-thumbnail","hentry","category-economia","tag-energia"],"acf":[],"amp_enabled":true,"_links":{"self":[{"href":"https:\/\/investnews.com.br\/inv-api\/wp\/v2\/posts\/256977","targetHints":{"allow":["GET"]}}],"collection":[{"href":"https:\/\/investnews.com.br\/inv-api\/wp\/v2\/posts"}],"about":[{"href":"https:\/\/investnews.com.br\/inv-api\/wp\/v2\/types\/post"}],"author":[{"embeddable":true,"href":"https:\/\/investnews.com.br\/inv-api\/wp\/v2\/users\/7"}],"replies":[{"embeddable":true,"href":"https:\/\/investnews.com.br\/inv-api\/wp\/v2\/comments?post=256977"}],"version-history":[{"count":5,"href":"https:\/\/investnews.com.br\/inv-api\/wp\/v2\/posts\/256977\/revisions"}],"predecessor-version":[{"id":774030,"href":"https:\/\/investnews.com.br\/inv-api\/wp\/v2\/posts\/256977\/revisions\/774030"}],"wp:featuredmedia":[{"embeddable":true,"href":"https:\/\/investnews.com.br\/inv-api\/wp\/v2\/media\/235422"}],"wp:attachment":[{"href":"https:\/\/investnews.com.br\/inv-api\/wp\/v2\/media?parent=256977"}],"wp:term":[{"taxonomy":"category","embeddable":true,"href":"https:\/\/investnews.com.br\/inv-api\/wp\/v2\/categories?post=256977"},{"taxonomy":"post_tag","embeddable":true,"href":"https:\/\/investnews.com.br\/inv-api\/wp\/v2\/tags?post=256977"},{"taxonomy":"autor-wsj","embeddable":true,"href":"https:\/\/investnews.com.br\/inv-api\/wp\/v2\/autor-wsj?post=256977"},{"taxonomy":"author","embeddable":true,"href":"https:\/\/investnews.com.br\/inv-api\/wp\/v2\/coauthors?post=256977"}],"curies":[{"name":"wp","href":"https:\/\/api.w.org\/{rel}","templated":true}]}}