{"id":259092,"date":"2021-07-07T11:23:54","date_gmt":"2021-07-07T14:23:54","guid":{"rendered":"https:\/\/investnews.com.br\/?p=259092"},"modified":"2021-09-02T12:50:17","modified_gmt":"2021-09-02T15:50:17","slug":"meliuz-fara-nova-oferta-de-acoes-que-podera-movimentar-r-12-bilhao","status":"publish","type":"post","link":"https:\/\/investnews.com.br\/financas\/meliuz-fara-nova-oferta-de-acoes-que-podera-movimentar-r-12-bilhao\/","title":{"rendered":"Meliuz far\u00e1 nova oferta de a\u00e7\u00f5es que poder\u00e1 movimentar R$ 1,2 bilh\u00e3o"},"content":{"rendered":"A \u00a0<strong>M\u00e9liuz<\/strong>\u00a0(<a class=\"rank-math-link\" href=\"https:\/\/investnews.com.br\/cotacao\/cash3-meliuz\/\" target=\"_blank\" rel=\"noopener noreferrer\">CASH3<\/a>), empresa de <a href=\"https:\/\/investnews.com.br\/financas\/acao-da-meliuz-estreia-na-b3-veja-pros-e-contras-antes-de-investir-na-empresa\/\">cashback<\/a> que ingressou na B3 em novembro de 2020, anunciou que seu conselho de administra\u00e7\u00e3o aprovou na manh\u00e3 nesta quarta-feira (7) a realiza\u00e7\u00e3o de uma oferta p\u00fablica subsequente de a\u00e7\u00f5es<strong> (<a href=\"https:\/\/investnews.com.br\/guias\/follow-on-saiba-o-que-e-e-como-funciona\/\">follow-on<\/a>).<\/strong>\n\n<!-- \/wp:post-content --><!-- wp:paragraph -->\n\nAo levar em conta que a a\u00e7\u00e3o da companhia encerrou o preg\u00e3o de ontem ao\npre\u00e7o de R$ 55,44, a oferta poder\u00e1 movimentar <strong>R$ 749 milh\u00f5es ou at\u00e9 R$ 1,12 bilh\u00e3o<\/strong>\nse considerado o lote adicional.\n\n<!-- \/wp:paragraph --><!-- wp:paragraph -->\n\nA empresa informou que a oferta ser\u00e1 restrita (destinada a investidores\ninstitucionais) e consistir\u00e1 na distribui\u00e7\u00e3o prim\u00e1ria \u2013 quando os recursos\ncaptados v\u00e3o para o caixa da empresa \u2013 <strong>de 7,5 milh\u00f5es de a\u00e7\u00f5es<\/strong>. Haver\u00e1 tamb\u00e9m\numa oferta secund\u00e1ria \u2013 quando h\u00e1 venda na participa\u00e7\u00e3o por\nparte dos acionistas controladores \u2013<strong>de 6 milh\u00f5es de pap\u00e9is.<\/strong>\n\nA Meliuz reiterou que os recursos l\u00edquidos provenientes da oferta prim\u00e1ria ser\u00e3o\ndestinados para ampliar a participa\u00e7\u00e3o nos mercados em que j\u00e1 atua\n(marketplace e servi\u00e7os financeiros) e para potenciais aquisi\u00e7\u00f5es de empresas\nconsideradas estrat\u00e9gicas.\n\nNa oferta secund\u00e1ria, os acionistas vendedores ser\u00e3o Ofli Campos Guimar\u00e3es (um dos fundadores da companhia), al\u00e9m dos fundos Endeavor Catalyst II, Endeavor Catalyst II- A, Monashees Capital VII e o Monashees Capital Partners Co-Investment Fund VII.\n\n<!-- \/wp:paragraph --><!-- wp:paragraph -->\n\nA opera\u00e7\u00e3o ser\u00e1 coordenada pelos bancos BTG Pactual, Ita\u00fa BBA,\u00a0Morgan\nStanley\u00a0e UBS Brasil.\n\n<!-- \/wp:paragraph --><!-- wp:paragraph -->\n\nA companhia informou que o pre\u00e7o por a\u00e7\u00e3o ser\u00e1 fixado ap\u00f3s a conclus\u00e3o do\nprocedimento de coleta de inten\u00e7\u00f5es de investimento, que ser\u00e1 realizado junto a\ninvestidores profissionais.\n<p class=\"MsoNormal\">No ano, a empresa registra valoriza\u00e7\u00e3o de <strong>269,79%.<\/strong> Por volta das 11h desta\nquarta-feira (7), os pap\u00e9is registravam queda de 0,10%, cotados a R$ 55,38.<\/p>\n<!--EndFragment-->\n<h4>Veja tamb\u00e9m<\/h4>\n<ul>\n \t<li><a href=\"https:\/\/investnews.com.br\/negocios\/shell-vai-aumentar-retornos-a-acionistas-apos-salto-nos-precos-do-petroleo\/\" target=\"_blank\" rel=\"noreferrer noopener\">Shell<\/a>\u00a0vai aumentar retornos a acionistas ap\u00f3s salto nos pre\u00e7os do petr\u00f3leo<\/li>\n \t<li><a class=\"rank-math-link\" href=\"https:\/\/investnews.com.br\/financas\/vittia-decola-quase-20-em-estreia-oceanpact-sobe-apos-contratos-com-petrobras\/\" data-rich-text-format-boundary=\"true\">A\u00e7\u00e3o da Vittia<\/a> (VITT3) decola quase 20% em estreia<\/li>\n \t<li><a href=\"https:\/\/investnews.com.br\/economia\/cesta-basica-as-cidades-com-as-maiores-altas-e-baixas-de-preco-em-junho\/\" target=\"_blank\" rel=\"noreferrer noopener\">Cesta b\u00e1sica<\/a>: as cidades com as maiores altas e baixas de pre\u00e7o em junho<\/li>\n \t<li><a class=\"rank-math-link\" href=\"https:\/\/investnews.com.br\/economia\/vendas-no-varejo-sobem-14-em-maio-na-comparacao-com-abril-diz-ibge\/\" target=\"_blank\" rel=\"noopener noreferrer\">Vendas no varejo<\/a>\u00a0sobem 1,4% em maio na compara\u00e7\u00e3o com abril, diz IBGE<\/li>\n \t<li><a href=\"https:\/\/investnews.com.br\/boletim-investnews\/dolar-a-r-520-e-ibovespa-no-vermelho-4-motivos-para-a-baixa-do-mercado\/\" target=\"_blank\" rel=\"noreferrer noopener\">D\u00f3lar<\/a>\u00a0a R$ 5,20 e Ibovespa no vermelho: 4 motivos para a baixa do mercado<\/li>\n \t<li><a href=\"https:\/\/investnews.com.br\/estadao-economia\/\" target=\"_blank\" rel=\"noreferrer noopener\">Privatiza\u00e7\u00e3o dos Correios<\/a>: governo decide vender 100% da estatal<\/li>\n \t<li><a href=\"https:\/\/investnews.com.br\/negocios\/brf-faz-aporte-de-us25-mi-na-aleph-farms-para-produzir-em-2024-carne-cultivada\/\" target=\"_blank\" rel=\"noreferrer noopener\">BRF<\/a>\u00a0faz aporte de US$2,5 mi na Aleph Farms para produzir em 2024 carne cultivada<\/li>\n<\/ul>\n<!-- wp:paragraph -->\n\n<!-- \/wp:paragraph -->","protected":false},"excerpt":{"rendered":"<p>A opera\u00e7\u00e3o consistir\u00e1 na distribui\u00e7\u00e3o prim\u00e1ria e secund\u00e1ria de pap\u00e9is. <\/p>\n","protected":false},"author":53,"featured_media":0,"comment_status":"closed","ping_status":"open","sticky":false,"template":"","format":"standard","meta":{"_acf_changed":false,"inline_featured_image":false,"footnotes":""},"categories":[4,6],"tags":[],"autor-wsj":[],"coauthors":[2433],"class_list":["post-259092","post","type-post","status-publish","format-standard","hentry","category-financas","category-negocios"],"acf":[],"amp_enabled":true,"_links":{"self":[{"href":"https:\/\/investnews.com.br\/inv-api\/wp\/v2\/posts\/259092","targetHints":{"allow":["GET"]}}],"collection":[{"href":"https:\/\/investnews.com.br\/inv-api\/wp\/v2\/posts"}],"about":[{"href":"https:\/\/investnews.com.br\/inv-api\/wp\/v2\/types\/post"}],"author":[{"embeddable":true,"href":"https:\/\/investnews.com.br\/inv-api\/wp\/v2\/users\/53"}],"replies":[{"embeddable":true,"href":"https:\/\/investnews.com.br\/inv-api\/wp\/v2\/comments?post=259092"}],"version-history":[{"count":26,"href":"https:\/\/investnews.com.br\/inv-api\/wp\/v2\/posts\/259092\/revisions"}],"predecessor-version":[{"id":273639,"href":"https:\/\/investnews.com.br\/inv-api\/wp\/v2\/posts\/259092\/revisions\/273639"}],"wp:attachment":[{"href":"https:\/\/investnews.com.br\/inv-api\/wp\/v2\/media?parent=259092"}],"wp:term":[{"taxonomy":"category","embeddable":true,"href":"https:\/\/investnews.com.br\/inv-api\/wp\/v2\/categories?post=259092"},{"taxonomy":"post_tag","embeddable":true,"href":"https:\/\/investnews.com.br\/inv-api\/wp\/v2\/tags?post=259092"},{"taxonomy":"autor-wsj","embeddable":true,"href":"https:\/\/investnews.com.br\/inv-api\/wp\/v2\/autor-wsj?post=259092"},{"taxonomy":"author","embeddable":true,"href":"https:\/\/investnews.com.br\/inv-api\/wp\/v2\/coauthors?post=259092"}],"curies":[{"name":"wp","href":"https:\/\/api.w.org\/{rel}","templated":true}]}}