{"id":259198,"date":"2021-07-07T13:12:35","date_gmt":"2021-07-07T16:12:35","guid":{"rendered":"https:\/\/investnews.com.br\/?p=259198"},"modified":"2021-07-22T10:49:17","modified_gmt":"2021-07-22T13:49:17","slug":"guedes-diz-que-pib-de-2021-vai-surpreender-e-crescer-de-5-a-55-no-ano","status":"publish","type":"post","link":"https:\/\/investnews.com.br\/economia\/guedes-diz-que-pib-de-2021-vai-surpreender-e-crescer-de-5-a-55-no-ano\/","title":{"rendered":"Guedes diz que PIB de 2021 vai surpreender e crescer de 5% a 5,5% no ano"},"content":{"rendered":"\n<p>O ministro da Economia, Paulo Guedes, afirmou nesta quarta-feira (07) que o Brasil vai crescer este ano de 5% a 5,5%, exaltando a recupera\u00e7\u00e3o da economia brasileira em meio \u00e0 pandemia de coronav\u00edrus.<\/p>\n\n\n\n<p>Em audi\u00eancia na C\u00e2mara, Guedes disse que o pa\u00eds est\u00e1 surpreendendo o mundo. As proje\u00e7\u00f5es econ\u00f4micas para o <a class=\"rank-math-link\" href=\"https:\/\/investnews.com.br\/economia\/pib-frase-bolsonaro\/\">PIB de 2021<\/a> apontados por Guedes nesta quarta foram maiores do que proje\u00e7\u00f5es recentes feitos pelo <strong>Minist\u00e9rio da Economia<\/strong> ou pelo pr\u00f3prio ministro.<\/p>\n\n\n\n<p>Em 18 de maio, o Minist\u00e9rio da Economia havia elevado a sua proje\u00e7\u00e3o de crescimento do PIB este ano para 3,50%. H\u00e1 cerca de um m\u00eas, ao tratar da recupera\u00e7\u00e3o econ\u00f4mica do pa\u00eds e das recentes revis\u00f5es de proje\u00e7\u00f5es para cima de institui\u00e7\u00f5es para o PIB deste ano, Guedes elevou novamente a expectativa. Disse que a pasta ainda mant\u00e9m c\u00e1lculo conservador, &#8220;entre 4% e 5%&#8221; para o PIB de 2021.<\/p>\n\n\n\n<p>Guedes foi inicialmente convocado pela Comiss\u00e3o de Fiscaliza\u00e7\u00e3o e Controle da C\u00e2mara para falar sobre <strong>diverg\u00eancias em dados da Previd\u00eancia<\/strong> apontadas por t\u00e9cnicos do <strong>Tribunal de Contas da Uni\u00e3o (TCU)<\/strong>, mas acabou em sua exposi\u00e7\u00e3o inicial discorrendo principalmente sobre a atua\u00e7\u00e3o do governo na <a href=\"https:\/\/investnews.com.br\/economia\/impacto-economico-da-pandemia-vidas-perdidas-podem-custar-r-25-tri-ao-brasil\/\" class=\"rank-math-link\">pandemia<\/a>.<\/p>\n\n\n\n<h4 class=\"wp-block-heading\"><strong>Veja tamb\u00e9m<\/strong><\/h4>\n\n\n\n<ul class=\"wp-block-list\"><li><a rel=\"noreferrer noopener\" target=\"_blank\" href=\"https:\/\/investnews.com.br\/colunistas\/invista-melhor\/investir-o-quanto-antes-melhor\/\">Investir<\/a>: o quanto antes, melhor<\/li><li>De reforma \u00e0 Selic: como os&nbsp;<a rel=\"noreferrer noopener\" target=\"_blank\" href=\"https:\/\/investnews.com.br\/cafeina\/de-reforma-a-selic-como-os-fiis-driblaram-o-1o-semestre-os-melhores-e-piores\/\">FIIs<\/a>&nbsp;driblaram o 1\u00ba semestre?<\/li><li><a href=\"https:\/\/investnews.com.br\/financas\/fundos-captam-r-206-bilhoes-no-1o-semestre-renda-fixa-e-multimercados-lideram\/\">Fundos de investimentos<\/a> captam R$ 206 bilh\u00f5es no 1\u00ba semestre; <a href=\"https:\/\/investnews.com.br\/guias\/renda-fixa-o-que-e\/\">renda fixa<\/a> e multimercados lideram<\/li><li><a rel=\"noreferrer noopener\" target=\"_blank\" href=\"https:\/\/investnews.com.br\/boletim-investnews\/dolar-a-r-520-e-ibovespa-no-vermelho-4-motivos-para-a-baixa-do-mercado\/\">D\u00f3lar<\/a>&nbsp;a R$ 5,20 e Ibovespa no vermelho: 4 motivos para a baixa do mercado<\/li><li><a rel=\"noreferrer noopener\" target=\"_blank\" href=\"https:\/\/investnews.com.br\/estadao-economia\/\">Privatiza\u00e7\u00e3o dos Correios<\/a>: governo decide vender 100% da estatal<\/li><\/ul>\n","protected":false},"excerpt":{"rendered":"<p>Ministro diz que haver\u00e1 recupera\u00e7\u00e3o da economia brasileira em meio \u00e0 pandemia de coronav\u00edrus.<\/p>\n","protected":false},"author":51,"featured_media":259203,"comment_status":"closed","ping_status":"open","sticky":false,"template":"","format":"standard","meta":{"_acf_changed":false,"inline_featured_image":false,"footnotes":""},"categories":[5],"tags":[240,347,53],"autor-wsj":[],"coauthors":[2425],"class_list":["post-259198","post","type-post","status-publish","format-standard","has-post-thumbnail","hentry","category-economia","tag-ministerio-da-economia","tag-paulo-guedes","tag-pib"],"acf":[],"amp_enabled":true,"_links":{"self":[{"href":"https:\/\/investnews.com.br\/inv-api\/wp\/v2\/posts\/259198","targetHints":{"allow":["GET"]}}],"collection":[{"href":"https:\/\/investnews.com.br\/inv-api\/wp\/v2\/posts"}],"about":[{"href":"https:\/\/investnews.com.br\/inv-api\/wp\/v2\/types\/post"}],"author":[{"embeddable":true,"href":"https:\/\/investnews.com.br\/inv-api\/wp\/v2\/users\/51"}],"replies":[{"embeddable":true,"href":"https:\/\/investnews.com.br\/inv-api\/wp\/v2\/comments?post=259198"}],"version-history":[{"count":7,"href":"https:\/\/investnews.com.br\/inv-api\/wp\/v2\/posts\/259198\/revisions"}],"predecessor-version":[{"id":263231,"href":"https:\/\/investnews.com.br\/inv-api\/wp\/v2\/posts\/259198\/revisions\/263231"}],"wp:featuredmedia":[{"embeddable":true,"href":"https:\/\/investnews.com.br\/inv-api\/wp\/v2\/media\/259203"}],"wp:attachment":[{"href":"https:\/\/investnews.com.br\/inv-api\/wp\/v2\/media?parent=259198"}],"wp:term":[{"taxonomy":"category","embeddable":true,"href":"https:\/\/investnews.com.br\/inv-api\/wp\/v2\/categories?post=259198"},{"taxonomy":"post_tag","embeddable":true,"href":"https:\/\/investnews.com.br\/inv-api\/wp\/v2\/tags?post=259198"},{"taxonomy":"autor-wsj","embeddable":true,"href":"https:\/\/investnews.com.br\/inv-api\/wp\/v2\/autor-wsj?post=259198"},{"taxonomy":"author","embeddable":true,"href":"https:\/\/investnews.com.br\/inv-api\/wp\/v2\/coauthors?post=259198"}],"curies":[{"name":"wp","href":"https:\/\/api.w.org\/{rel}","templated":true}]}}