{"id":259332,"date":"2021-07-07T18:28:17","date_gmt":"2021-07-07T21:28:17","guid":{"rendered":"https:\/\/investnews.com.br\/?p=259332"},"modified":"2024-06-24T12:09:15","modified_gmt":"2024-06-24T15:09:15","slug":"dolar-dividendos-e-reforma-3-falas-de-paulo-guedes-que-mexeram-com-o-mercado","status":"publish","type":"post","link":"https:\/\/investnews.com.br\/financas\/dolar-dividendos-e-reforma-3-falas-de-paulo-guedes-que-mexeram-com-o-mercado\/","title":{"rendered":"D\u00f3lar, dividendos e reforma: 3 falas de Paulo Guedes que mexeram com o mercado"},"content":{"rendered":"\n<figure class=\"wp-block-embed-youtube wp-block-embed is-type-video is-provider-youtube wp-embed-aspect-16-9 wp-has-aspect-ratio\"><div class=\"wp-block-embed__wrapper\">\n<iframe loading=\"lazy\" title=\"D\u00f3lar, dividendos e reforma: 3 falas de Paulo Guedes que mexeram com o mercado\" width=\"500\" height=\"281\" src=\"https:\/\/www.youtube.com\/embed\/LfDGR66HUmc?feature=oembed\" frameborder=\"0\" allow=\"accelerometer; autoplay; clipboard-write; encrypted-media; gyroscope; picture-in-picture; web-share\" referrerpolicy=\"strict-origin-when-cross-origin\" allowfullscreen><\/iframe>\n<\/div><\/figure>\n\n\n\n<p><strong>D\u00f3lar a R$ 5 <\/strong>\u00e9 bom para o turismo. Taxa\u00e7\u00e3o de <a href=\"https:\/\/investnews.com.br\/guias\/dividendos-o-que-sao-como-funcionam\/\">dividendos<\/a> reduz impostos de empresas. Reforma administrativa n\u00e3o \u00e9 complexa. Essas foram tr\u00eas declara\u00e7\u00f5es do ministro Paulo Guedes que mexeram com o <a href=\"https:\/\/investnews.com.br\/guias\/como-funciona-o-mercado-financeiro\/\">mercado financeiro<\/a> nesta quarta-feira (7). <\/p>\n\n\n\n<p>No Boletim InvestNews, a jornalista Karina Trevizan e o analista de investimentos Murilo Breder, da Easynvest by Nubank, comentam os reflexos no d\u00f3lar e no Ibovespa.<\/p>\n\n\n\n<p>O dia foi marcado ainda por leil\u00e3o da fibra \u00f3ptica da <strong>Oi<\/strong> (<a href=\"https:\/\/investnews.com.br\/cotacao\/oibr3-oi\/\" class=\"rank-math-link\">OIBR3<\/a>). Por que a <strong>TIM<\/strong> (<a href=\"https:\/\/investnews.com.br\/cotacao\/tims3-tim\/\" class=\"rank-math-link\">TIMS3<\/a>) e a <strong>Vivo<\/strong> (<a href=\"https:\/\/investnews.com.br\/cotacao\/vivt3-vivt4-telefonica-brasil\/\" class=\"rank-math-link\">VIVT3<\/a>) subiram? Outro destaque do dia \u00e9 a lista das maiores altas da bolsa de valores, na qual as a\u00e7\u00f5es de tecnologia dominaram os ganhos. Por que as locadoras de carros <strong>Locamerica <\/strong>(<a href=\"https:\/\/investnews.com.br\/cotacao\/lcam3-locamerica\/\" class=\"rank-math-link\">LCAM3<\/a>) e <strong>Localiza<\/strong> (<a href=\"https:\/\/investnews.com.br\/cotacao\/rent3-localiza-rent\/\" class=\"rank-math-link\">RENT3<\/a>) subiram junto?<\/p>\n\n\n\n<p>O programa destaca ainda a cota\u00e7\u00e3o do d\u00f3lar, fechamento do Ibovespa, maiores altas e maiores quedas do \u00edndice. <\/p>\n\n\n\n<h4 class=\"wp-block-heading\"><strong>Veja tamb\u00e9m<\/strong><\/h4>\n\n\n\n<ul class=\"wp-block-list\"><li><a rel=\"noreferrer noopener\" target=\"_blank\" href=\"https:\/\/investnews.com.br\/colunistas\/invista-melhor\/investir-o-quanto-antes-melhor\/\" class=\"rank-math-link\">Investir<\/a>: o quanto antes, melhor<\/li><li>De reforma \u00e0 Selic: como os\u00a0<a rel=\"noreferrer noopener\" target=\"_blank\" href=\"https:\/\/investnews.com.br\/cafeina\/de-reforma-a-selic-como-os-fiis-driblaram-o-1o-semestre-os-melhores-e-piores\/\" class=\"rank-math-link\">FIIs<\/a>\u00a0driblaram o 1\u00ba semestre?<\/li><\/ul>\n","protected":false},"excerpt":{"rendered":"<p>Analista comenta sobre implica\u00e7\u00f5es da moeda estrangeira e outros destaques do mercado. <\/p>\n","protected":false},"author":31,"featured_media":259335,"comment_status":"closed","ping_status":"open","sticky":false,"template":"","format":"standard","meta":{"_acf_changed":false,"inline_featured_image":false,"footnotes":""},"categories":[4],"tags":[526,26,347],"autor-wsj":[],"coauthors":[1908,2315],"class_list":["post-259332","post","type-post","status-publish","format-standard","has-post-thumbnail","hentry","category-financas","tag-dividendos","tag-dolar","tag-paulo-guedes"],"acf":[],"amp_enabled":true,"_links":{"self":[{"href":"https:\/\/investnews.com.br\/inv-api\/wp\/v2\/posts\/259332","targetHints":{"allow":["GET"]}}],"collection":[{"href":"https:\/\/investnews.com.br\/inv-api\/wp\/v2\/posts"}],"about":[{"href":"https:\/\/investnews.com.br\/inv-api\/wp\/v2\/types\/post"}],"author":[{"embeddable":true,"href":"https:\/\/investnews.com.br\/inv-api\/wp\/v2\/users\/31"}],"replies":[{"embeddable":true,"href":"https:\/\/investnews.com.br\/inv-api\/wp\/v2\/comments?post=259332"}],"version-history":[{"count":10,"href":"https:\/\/investnews.com.br\/inv-api\/wp\/v2\/posts\/259332\/revisions"}],"predecessor-version":[{"id":282777,"href":"https:\/\/investnews.com.br\/inv-api\/wp\/v2\/posts\/259332\/revisions\/282777"}],"wp:featuredmedia":[{"embeddable":true,"href":"https:\/\/investnews.com.br\/inv-api\/wp\/v2\/media\/259335"}],"wp:attachment":[{"href":"https:\/\/investnews.com.br\/inv-api\/wp\/v2\/media?parent=259332"}],"wp:term":[{"taxonomy":"category","embeddable":true,"href":"https:\/\/investnews.com.br\/inv-api\/wp\/v2\/categories?post=259332"},{"taxonomy":"post_tag","embeddable":true,"href":"https:\/\/investnews.com.br\/inv-api\/wp\/v2\/tags?post=259332"},{"taxonomy":"autor-wsj","embeddable":true,"href":"https:\/\/investnews.com.br\/inv-api\/wp\/v2\/autor-wsj?post=259332"},{"taxonomy":"author","embeddable":true,"href":"https:\/\/investnews.com.br\/inv-api\/wp\/v2\/coauthors?post=259332"}],"curies":[{"name":"wp","href":"https:\/\/api.w.org\/{rel}","templated":true}]}}