{"id":259739,"date":"2021-07-09T07:30:00","date_gmt":"2021-07-09T10:30:00","guid":{"rendered":"https:\/\/investnews.com.br\/?p=259739"},"modified":"2021-07-12T09:20:29","modified_gmt":"2021-07-12T12:20:29","slug":"super-ricos-tem-60-de-isencao-no-imposto-de-renda-restante-da-populacao-25","status":"publish","type":"post","link":"https:\/\/investnews.com.br\/financas\/super-ricos-tem-60-de-isencao-no-imposto-de-renda-restante-da-populacao-25\/","title":{"rendered":"\u2018Super-ricos\u2019 t\u00eam 60% de isen\u00e7\u00e3o no Imposto de Renda; restante da popula\u00e7\u00e3o, 25%"},"content":{"rendered":"\n<p>Um <strong>\u00fanico brasileiro declarou no ano passado ter recebido a quantia de R$ 1,3 bilh\u00e3o em lucros e <a href=\"https:\/\/investnews.com.br\/guias\/dividendos-o-que-sao-como-funcionam\/\">dividendos<\/a> livre de impostos<\/strong>, de acordo com dados p\u00fablicos divulgados pela Receita Federal. Esse contribuinte faz parte de um grupo de <strong>3 mil milion\u00e1rios <\/strong>que, segundo as pr\u00f3prias declara\u00e7\u00f5es, possuem uma <strong>renda de R$ 150 bilh\u00f5es anuais<\/strong>, dos quais R$ 93 bilh\u00f5es s\u00e3o isentos de tributa\u00e7\u00e3o na pessoa f\u00edsica.]<\/p>\n\n\n\n<p><strong>Leia mais:<\/strong> <a href=\"https:\/\/investnews.com.br\/economia\/super-ricos-vao-bancar-maior-parte-da-arrecadacao-com-taxacao-de-dividendos\/\" class=\"rank-math-link\">\u2018Super-ricos\u2019 v\u00e3o bancar maior parte da taxa\u00e7\u00e3o de dividendos<\/a><\/p>\n\n\n\n<p><br>Na pir\u00e2mide social-tribut\u00e1ria do Brasil, de acordo com os dados da Receita, quanto mais rica for a pessoa, maior ser\u00e1 a parcela da renda que permanece isenta. <\/p>\n\n\n\n<p>Enquanto 99% dos contribuintes t\u00eam isen\u00e7\u00e3o m\u00e9dia de 25%, no topo dessa pir\u00e2mide 60% da renda n\u00e3o \u00e9 tributada, apontam simula\u00e7\u00f5es feitas pelo economista Sergio Gobetti, a pedido do&nbsp;&#8220;Estad\u00e3o&#8221;, sobre o impacto da volta da tributa\u00e7\u00e3o de lucros e dividendos prevista na proposta de reforma do <a href=\"https:\/\/investnews.com.br\/guias\/imposto-de-renda-o-que-e\/\">Imposto de Renda<\/a> enviada ao Congresso. No caso espec\u00edfico do exemplo que come\u00e7a esta reportagem, a isen\u00e7\u00e3o chegou a 95% da renda.<\/p>\n\n\n\n<p><br>Hoje, os lucros e dividendos recebidos por acionistas de empresas s\u00e3o isentos no Brasil. A proposta do governo \u00e9 <a href=\"https:\/\/investnews.com.br\/financas\/reforma-tributaria-deixa-dividendos-isentos-em-ate-r-20-mil-nao-e-verdade\/\" class=\"rank-math-link\">cobrar uma al\u00edquota de 20%<\/a>. Haveria uma \u00fanica exce\u00e7\u00e3o: quem ganha at\u00e9 R$ 20 mil de pequenas e m\u00e9dias empresas.<\/p>\n\n\n\n<p><br>O projeto foi mal recebido por empresas, que pressionam por mudan\u00e7as. A principal alega\u00e7\u00e3o \u00e9 que as empresas j\u00e1 pagariam um IR elevado que incide sobre o lucro distribu\u00eddo aos acionistas e que, com a nova proposta, a carga tribut\u00e1ria chegaria a 43% (somando o imposto cobrado na pessoa f\u00edsica e na jur\u00eddica). A Receita diz que \u00e9 incorreto somar o que j\u00e1 \u00e9 cobrado das empresas com os 20% na distribui\u00e7\u00e3o dos dividendos.<\/p>\n\n\n\n<figure class=\"wp-block-embed-youtube wp-block-embed is-type-video is-provider-youtube wp-embed-aspect-16-9 wp-has-aspect-ratio\"><div class=\"wp-block-embed__wrapper\">\n<iframe loading=\"lazy\" title=\"Reforma tribut\u00e1ria deixa dividendos isentos em at\u00e9 R$ 20 mil? N\u00e3o \u00e9 verdade\" width=\"500\" height=\"281\" src=\"https:\/\/www.youtube.com\/embed\/R1uBZzqqls0?feature=oembed\" frameborder=\"0\" allow=\"accelerometer; autoplay; clipboard-write; encrypted-media; gyroscope; picture-in-picture; web-share\" referrerpolicy=\"strict-origin-when-cross-origin\" allowfullscreen><\/iframe>\n<\/div><\/figure>\n\n\n\n<h2 class=\"wp-block-heading\"><br>Modelo tribut\u00e1rio<\/h2>\n\n\n\n<p><br>Segundo Gobetti, mesmo quando se considera o valor m\u00e9dio de impostos sobre lucros recolhidos ao n\u00edvel das empresas, em torno de 24%, a carga tribut\u00e1ria m\u00e9dia efetiva sobre a renda dos &#8220;super-ricos&#8221; chega a 20%, bem abaixo do que ocorre em pa\u00edses desenvolvidos, onde a al\u00edquota m\u00e9dia \u00e9 o dobro.<\/p>\n\n\n\n<p><br>V\u00e1rios estudos recentes mostram, por\u00e9m, que \u00e9 inadequado considerar que todos os impostos recolhidos ao n\u00edvel da empresa incidam efetivamente sobre a renda dos s\u00f3cios. Em muitos casos, o custo do IRPJ \u00e9 transferido para os consumidores ou para os trabalhadores das empresas.<\/p>\n\n\n\n<p><br>&#8220;Por isso, os estudos internacionais t\u00eam recomendado reduzir os impostos incidentes sobre o lucro das empresas e aumentar a tributa\u00e7\u00e3o ao n\u00edvel das pessoas f\u00edsicas, de modo progressivo, pesando mais a m\u00e3o sobre a renda dos mais ricos&#8221;, diz Gobetti. Segundo ele, essa \u00e9 a vis\u00e3o dominante no mundo de hoje, inclusive nos organismos internacionais, como FMI e OCDE.<\/p>\n\n\n\n<p><br>Para o tributarista Eduardo Fleury, s\u00f3cio do escrit\u00f3rio FCR Law, a proposta de tributa\u00e7\u00e3o dos dividendos foi muito pesada. &#8220;Na verdade, dever\u00edamos ter reduzido bem mais a al\u00edquota do imposto das empresas para compensar parcialmente a taxa\u00e7\u00e3o sobre os dividendos&#8221;, afirma. Ele defende a isen\u00e7\u00e3o quando a distribui\u00e7\u00e3o \u00e9 feita de empresa para empresa e tamb\u00e9m para remessas ao exterior. &#8220;Ser\u00e1 que o governo vai usar o aumento da arrecada\u00e7\u00e3o para distribuir renda ou em gastos correntes?&#8221;, questiona.<\/p>\n\n\n\n<p><br>Especialista no tema, a professora da Universidade Federal de Minas Gerais (UFMG) D\u00e9bora Freire chama aten\u00e7\u00e3o para o fato de que o sistema tribut\u00e1rio brasileiro \u00e9 muito regressivo (quem ganha menos paga, proporcionalmente, mais), dada a elevada participa\u00e7\u00e3o de tributos indiretos, isto \u00e9, sobre consumo, na carga tribut\u00e1ria. <\/p>\n\n\n\n<p>Ela lembra que, com isen\u00e7\u00f5es e dedu\u00e7\u00f5es (como gastos com sa\u00fade e educa\u00e7\u00e3o), o topo da pir\u00e2mide acaba pagando menos imposto do que a maioria dos contribuintes. A isen\u00e7\u00e3o maior se d\u00e1 pela n\u00e3o taxa\u00e7\u00e3o dos lucros e dividendos. Desde 1996, esses ganhos n\u00e3o s\u00e3o taxados na pessoa f\u00edsica. &#8220;Essa \u00e9 uma distor\u00e7\u00e3o que precisamos corrigir para que o nosso sistema fique um pouco mais justo.&#8221; <\/p>\n\n\n\n<h4 class=\"wp-block-heading\">Veja tamb\u00e9m<\/h4>\n\n\n\n<ul class=\"wp-block-list\"><li>Empres\u00e1rios se mobilizam contra&nbsp;<a rel=\"noreferrer noopener\" href=\"https:\/\/investnews.com.br\/economia\/empresarios-se-mobilizam-contra-proposta-do-governo-para-mudar-ir\/\" target=\"_blank\">proposta do governo para mudar IR<\/a><\/li><li><a rel=\"noreferrer noopener\" href=\"https:\/\/investnews.com.br\/financas\/o-que-e-cdi-entenda-o-que-significa-e-qual-a-relacao-com-seus-investimentos\/\" target=\"_blank\">O que \u00e9 CDI<\/a>? Entenda o que significa e qual a rela\u00e7\u00e3o com seus investimentos<\/li><li><a rel=\"noreferrer noopener\" href=\"https:\/\/investnews.com.br\/economia\/ipca-tem-aumento-de-053-em-junho-diz-ibge\/\" target=\"_blank\">IPCA<\/a>&nbsp;sobe 0,53% em junho, impulsionado pela alta da energia e combust\u00edveis<\/li><li><a rel=\"noreferrer noopener\" href=\"https:\/\/investnews.com.br\/flash\/ibovespa-maioria-das-acoes-opera-no-vermelho-por-que\/\" target=\"_blank\">Ibovespa<\/a>: maioria das a\u00e7\u00f5es opera no vermelho; por qu\u00ea?<\/li><li>D\u00f3lar, dividendos e reforma: 3 falas de&nbsp;<a rel=\"noreferrer noopener\" href=\"https:\/\/investnews.com.br\/boletim-investnews\/dolar-dividendos-e-reforma-3-falas-de-paulo-guedes-que-mexeram-com-o-mercado\/\" target=\"_blank\">Paulo Guedes<\/a>&nbsp;que mexeram com o mercado<\/li><li>Os&nbsp;<a rel=\"noreferrer noopener\" href=\"https:\/\/investnews.com.br\/cafeina\/os-melhores-fundos-de-acoes-multimercado-e-renda-fixa-do-semestre\/\" target=\"_blank\">melhores fundos<\/a>&nbsp;de a\u00e7\u00f5es, multimercado e <a href=\"https:\/\/investnews.com.br\/guias\/renda-fixa-o-que-e\/\">renda fixa<\/a> do semestre<\/li><\/ul>\n","protected":false},"excerpt":{"rendered":"<p>Brasileiro declarou no ano passado ter recebido a quantia de R$ 1,3 bilh\u00e3o em lucros e dividendos livre de impostos.<\/p>\n","protected":false},"author":7,"featured_media":25637,"comment_status":"closed","ping_status":"open","sticky":false,"template":"","format":"standard","meta":{"_acf_changed":false,"inline_featured_image":false,"footnotes":""},"categories":[4],"tags":[526,44,432],"autor-wsj":[],"coauthors":[1494],"class_list":["post-259739","post","type-post","status-publish","format-standard","has-post-thumbnail","hentry","category-financas","tag-dividendos","tag-imposto-de-renda","tag-reforma-tributaria"],"acf":[],"amp_enabled":true,"_links":{"self":[{"href":"https:\/\/investnews.com.br\/inv-api\/wp\/v2\/posts\/259739","targetHints":{"allow":["GET"]}}],"collection":[{"href":"https:\/\/investnews.com.br\/inv-api\/wp\/v2\/posts"}],"about":[{"href":"https:\/\/investnews.com.br\/inv-api\/wp\/v2\/types\/post"}],"author":[{"embeddable":true,"href":"https:\/\/investnews.com.br\/inv-api\/wp\/v2\/users\/7"}],"replies":[{"embeddable":true,"href":"https:\/\/investnews.com.br\/inv-api\/wp\/v2\/comments?post=259739"}],"version-history":[{"count":2,"href":"https:\/\/investnews.com.br\/inv-api\/wp\/v2\/posts\/259739\/revisions"}],"predecessor-version":[{"id":259864,"href":"https:\/\/investnews.com.br\/inv-api\/wp\/v2\/posts\/259739\/revisions\/259864"}],"wp:featuredmedia":[{"embeddable":true,"href":"https:\/\/investnews.com.br\/inv-api\/wp\/v2\/media\/25637"}],"wp:attachment":[{"href":"https:\/\/investnews.com.br\/inv-api\/wp\/v2\/media?parent=259739"}],"wp:term":[{"taxonomy":"category","embeddable":true,"href":"https:\/\/investnews.com.br\/inv-api\/wp\/v2\/categories?post=259739"},{"taxonomy":"post_tag","embeddable":true,"href":"https:\/\/investnews.com.br\/inv-api\/wp\/v2\/tags?post=259739"},{"taxonomy":"autor-wsj","embeddable":true,"href":"https:\/\/investnews.com.br\/inv-api\/wp\/v2\/autor-wsj?post=259739"},{"taxonomy":"author","embeddable":true,"href":"https:\/\/investnews.com.br\/inv-api\/wp\/v2\/coauthors?post=259739"}],"curies":[{"name":"wp","href":"https:\/\/api.w.org\/{rel}","templated":true}]}}