{"id":26003,"date":"2020-11-27T12:22:29","date_gmt":"2020-11-27T15:22:29","guid":{"rendered":"https:\/\/investnews.com.br\/?p=26003"},"modified":"2020-11-27T13:06:57","modified_gmt":"2020-11-27T16:06:57","slug":"desemprego-no-brasil-atinge-recorde-de-146-no-3o-timestre","status":"publish","type":"post","link":"https:\/\/investnews.com.br\/economia\/desemprego-no-brasil-atinge-recorde-de-146-no-3o-timestre\/","title":{"rendered":"Desemprego no Brasil atinge recorde de 14,6% no 3\u00ba trimestre"},"content":{"rendered":"\n<p>O n\u00famero de desempregados no pa\u00eds chegou a <strong>14,1 milh\u00f5es de pessoas ao final do terceiro trimestre<\/strong>,  segundo dados da Pesquisa Nacional por Amostra de Domic\u00edlios Cont\u00ednua (PNAD Cont\u00ednua), divulgada nesta sexta-feira (27) pelo Instituto Brasileiro de Geografia e Estat\u00edstica (IBGE). <\/p>\n\n\n\n<p>Com o resultado, a <strong>taxa de desemprego saltou a 14,6% nos tr\u00eas meses at\u00e9 setembro<\/strong>, renovando <strong>o recorde da s\u00e9rie iniciada em 2012<\/strong>.<\/p>\n\n\n\n<p>\u201cO cen\u00e1rio de 2020 \u00e9 muito complicado por conta do impacto da pandemia. Acho pouco prov\u00e1vel se esperar que de um trimestre para o outro vai zerar tudo que se perdeu nos dois primeiros trimestre de 2020&#8243;, afirmou a analista da pesquisa, Adriana Beringuy.<\/p>\n\n\n\n<p> \u201cA perda de empregados foi t\u00e3o grande na pandemia que precisamos de muito tempo pela frente&#8221;, completou. <\/p>\n\n\n\n<p><strong>Leia mais<\/strong>:<\/p>\n\n\n\n<p> <a href=\"https:\/\/investnews.com.br\/economia\/desemprego-continuara-alto-se-a-politica-ficar-como-esta-diz-economista\/\" class=\"rank-math-link\">\u2018Desemprego continuar\u00e1 alto se a pol\u00edtica ficar como est\u00e1\u2019, diz economista<\/a><\/p>\n\n\n\n<p><a href=\"https:\/\/investnews.com.br\/economia\/com-auxilio-menor-e-desemprego-em-alta-volta-do-crescimento-e-incognita\/\" class=\"rank-math-link\">Com aux\u00edlio menor e desemprego em alta, volta do crescimento \u00e9 inc\u00f3gnita<\/a><\/p>\n\n\n\n<p>O <strong>Brasil tinha um total de 14,092 milh\u00f5es de desempregados ao final do terceiro trimestre, um aumento de 10,2% em rela\u00e7\u00e3o ao per\u00edodo entre abril e junho e de 12,6% sobre o mesmo per\u00edodo do ano anterior<\/strong>.<\/p>\n\n\n\n<p>Com o relaxamento das medidas de isolamento, as pessoas passaram a sair mais para procurar emprego, o que pressiona o mercado.<\/p>\n\n\n\n<p>O n\u00famero de pessoas ocupadas, por sua vez, recuou 1,1% entre julho e setembro sobre o trimestre anterior e 12,1% na compara\u00e7\u00e3o anual, somando um total de 82,464 milh\u00f5es, menor patamar da s\u00e9rie hist\u00f3rica.<\/p>\n\n\n\n<p>Com isso, o <strong>n\u00edvel de ocupa\u00e7\u00e3o foi de 47,1% no per\u00edodo, tamb\u00e9m o menor da s\u00e9rie<\/strong>, de 47,9% no trimestre anterior. Segundo o IBGE, <strong>o n\u00edvel de ocupa\u00e7\u00e3o est\u00e1 abaixo de 50% desde o trimestre encerrado em maio<\/strong>, o que indica que menos da metade da popula\u00e7\u00e3o em idade para trabalhar est\u00e1 ocupada no pa\u00eds.<\/p>\n\n\n\n<p>Os empregados no setor privado sem carteira de trabalho assinada somavam 9,013 milh\u00f5es nos tr\u00eas meses at\u00e9 setembro, de 8,639 milh\u00f5es nos tr\u00eas meses imediatamente anteriores.<\/p>\n\n\n\n<p>Os que tinham carteira assinada no per\u00edodo eram 29,366 milh\u00f5es, de 30,154 milh\u00f5es antes, segundo os dados do IBGE.<\/p>\n\n\n\n<h2 class=\"wp-block-heading\"><strong>CONSTRU\u00c7\u00c3O<\/strong><\/h2>\n\n\n\n<p>Entre as atividades,<strong> somente constru\u00e7\u00e3o e agricultura apresentaram no terceiro trimestre aumento da popula\u00e7\u00e3o ocupada<\/strong>. Na constru\u00e7\u00e3o, o aumento foi de 7,5% -ou 399 mil pessoas a mais trabalhando no setor. Na agricultura, a alta foi de 3,8% &#8211; 304 mil trabalhadores a mais.<\/p>\n\n\n\n<p>&#8220;A atividade da constru\u00e7\u00e3o foi a que mais aumentou no per\u00edodo. Isso porque pedreiros ou outros trabalhadores por conta pr\u00f3pria, que tinham se afastado do mercado em fun\u00e7\u00e3o do distanciamento social, retornaram no terceiro trimestre com a reabertura das atividades e a demanda por pequenas obras, como reformas de im\u00f3veis&#8221;, disse Beringuy.<\/p>\n\n\n\n<p>\u201cN\u00e3o sabemos se h\u00e1 rea\u00e7\u00e3o econ\u00f4mica, at\u00e9 porque apenas agricultura e constru\u00e7\u00e3o geraram vagas, e os demais setores seguiram com perdas&#8221;, disse a analista da pesquisa.<\/p>\n\n\n\n<p>Na v\u00e9spera, o Minist\u00e9rio da Economia divulgou que o <strong><a href=\"https:\/\/investnews.com.br\/economia\/brasil-supera-expectativas-com-abertura-recorde-de-394-989-vagas-em-outubro\/\" class=\"rank-math-link\">Brasil abriu 394.989 vagas formais de trabalho em outubro<\/a>, melhor resultado mensal da s\u00e9rie hist\u00f3rica <\/strong>do Cadastro Geral de Empregados e Desempregados (Caged), iniciada em 1992.<\/p>\n\n\n\n<p>A pasta atribuiu o resultado \u00e0 for\u00e7a da retomada econ\u00f4mica, mas fortemente amparado por programa de manuten\u00e7\u00e3o de empregos que j\u00e1 consumiu mais de 30 bilh\u00f5es de reais da Uni\u00e3o.<\/p>\n\n\n\n<p>&#8220;O Caged tem uma metodologia diferente da Pnad &#8211; aqui temos pesquisa domiciliar, usamos trimestres m\u00f3veis e o Caged olha isoladamente um m\u00eas. Enquanto o Caged mostra recupera\u00e7\u00e3o da carteira de trabalho, a gente mostra um mercado que ainda n\u00e3o se recupera&#8221;, explicou Beringuy.<\/p>\n\n\n\n<p>Apesar dos n\u00edveis recordes de desemprego, o ministro da Economia, <strong>Paulo Guedes, avaliou ser poss\u00edvel que o pa\u00eds chegue ao final de 2020 sem perda de empregos formais<\/strong>, mesmo em meio \u00e0 gravidade da crise desencadeada pelo coronav\u00edrus e que dever\u00e1 levar o Brasil a sua maior retra\u00e7\u00e3o econ\u00f4mica j\u00e1 registrada.<\/p>\n\n\n\n<p>Vale destacar que o m\u00eas de dezembro \u00e9 tradicionalmente marcado por fechamento expressivo de vagas formais de trabalho.<\/p>\n\n\n\n<p>*Com informa\u00e7\u00f5es da Reuters<\/p>\n","protected":false},"excerpt":{"rendered":"<p>Segundo o IBGE, o Brasil tinha 14,1 milh\u00f5es de desempregados nos tr\u00eas meses at\u00e9 setembro.<\/p>\n","protected":false},"author":7,"featured_media":26015,"comment_status":"closed","ping_status":"open","sticky":false,"template":"","format":"standard","meta":{"_acf_changed":false,"inline_featured_image":false,"footnotes":""},"categories":[5],"tags":[374,54],"autor-wsj":[],"coauthors":[1494],"class_list":["post-26003","post","type-post","status-publish","format-standard","has-post-thumbnail","hentry","category-economia","tag-desemprego","tag-ibge"],"acf":[],"amp_enabled":true,"_links":{"self":[{"href":"https:\/\/investnews.com.br\/inv-api\/wp\/v2\/posts\/26003","targetHints":{"allow":["GET"]}}],"collection":[{"href":"https:\/\/investnews.com.br\/inv-api\/wp\/v2\/posts"}],"about":[{"href":"https:\/\/investnews.com.br\/inv-api\/wp\/v2\/types\/post"}],"author":[{"embeddable":true,"href":"https:\/\/investnews.com.br\/inv-api\/wp\/v2\/users\/7"}],"replies":[{"embeddable":true,"href":"https:\/\/investnews.com.br\/inv-api\/wp\/v2\/comments?post=26003"}],"version-history":[{"count":20,"href":"https:\/\/investnews.com.br\/inv-api\/wp\/v2\/posts\/26003\/revisions"}],"predecessor-version":[{"id":26035,"href":"https:\/\/investnews.com.br\/inv-api\/wp\/v2\/posts\/26003\/revisions\/26035"}],"wp:featuredmedia":[{"embeddable":true,"href":"https:\/\/investnews.com.br\/inv-api\/wp\/v2\/media\/26015"}],"wp:attachment":[{"href":"https:\/\/investnews.com.br\/inv-api\/wp\/v2\/media?parent=26003"}],"wp:term":[{"taxonomy":"category","embeddable":true,"href":"https:\/\/investnews.com.br\/inv-api\/wp\/v2\/categories?post=26003"},{"taxonomy":"post_tag","embeddable":true,"href":"https:\/\/investnews.com.br\/inv-api\/wp\/v2\/tags?post=26003"},{"taxonomy":"autor-wsj","embeddable":true,"href":"https:\/\/investnews.com.br\/inv-api\/wp\/v2\/autor-wsj?post=26003"},{"taxonomy":"author","embeddable":true,"href":"https:\/\/investnews.com.br\/inv-api\/wp\/v2\/coauthors?post=26003"}],"curies":[{"name":"wp","href":"https:\/\/api.w.org\/{rel}","templated":true}]}}