{"id":260258,"date":"2021-07-13T10:09:56","date_gmt":"2021-07-13T13:09:56","guid":{"rendered":"https:\/\/investnews.com.br\/?p=260258"},"modified":"2021-07-13T10:09:59","modified_gmt":"2021-07-13T13:09:59","slug":"bbm-logistica-cancela-oferta-de-acoes","status":"publish","type":"post","link":"https:\/\/investnews.com.br\/financas\/bbm-logistica-cancela-oferta-de-acoes\/","title":{"rendered":"BBM Log\u00edstica cancela oferta de a\u00e7\u00f5es"},"content":{"rendered":"\n<p>A <strong>BBM Log\u00edstica<\/strong> informou na noite da \u00faltima segunda-feira (12) o cancelamento\u00a0de sua oferta p\u00fablica inicial de distribui\u00e7\u00e3o prim\u00e1ria e secund\u00e1ria de a\u00e7\u00f5es, com esfor\u00e7os restritos de coloca\u00e7\u00e3o.  <\/p>\n\n\n\n<p>Em calend\u00e1rio, a companhia informava que o pre\u00e7o por a\u00e7\u00e3o estava previsto para sair ontem e a estreia da companhia na B3 estava agendada para esta quarta-feira (14).  <\/p>\n\n\n\n<p>Em nota, a empresa esclareceu que a decis\u00e3o foi em conjunto com a administra\u00e7\u00e3o e os coordenadores da oferta \u201cem raz\u00e3o da <strong>instabilidade\u00a0das\u00a0condi\u00e7\u00f5es de\u00a0 mercado<\/strong>\u00a0e do aumento da <a href=\"https:\/\/investnews.com.br\/guias\/volatilidade-o-que-e\/\">volatilidade<\/a>\u00a0dos\u00a0mercados financeiro e de capitais brasileiro percebidos nos \u00faltimos meses\u201d.  <\/p>\n\n\n\n<p>A opera\u00e7\u00e3o tinha como coordena\u00e7\u00e3o o Bank of America (BofA), XP Investimentos, Citigroup,\u00a0Banco Safra e UBS Brasil . <\/p>\n\n\n\n<h4 class=\"wp-block-heading\">Veja tamb\u00e9m<\/h4>\n\n\n\n<ul class=\"wp-block-list\"><li><a href=\"https:\/\/investnews.com.br\/guias\/igp-m\/\">IGP-M<\/a> n\u00e3o \u00e9 o \u00edndice mais justo para reajustar&nbsp;<a href=\"https:\/\/investnews.com.br\/financas\/igp-m-nao-e-o-indice-mais-justo-para-reajustar-alugueis-diz-economista\/\" target=\"_blank\" rel=\"noreferrer noopener\">alugu\u00e9is<\/a>, diz economista<\/li><li><a href=\"https:\/\/investnews.com.br\/economia\/igp-m-tem-boa-chance-de-continuar-desacelerando-diz-economista\/\" target=\"_blank\" rel=\"noreferrer noopener\">IGP-M&nbsp;<\/a>tem \u2018boa chance\u2019 de continuar desacelerando, diz economista<\/li><li><a href=\"https:\/\/investnews.com.br\/economia\/igp-m-e-ipca-por-que-os-dois-indices-de-inflacao-se-descolaram-tanto\/\" target=\"_blank\" rel=\"noreferrer noopener\">IGP-M e IPCA<\/a>: por que os dois \u00edndices de infla\u00e7\u00e3o se descolaram tanto<\/li><li><a href=\"https:\/\/investnews.com.br\/economia\/risco-de-inflacao-e-maior-em-paises-emergentes-diz-iif\/\" target=\"_blank\" rel=\"noreferrer noopener\">Risco de infla\u00e7\u00e3o<\/a>&nbsp;\u00e9 maior em pa\u00edses emergentes, diz IIF<\/li><li><a href=\"https:\/\/investnews.com.br\/guias\/o-que-e-ipca\/\">IPCA<\/a>, pol\u00edtica, juros: semana intensa para&nbsp;<a href=\"https:\/\/investnews.com.br\/boletim-investnews\/ipca-politica-juros-semana-intensa-para-bolsa-dolar-e-renda-fixa\/\" target=\"_blank\" rel=\"noreferrer noopener\">bolsa, d\u00f3lar e renda fixa<\/a><\/li><\/ul>\n","protected":false},"excerpt":{"rendered":"<p>O pre\u00e7o por a\u00e7\u00e3o estava previsto para sair ontem e a estreia da companhia na B3 estava agendada para esta quarta-feira (14).  <\/p>\n","protected":false},"author":53,"featured_media":256831,"comment_status":"closed","ping_status":"open","sticky":false,"template":"","format":"standard","meta":{"_acf_changed":false,"inline_featured_image":false,"footnotes":""},"categories":[4],"tags":[],"autor-wsj":[],"coauthors":[2433],"class_list":["post-260258","post","type-post","status-publish","format-standard","has-post-thumbnail","hentry","category-financas"],"acf":[],"amp_enabled":true,"_links":{"self":[{"href":"https:\/\/investnews.com.br\/inv-api\/wp\/v2\/posts\/260258","targetHints":{"allow":["GET"]}}],"collection":[{"href":"https:\/\/investnews.com.br\/inv-api\/wp\/v2\/posts"}],"about":[{"href":"https:\/\/investnews.com.br\/inv-api\/wp\/v2\/types\/post"}],"author":[{"embeddable":true,"href":"https:\/\/investnews.com.br\/inv-api\/wp\/v2\/users\/53"}],"replies":[{"embeddable":true,"href":"https:\/\/investnews.com.br\/inv-api\/wp\/v2\/comments?post=260258"}],"version-history":[{"count":13,"href":"https:\/\/investnews.com.br\/inv-api\/wp\/v2\/posts\/260258\/revisions"}],"predecessor-version":[{"id":260274,"href":"https:\/\/investnews.com.br\/inv-api\/wp\/v2\/posts\/260258\/revisions\/260274"}],"wp:featuredmedia":[{"embeddable":true,"href":"https:\/\/investnews.com.br\/inv-api\/wp\/v2\/media\/256831"}],"wp:attachment":[{"href":"https:\/\/investnews.com.br\/inv-api\/wp\/v2\/media?parent=260258"}],"wp:term":[{"taxonomy":"category","embeddable":true,"href":"https:\/\/investnews.com.br\/inv-api\/wp\/v2\/categories?post=260258"},{"taxonomy":"post_tag","embeddable":true,"href":"https:\/\/investnews.com.br\/inv-api\/wp\/v2\/tags?post=260258"},{"taxonomy":"autor-wsj","embeddable":true,"href":"https:\/\/investnews.com.br\/inv-api\/wp\/v2\/autor-wsj?post=260258"},{"taxonomy":"author","embeddable":true,"href":"https:\/\/investnews.com.br\/inv-api\/wp\/v2\/coauthors?post=260258"}],"curies":[{"name":"wp","href":"https:\/\/api.w.org\/{rel}","templated":true}]}}