{"id":260682,"date":"2021-07-14T08:38:32","date_gmt":"2021-07-14T11:38:32","guid":{"rendered":"https:\/\/investnews.com.br\/?p=260682"},"modified":"2021-07-14T08:38:34","modified_gmt":"2021-07-14T11:38:34","slug":"previ-critica-possivel-retirada-de-isencao-de-dividendos-para-fundos-de-pensao","status":"publish","type":"post","link":"https:\/\/investnews.com.br\/financas\/previ-critica-possivel-retirada-de-isencao-de-dividendos-para-fundos-de-pensao\/","title":{"rendered":"Previ cr\u00edtica poss\u00edvel retirada de isen\u00e7\u00e3o de dividendos para fundos de pens\u00e3o"},"content":{"rendered":"\n<p>Maior fundo de pens\u00e3o do pa\u00eds, a <strong>Previ <\/strong>criticou na ter\u00e7a-feira (3) a proposta de <a href=\"https:\/\/investnews.com.br\/boletim-investnews\/taxacao-de-dividendos-fica-fiis-seguem-isentos-mudancas-na-reforma-tributaria\/\" class=\"rank-math-link\">cobran\u00e7a de imposto de renda (IR) sobre os dividendos<\/a> recebidos pelas entidades fechadas de previd\u00eancia complementar, como previsto no segundo projeto de lei da reforma tribut\u00e1ria apresentado pelo Minist\u00e9rio da Economia.<\/p>\n\n\n\n<p>A proposta do governo prev\u00ea, no artigo 27, que os rendimentos produzidos por aplica\u00e7\u00f5es financeiras &#8220;auferidos por qualquer benefici\u00e1rio, inclusive pessoa isenta&#8221;, passam a pagar impostos a partir de 1\u00ba de janeiro de 2022. No caso dos <a href=\"https:\/\/investnews.com.br\/guias\/dividendos-o-que-sao-como-funcionam\/\">dividendos<\/a>, a proposta apresentada pelo governo federal prev\u00ea uma <strong>tributa\u00e7\u00e3o de 20%<\/strong>.<\/p>\n\n\n\n<p>Pelas regras atuais, as funda\u00e7\u00f5es s\u00e3o isentas de pagamentos dos tributos sobre os aportes dos associados e sobre o rendimento das aplica\u00e7\u00f5es. S\u00f3 no momento da aposentadoria os benef\u00edcios s\u00e3o tribut\u00e1veis, conforme previsto na Lei 11.053\/2004, que estabelece a isen\u00e7\u00e3o tribut\u00e1ria para entidades fechadas de previd\u00eancia complementar.<\/p>\n\n\n\n<p>Marcelo Wagner, diretor de investimentos da Previ, diz que a isen\u00e7\u00e3o segue uma pr\u00e1tica internacional. Segundo ele, a OCDE indica que o sistema de previd\u00eancia tenha tratamento tribut\u00e1rio diferenciado para estimular a <a href=\"https:\/\/investnews.com.br\/guias\/poupanca-como-funciona-quanto-rende\/\">poupan\u00e7a<\/a> privada. &#8220;\u00c9 uma boa pr\u00e1tica de sociedades desenvolvidas, o incentivo fiscal para esse fim&#8221;, disse.<\/p>\n\n\n\n<p>Wagner explica que as funda\u00e7\u00f5es tinham anteriormente conhecimento do conte\u00fado do projeto de lei, mas que o ponto relacionado aos dividendos estava sendo tratado apenas como um problema de reda\u00e7\u00e3o de texto, uma ambiguidade jur\u00eddica. &#8220;Ontem \u00e0 noite soubemos pela nossa associa\u00e7\u00e3o que a tributa\u00e7\u00e3o era realmente uma inten\u00e7\u00e3o da Receita Federal&#8221;, disse Wagner.<\/p>\n\n\n\n<p>O diretor de investimentos da Previ prefere n\u00e3o abrir suas simula\u00e7\u00f5es sobre os impactos da medida nos planos da entidade. A Previ administra atualmente cerca de R$ 220 bilh\u00f5es em ativos. Sozinha, paga algo como R$ 1 bilh\u00e3o por m\u00eas em benef\u00edcio aos seus associados. Todos os planos seriam, de alguma forma, afetados,<\/p>\n\n\n\n<p>&#8220;Um resultado poss\u00edvel \u00e9 as pessoas terem que contribuir mais. O Plano 1 o maior da Previ, por exemplo, \u00e9 afetado no rendimento&#8221;, explica.<\/p>\n\n\n\n<p>Em carta enviada ao governo na noite de ontem, a Associa\u00e7\u00e3o Brasileira das Entidades Fechadas de Previd\u00eancia Complementar (Abrapp) considerou o aumento da tributa\u00e7\u00e3o dos fundos um &#8220;retrocesso&#8221; para um sistema que paga mais de R$ 70 bilh\u00f5es por ano em benef\u00edcios (aposentadorias e pens\u00f5es) para mais de 1 milh\u00e3o de participantes.<\/p>\n\n\n\n<h4 class=\"wp-block-heading\">Veja tamb\u00e9m<\/h4>\n\n\n\n<ul class=\"wp-block-list\"><li>Tudo sobre os 2 primeiros fundos de fundos do&nbsp;<a href=\"https:\/\/investnews.com.br\/cafeina\/como-investir-com-as-melhores-gestoras-com-pouco-dinheiro\/\" target=\"_blank\" rel=\"noreferrer noopener\">Nubank<\/a><\/li><li><a href=\"https:\/\/investnews.com.br\/financas\/investidor-qualificado-o-que-e-quem-pode-ser-e-como-se-tornar-um\/\" target=\"_blank\" rel=\"noreferrer noopener\">Investidor qualificado<\/a>: o que \u00e9, quem pode ser e como se tornar um<\/li><li>Taxa\u00e7\u00e3o de dividendos fica, <a href=\"https:\/\/investnews.com.br\/guias\/fundos-imobiliarios\/\">FIIs<\/a> seguem isentos: mudan\u00e7as na&nbsp;<a href=\"https:\/\/investnews.com.br\/boletim-investnews\/taxacao-de-dividendos-fica-fiis-seguem-isentos-mudancas-na-reforma-tributaria\/\" target=\"_blank\" rel=\"noreferrer noopener\">reforma tribut\u00e1ria<\/a><\/li><li>Gestora de criptoativos Hashdex lan\u00e7a ETF 100% de&nbsp;<a href=\"https:\/\/investnews.com.br\/financas\/gestora-de-criptoativos-hashdex-lanca-etf-100-de-bitcoin\/\" target=\"_blank\" rel=\"noreferrer noopener\">bitcoin<\/a><\/li><\/ul>\n","protected":false},"excerpt":{"rendered":"<p>Pelas regras atuais, as funda\u00e7\u00f5es s\u00e3o isentas de pagamentos dos tributos sobre os aportes dos associados e sobre o rendimento das aplica\u00e7\u00f5es.<\/p>\n","protected":false},"author":7,"featured_media":259297,"comment_status":"closed","ping_status":"open","sticky":false,"template":"","format":"standard","meta":{"_acf_changed":false,"inline_featured_image":false,"footnotes":""},"categories":[4],"tags":[526,44,432],"autor-wsj":[],"coauthors":[1494],"class_list":["post-260682","post","type-post","status-publish","format-standard","has-post-thumbnail","hentry","category-financas","tag-dividendos","tag-imposto-de-renda","tag-reforma-tributaria"],"acf":[],"amp_enabled":true,"_links":{"self":[{"href":"https:\/\/investnews.com.br\/inv-api\/wp\/v2\/posts\/260682","targetHints":{"allow":["GET"]}}],"collection":[{"href":"https:\/\/investnews.com.br\/inv-api\/wp\/v2\/posts"}],"about":[{"href":"https:\/\/investnews.com.br\/inv-api\/wp\/v2\/types\/post"}],"author":[{"embeddable":true,"href":"https:\/\/investnews.com.br\/inv-api\/wp\/v2\/users\/7"}],"replies":[{"embeddable":true,"href":"https:\/\/investnews.com.br\/inv-api\/wp\/v2\/comments?post=260682"}],"version-history":[{"count":2,"href":"https:\/\/investnews.com.br\/inv-api\/wp\/v2\/posts\/260682\/revisions"}],"predecessor-version":[{"id":260686,"href":"https:\/\/investnews.com.br\/inv-api\/wp\/v2\/posts\/260682\/revisions\/260686"}],"wp:featuredmedia":[{"embeddable":true,"href":"https:\/\/investnews.com.br\/inv-api\/wp\/v2\/media\/259297"}],"wp:attachment":[{"href":"https:\/\/investnews.com.br\/inv-api\/wp\/v2\/media?parent=260682"}],"wp:term":[{"taxonomy":"category","embeddable":true,"href":"https:\/\/investnews.com.br\/inv-api\/wp\/v2\/categories?post=260682"},{"taxonomy":"post_tag","embeddable":true,"href":"https:\/\/investnews.com.br\/inv-api\/wp\/v2\/tags?post=260682"},{"taxonomy":"autor-wsj","embeddable":true,"href":"https:\/\/investnews.com.br\/inv-api\/wp\/v2\/autor-wsj?post=260682"},{"taxonomy":"author","embeddable":true,"href":"https:\/\/investnews.com.br\/inv-api\/wp\/v2\/coauthors?post=260682"}],"curies":[{"name":"wp","href":"https:\/\/api.w.org\/{rel}","templated":true}]}}