{"id":260747,"date":"2021-07-14T10:39:54","date_gmt":"2021-07-14T13:39:54","guid":{"rendered":"https:\/\/investnews.com.br\/?p=260747"},"modified":"2024-06-24T21:05:11","modified_gmt":"2024-06-25T00:05:11","slug":"arezzo-adquire-marca-my-shoes-e-faz-parceria-com-o-mercado-livre","status":"publish","type":"post","link":"https:\/\/investnews.com.br\/financas\/arezzo-adquire-marca-my-shoes-e-faz-parceria-com-o-mercado-livre\/","title":{"rendered":"Arezzo adquire marca My Shoes e faz parceria com o Mercado Livre"},"content":{"rendered":"\n<p>A  <strong>Arezzo (<a rel=\"noreferrer noopener\" href=\"https:\/\/investnews.com.br\/geral\/5-fatos-para-hoje-pix-registra-falhas-cade-aprova-reserva-e-arezzo-juntas\/\" target=\"_blank\">AREZZ3<\/a>)<\/strong>  comunicou na manh\u00e3 desta quarta-feira (14) que adquiriu a marca My Shoes, voltada para o com\u00e9rcio de cal\u00e7ados e bolsas femininos. A companhia informou que a opera\u00e7\u00e3o representa a entrada em um segmento mais &#8220;acess\u00edvel de cal\u00e7ados e bolsas femininos, voltado aos p\u00fablicos das classes B e C+ \u2014que representam cerca de 44% do mercado consumidor nacional\u201d. <\/p>\n\n\n\n<p>A varejista informou ainda que a iniciativa \u00e9 resultante de uma s\u00e9rie de estudos e pesquisas realizados com consumidoras e lojistas&nbsp;nos \u00faltimos 24&nbsp;meses,&nbsp;que&nbsp; evidenciaram&nbsp;a&nbsp;car\u00eancia&nbsp;do mercado por&nbsp;uma marca democr\u00e1tica e com informa\u00e7\u00e3o de moda. <\/p>\n\n\n\n<p>\u201cA marca possui forte lembran\u00e7a no mercado da moda, bem como centenas de milhares de seguidores fi\u00e9is em suas redes sociais\u201d, disse a Arezzo em comunicado ao reiterar que a My Shoes esteve inativa nos \u00faltimos tr\u00eas anos.<\/p>\n\n\n\n<p>A varejista comunicou ainda que celebrou acordo comercial&nbsp;de longo prazo com&nbsp;o Mercado Livre, para an\u00fancio, comercializa\u00e7\u00e3o e&nbsp;distribui\u00e7\u00e3o&nbsp;dos produtos da&nbsp; categoria&nbsp;de cal\u00e7ados femininos e acess\u00f3rios da empresa rec\u00e9m-adquirida. <\/p>\n\n\n\n<p>O acordo tamb\u00e9m prev\u00ea o uso&nbsp;dos servi\u00e7os&nbsp;de&nbsp;Mercado&nbsp;Shops&nbsp;para a cria\u00e7\u00e3o&nbsp;de loja&nbsp;online exclusiva da marca MyShoes.<\/p>\n\n\n\n<p>\u201cA&nbsp; aquisi\u00e7\u00e3o&nbsp;da marca MyShoes e&nbsp;a parceria com&nbsp;o&nbsp;Mercado Livre est\u00e3o de acordo&nbsp; com a estrat\u00e9gia de complementar os neg\u00f3cios da Arezzo&amp;Co no setor de moda, varejo e vestu\u00e1rio, ampliando seu mercado endere\u00e7\u00e1vel, sua oferta de produtos e seu portf\u00f3lio de marcas, buscando consolidar a companhia como uma house of brands\u201d, disse o comunicado. <\/p>\n\n\n\n<p>Em novembro de 2020, a Arezzo anunciou tamb\u00e9m a compra <strong>da marca carioca <a href=\"https:\/\/investnews.com.br\/cafeina\/com-a-reserva-acoes-da-arezzo-devem-subir-ainda-mais\/\" class=\"rank-math-link\">Reserva<\/a>,<\/strong> e, no m\u00eas passado, a aquisi\u00e7\u00e3o da <strong><a href=\"https:\/\/investnews.com.br\/economia\/conselho-da-arezzo-aprova-aquisicao-da-baw-clothing-por-r105-mi\/#:~:text=Economia-,Conselho%20da%20Arezzo%20aprova%20aquisi%C3%A7%C3%A3o%20da%20Baw%20Clothing%20por%20R,R%24%2080%20milh%C3%B5es%20em%202021.&amp;text=Os%20atuais%20s%C3%B3cios%20da%20BAW,se%20tornar%C3%A3o%20acionistas%20da%20Arezzo.\">BAW Clothing<\/a><\/strong> . <\/p>\n\n\n\n<p>Por volta das 10h30, as a\u00e7\u00f5es da companhia estavam em alta 2,64% na <strong>B3<\/strong>, negociadas a R$ 99,69.<\/p>\n\n\n<p><!--StartFragment--><\/p>\n\n\n<p><strong>Veja tamb\u00e9m<\/strong><\/p>\n\n\n\n<ul class=\"wp-block-list\"><li>Tudo sobre os 2 primeiros fundos de fundos do&nbsp;<a target=\"_blank\" href=\"https:\/\/investnews.com.br\/cafeina\/como-investir-com-as-melhores-gestoras-com-pouco-dinheiro\/\" rel=\"noreferrer noopener\">Nubank<\/a><\/li><li><a target=\"_blank\" href=\"https:\/\/investnews.com.br\/financas\/investidor-qualificado-o-que-e-quem-pode-ser-e-como-se-tornar-um\/\" rel=\"noreferrer noopener\">Investidor qualificado<\/a>: o que \u00e9, quem pode ser e como se tornar um<\/li><li>Taxa\u00e7\u00e3o de <a href=\"https:\/\/investnews.com.br\/guias\/dividendos-o-que-sao-como-funcionam\/\">dividendos<\/a> fica, <a href=\"https:\/\/investnews.com.br\/guias\/fundos-imobiliarios\/\">FIIs<\/a> seguem isentos: mudan\u00e7as na&nbsp;<a target=\"_blank\" href=\"https:\/\/investnews.com.br\/boletim-investnews\/taxacao-de-dividendos-fica-fiis-seguem-isentos-mudancas-na-reforma-tributaria\/\" rel=\"noreferrer noopener\">reforma tribut\u00e1ria<\/a><\/li><li>Gestora de criptoativos Hashdex lan\u00e7a <a href=\"https:\/\/investnews.com.br\/guias\/etfs-o-que-sao-como-funcionam\/\">ETF<\/a> 100% de&nbsp;<a target=\"_blank\" href=\"https:\/\/investnews.com.br\/financas\/gestora-de-criptoativos-hashdex-lanca-etf-100-de-bitcoin\/\" rel=\"noreferrer noopener\">bitcoin<\/a><\/li><li>Tudo sobre o&nbsp;<a target=\"_blank\" href=\"https:\/\/investnews.com.br\/financas\/tudo-sobre-o-ustk11-novo-etf-de-big-techs-que-chega-a-b3-no-final-de-julho\/\" rel=\"noreferrer noopener\">USTK11<\/a>, novo ETF de big techs que chega \u00e0 B3 no final de julho<\/li><\/ul>\n\n\n<p><!--EndFragment--><\/p>","protected":false},"excerpt":{"rendered":"<p>A companhia informou que a opera\u00e7\u00e3o representa a entrada em um segmento mais acess\u00edvel de cal\u00e7ados e bolsas femininos. A\u00e7\u00e3o chega a subir mais de 2% na B3.<\/p>\n","protected":false},"author":53,"featured_media":253071,"comment_status":"closed","ping_status":"open","sticky":false,"template":"","format":"standard","meta":{"_acf_changed":false,"inline_featured_image":false,"footnotes":""},"categories":[4],"tags":[2324,2299],"autor-wsj":[],"coauthors":[2433],"class_list":["post-260747","post","type-post","status-publish","format-standard","has-post-thumbnail","hentry","category-financas","tag-fusoes-e-aquisicoes","tag-arezzo"],"acf":[],"amp_enabled":true,"_links":{"self":[{"href":"https:\/\/investnews.com.br\/inv-api\/wp\/v2\/posts\/260747","targetHints":{"allow":["GET"]}}],"collection":[{"href":"https:\/\/investnews.com.br\/inv-api\/wp\/v2\/posts"}],"about":[{"href":"https:\/\/investnews.com.br\/inv-api\/wp\/v2\/types\/post"}],"author":[{"embeddable":true,"href":"https:\/\/investnews.com.br\/inv-api\/wp\/v2\/users\/53"}],"replies":[{"embeddable":true,"href":"https:\/\/investnews.com.br\/inv-api\/wp\/v2\/comments?post=260747"}],"version-history":[{"count":17,"href":"https:\/\/investnews.com.br\/inv-api\/wp\/v2\/posts\/260747\/revisions"}],"predecessor-version":[{"id":260770,"href":"https:\/\/investnews.com.br\/inv-api\/wp\/v2\/posts\/260747\/revisions\/260770"}],"wp:featuredmedia":[{"embeddable":true,"href":"https:\/\/investnews.com.br\/inv-api\/wp\/v2\/media\/253071"}],"wp:attachment":[{"href":"https:\/\/investnews.com.br\/inv-api\/wp\/v2\/media?parent=260747"}],"wp:term":[{"taxonomy":"category","embeddable":true,"href":"https:\/\/investnews.com.br\/inv-api\/wp\/v2\/categories?post=260747"},{"taxonomy":"post_tag","embeddable":true,"href":"https:\/\/investnews.com.br\/inv-api\/wp\/v2\/tags?post=260747"},{"taxonomy":"autor-wsj","embeddable":true,"href":"https:\/\/investnews.com.br\/inv-api\/wp\/v2\/autor-wsj?post=260747"},{"taxonomy":"author","embeddable":true,"href":"https:\/\/investnews.com.br\/inv-api\/wp\/v2\/coauthors?post=260747"}],"curies":[{"name":"wp","href":"https:\/\/api.w.org\/{rel}","templated":true}]}}