{"id":260836,"date":"2021-07-14T16:01:55","date_gmt":"2021-07-14T19:01:55","guid":{"rendered":"https:\/\/investnews.com.br\/?p=260836"},"modified":"2025-11-13T16:37:54","modified_gmt":"2025-11-13T19:37:54","slug":"fundos-imobiliarios-taxacao-de-fiis","status":"publish","type":"post","link":"https:\/\/investnews.com.br\/economia\/fundos-imobiliarios-taxacao-de-fiis\/","title":{"rendered":"Fundos imobili\u00e1rios: taxa\u00e7\u00e3o de FIIs vai sair da reforma, confirma Guedes"},"content":{"rendered":"\n<p>O ministro da Economia, Paulo Guedes, confirmou nesta quarta-feira (14) que os <strong><a class=\"rank-math-link\" href=\"https:\/\/investnews.com.br\/guias\/fundos-imobiliarios\/\">fundos imobili\u00e1rios<\/a><\/strong>, os chamados<strong> FIIs<\/strong>, ser\u00e3o retirados da proposta de <a class=\"rank-math-link\" href=\"https:\/\/investnews.com.br\/financas\/reforma-tributaria-deixa-dividendos-isentos-em-ate-r-20-mil-nao-e-verdade\/\">tributa\u00e7\u00e3o de dividendos<\/a> prevista na <strong>reforma tribut\u00e1ria<\/strong>. &#8220;Tiramos os <a href=\"https:\/\/investnews.com.br\/guias\/fundos-imobiliarios\/\">fundos imobili\u00e1rios<\/a> da reforma para n\u00e3o destruir essa ind\u00fastria&#8221;, afirmou, durante live do jornal&nbsp;<em>Valor Econ\u00f4mico<\/em>.<\/p>\n\n\n\n<p>O ministro disse que o governo tem dado &#8220;ganho de causa&#8221; ao setor privado na <a class=\"rank-math-link\" href=\"https:\/\/investnews.com.br\/boletim-investnews\/taxacao-de-dividendos-fica-fiis-seguem-isentos-mudancas-na-reforma-tributaria\/\">costura da reforma<\/a>, o que levou \u00e0 revis\u00e3o do que admitiu ser um erro de calibragem, em fun\u00e7\u00e3o de c\u00e1lculos conservadores da Receita Federal, nas al\u00edquotas previstas na primeira vers\u00e3o do projeto que trata do <strong><a href=\"https:\/\/investnews.com.br\/guias\/imposto-de-renda-o-que-e\/\">Imposto de Renda<\/a><\/strong>.<\/p>\n\n\n\n<p>&#8220;Recebi muito bem a rea\u00e7\u00e3o do setor privado \u00e0 reforma &#8230; N\u00e3o acho que o secret\u00e1rio da Receita (Jos\u00e9 Tostes) sabe mais que os empres\u00e1rios.&#8221;<\/p>\n\n\n\n<p>Guedes tamb\u00e9m disse que, a exemplo dos <strong>FIIs<\/strong>, a transfer\u00eancia de <a href=\"https:\/\/investnews.com.br\/guias\/dividendos-o-que-sao-como-funcionam\/\">dividendos<\/a> entre subsidi\u00e1rias tamb\u00e9m n\u00e3o ser\u00e1 tributada, conforme definido ap\u00f3s &#8220;acerto de contas interno&#8221;.<\/p>\n\n\n\n<p>Ap\u00f3s fazer um aceno ao presidente da C\u00e2mara, Arthur Lira, que, segundo Guedes, vem trabalhando de forma &#8220;brilhante&#8221; na coordena\u00e7\u00e3o de mat\u00e9rias encaminhadas pelo Executivo, o ministro demonstrou confian\u00e7a de que, corrigidas as falhas da reforma, o texto ser\u00e1 aprovado ainda neste ano.<\/p>\n\n\n\n<p>Segundo ele, o objetivo da reforma tribut\u00e1ria \u00e9 transferir para o capital de investidores o peso da carga de impostos que hoje recai sobre a produ\u00e7\u00e3o. &#8220;N\u00e3o queremos tributar as engrenagens do crescimento&#8230; Estou baixando fortemente o tributo para <a class=\"rank-math-link\" href=\"https:\/\/investnews.com.br\/economia\/paulo-guedes-diz-nao-querer-taxar-empresas-mas-proprietarios-ricos\/\">o dinheiro ficar na empresa<\/a>&#8220;, comentou, ao tratar da redu\u00e7\u00e3o do imposto de pessoa jur\u00eddica.<\/p>\n\n\n\n<p>Os princ\u00edpios da reforma s\u00e3o, conforme pontuou Guedes, &#8220;incontorn\u00e1veis e irrecus\u00e1veis&#8221;, replicando o modelo internacional, mas sem o excesso de pa\u00edses como o Chile, onde, como lembrou, os dividendos s\u00e3o tributados em 40%, o dobro do proposto no Brasil. <\/p>\n\n\n\n<p>O ministro reconheceu, por outro lado, que as empresas devem acelerar a distribui\u00e7\u00e3o de dividendos, gerando um fluxo maior neste ano, antes de a reforma do Imposto de Renda entrar em vigor.<\/p>\n\n\n\n<figure class=\"wp-block-embed is-type-video is-provider-youtube wp-block-embed-youtube wp-embed-aspect-16-9 wp-has-aspect-ratio\"><div class=\"wp-block-embed__wrapper\">\n<iframe loading=\"lazy\" title=\"Tributa\u00e7\u00e3o sobre dividendos fica em 20%, mas FIIs seguem isentos: as mudan\u00e7as na reforma tribut\u00e1ria\" width=\"500\" height=\"281\" src=\"https:\/\/www.youtube.com\/embed\/oxbahJp68bE?start=457&#038;feature=oembed\" frameborder=\"0\" allow=\"accelerometer; autoplay; clipboard-write; encrypted-media; gyroscope; picture-in-picture; web-share\" referrerpolicy=\"strict-origin-when-cross-origin\" allowfullscreen><\/iframe>\n<\/div><\/figure>\n\n\n\n<p><strong>Veja tamb\u00e9m<\/strong><\/p>\n\n\n\n<ul class=\"wp-block-list\">\n<li><a class=\"rank-math-link\" href=\"https:\/\/investnews.com.br\/economia\/paulo-guedes-diz-nao-querer-taxar-empresas-mas-proprietarios-ricos\/\">Paulo Guedes diz n\u00e3o querer taxar empresas, mas propriet\u00e1rios ricos<\/a><\/li>\n\n\n\n<li><a href=\"https:\/\/investnews.com.br\/cafeina\/xpml11-portfolio-robusto-ja-garante-vendas-pre-pandemia\/\">XPML11<\/a>: Um dos fundos imobili\u00e1rios com mais cotistas<\/li>\n\n\n\n<li><a class=\"rank-math-link\" href=\"https:\/\/investnews.com.br\/financas\/ibovespa-dolar-cotacao-14-07-2021\/\">Ibovespa<\/a> avan\u00e7a ap\u00f3s mudan\u00e7as na reforma tribut\u00e1ria; d\u00f3lar cai<\/li>\n\n\n\n<li><a class=\"rank-math-link\" href=\"https:\/\/investnews.com.br\/economia\/parecer-de-reforma-reduz-ir-sobre-empresas-e-mantem-tributar-em-20-dividendos\/\">Parecer da reforma tribut\u00e1ria<\/a> reduz IR sobre empresas e mant\u00e9m tributar em 20% dividendos<\/li>\n\n\n\n<li>Reforma tribut\u00e1ria eleva <a class=\"rank-math-link\" href=\"https:\/\/investnews.com.br\/economia\/reforma-tributaria-eleva-imposto-sobre-lucro-de-empresas-para-432-compare\/\">imposto sobre lucro de empresas<\/a> para 43,2%; compare<\/li>\n\n\n\n<li><a class=\"rank-math-link\" href=\"https:\/\/investnews.com.br\/mais-investnews\/reforma-tributaria-5-numeros-importantes-e-5-acoes-pra-ficar-de-olho\/\">Reforma tribut\u00e1ria<\/a>: 5 n\u00fameros importantes e 5 a\u00e7\u00f5es pra ficar de olho<\/li>\n\n\n\n<li><a href=\"https:\/\/investnews.com.br\/boletim-investnews\/guedes-fala-em-cortar-imposto-de-aco-os-efeitos-sobre-csna3-usim5-e-o-que-fesa\/\">A\u00e7\u00f5es de sider\u00fargicas<\/a> caem ap\u00f3s Guedes falar em cortar taxa de importa\u00e7\u00e3o.<\/li>\n<\/ul>\n","protected":false},"excerpt":{"rendered":"<p>Proposta inicial da reforma tribut\u00e1ria era taxar fundos imobili\u00e1rios, mas governo voltou atr\u00e1s.<\/p>\n","protected":false},"author":7,"featured_media":513,"comment_status":"closed","ping_status":"open","sticky":false,"template":"","format":"standard","meta":{"_acf_changed":false,"inline_featured_image":false,"footnotes":""},"categories":[5],"tags":[347,432],"autor-wsj":[],"coauthors":[1494],"class_list":["post-260836","post","type-post","status-publish","format-standard","has-post-thumbnail","hentry","category-economia","tag-paulo-guedes","tag-reforma-tributaria"],"acf":[],"amp_enabled":true,"_links":{"self":[{"href":"https:\/\/investnews.com.br\/inv-api\/wp\/v2\/posts\/260836","targetHints":{"allow":["GET"]}}],"collection":[{"href":"https:\/\/investnews.com.br\/inv-api\/wp\/v2\/posts"}],"about":[{"href":"https:\/\/investnews.com.br\/inv-api\/wp\/v2\/types\/post"}],"author":[{"embeddable":true,"href":"https:\/\/investnews.com.br\/inv-api\/wp\/v2\/users\/7"}],"replies":[{"embeddable":true,"href":"https:\/\/investnews.com.br\/inv-api\/wp\/v2\/comments?post=260836"}],"version-history":[{"count":12,"href":"https:\/\/investnews.com.br\/inv-api\/wp\/v2\/posts\/260836\/revisions"}],"predecessor-version":[{"id":734671,"href":"https:\/\/investnews.com.br\/inv-api\/wp\/v2\/posts\/260836\/revisions\/734671"}],"wp:featuredmedia":[{"embeddable":true,"href":"https:\/\/investnews.com.br\/inv-api\/wp\/v2\/media\/513"}],"wp:attachment":[{"href":"https:\/\/investnews.com.br\/inv-api\/wp\/v2\/media?parent=260836"}],"wp:term":[{"taxonomy":"category","embeddable":true,"href":"https:\/\/investnews.com.br\/inv-api\/wp\/v2\/categories?post=260836"},{"taxonomy":"post_tag","embeddable":true,"href":"https:\/\/investnews.com.br\/inv-api\/wp\/v2\/tags?post=260836"},{"taxonomy":"autor-wsj","embeddable":true,"href":"https:\/\/investnews.com.br\/inv-api\/wp\/v2\/autor-wsj?post=260836"},{"taxonomy":"author","embeddable":true,"href":"https:\/\/investnews.com.br\/inv-api\/wp\/v2\/coauthors?post=260836"}],"curies":[{"name":"wp","href":"https:\/\/api.w.org\/{rel}","templated":true}]}}