{"id":26086,"date":"2020-11-28T09:10:00","date_gmt":"2020-11-28T12:10:00","guid":{"rendered":"https:\/\/investnews.com.br\/?p=26086"},"modified":"2024-06-24T15:37:59","modified_gmt":"2024-06-24T18:37:59","slug":"tivemos-coragem-em-um-mercado-tao-adverso-diz-estapar-sobre-ipo-na-pandemia","status":"publish","type":"post","link":"https:\/\/investnews.com.br\/negocios\/tivemos-coragem-em-um-mercado-tao-adverso-diz-estapar-sobre-ipo-na-pandemia\/","title":{"rendered":"\u2018Tivemos coragem em um mercado t\u00e3o adverso\u2019, diz Estapar sobre IPO na pandemia"},"content":{"rendered":"\n<figure class=\"wp-block-embed\"><div class=\"wp-block-embed__wrapper\">\n<iframe loading=\"lazy\" title=\"Estapar (ALPK3): o primeiro IPO da pandemia. O que vem pela frente?\" width=\"500\" height=\"281\" src=\"https:\/\/www.youtube.com\/embed\/GGpBsxMAgQw?feature=oembed\" frameborder=\"0\" allow=\"accelerometer; autoplay; clipboard-write; encrypted-media; gyroscope; picture-in-picture; web-share\" referrerpolicy=\"strict-origin-when-cross-origin\" allowfullscreen><\/iframe>\n<\/div><\/figure>\n\n\n\n<p> A&nbsp;rede de estacionamentos&nbsp; Estapar (<a href=\"https:\/\/investnews.com.br\/tag\/alpk3\/\" class=\"rank-math-link\">ALPK3<\/a>)  foi a <strong>primeira empresa a fazer abertura de capital na bolsa de valores ap\u00f3s a pandemia do novo coronav\u00edrus chegar ao pa\u00eds<\/strong>. Foram captados R$ 345 milh\u00f5es no<a href=\"https:\/\/investnews.com.br\/financas\/allpark-estreia-na-bolsa-com-queda-de-quase-20\/\" class=\"rank-math-link\"> IPO realizado no m\u00eas de maio<\/a>.<\/p>\n\n\n\n<p><strong>Leia mais<\/strong>: <a href=\"https:\/\/investnews.com.br\/financas\/apesar-de-desistencias-numero-de-ipos-em-2020-ja-e-o-maior-em-13-anos\/\" class=\"rank-math-link\">Apesar de desist\u00eancias, n\u00famero de IPOs em 2020 j\u00e1 \u00e9 o maior em 13 anos<\/a><\/p>\n\n\n\n<p>Segundo o CEO da Estapar, Andr\u00e9 Iasi, a companhia j\u00e1 estava com praticamente com todo o trabalho do <a href=\"https:\/\/investnews.com.br\/guias\/ipo-o-que-e-e-como-funciona\/\">IPO<\/a> executado, do ponto de vista burocr\u00e1tico, tendo conselho e governan\u00e7a pr\u00f3ximos ao que se exige no Novo Mercado.&nbsp; \u201cTivemos coragem de ir adiante com o IPO em um mercado t\u00e3o adverso, mas uma coragem muito consciente. A empresa tinha prop\u00f3sitos claros, objetivos, est\u00e1vamos seguros, se mostrou bem-sucedida a estrat\u00e9gia e, principalmente, a defini\u00e7\u00e3o de seguir em frente,\u201d afirmou<strong>.<\/strong><\/p>\n\n\n\n<p>Devido ao cen\u00e1rio de isolamento social trazida pelo novo coronav\u00edrus, a Estapar acabou sendo tamb\u00e9m a<strong> primeira empresa a fazer abertura de capital de uma forma totalmente virtual<\/strong>. \u201cFoi muito desafiador fazer o primeiro&nbsp; IPO 100% virtual da hist\u00f3ria. Fizemos 70 reuni\u00f5es virtuais em um per\u00edodo de 13 a 14 dias. Al\u00e9m disso, quando lan\u00e7amos formalmente a oferta foi o dia que o ex-ministro Sergio Moro saiu do governo e causou toda aquela rea\u00e7\u00e3o no mercado\u201d, contou<strong>.<\/strong><\/p>\n\n\n\n<h2 class=\"wp-block-heading\"><strong>Estacionamento\nrotativo<\/strong><\/h2>\n\n\n\n<p>Os recursos captados pela companhia com o IPO foram destinados ao pagamento da <strong>concess\u00e3o&nbsp;firmada com a Prefeitura de&nbsp;S\u00e3o Paulo&nbsp;para explorar o servi\u00e7o de estacionamento rotativo<\/strong> em vias e logradouros p\u00fablicos do munic\u00edpio, chamado Zona Azul, por um per\u00edodo de 15 anos.&nbsp;A opera\u00e7\u00e3o, que \u00e9 o maior projeto da companhia, passou a valer em novembro e conta com mais de 51 mil vagas.<\/p>\n\n\n\n<p>Ao InvestNews Entrevista, Iasi disse que o objetivo da Estapar com a Zona Azul, al\u00e9m do retorno esperado com o investimento, \u00e9 democratizar o espa\u00e7o p\u00fablico. Para ele, o sistema est\u00e1 dispon\u00edvel para servir todos os moradores da cidade e visitantes. \u201cN\u00e3o \u00e9 um jogo de pagar, mas um jogo de disponibilizar a vaga e ela rodar o m\u00e1ximo poss\u00edvel. E isso estimula o com\u00e9rcio, neg\u00f3cios e tudo mais\u201d, relatou.<\/p>\n\n\n\n<p>A Estapar estima que <strong>90% das transa\u00e7\u00f5es da Zona Azul ser\u00e3o via aplicativo<\/strong>. Nele, a empresa oferece um mapa em tempo real da disponibilidade das vagas, que est\u00e1 em um processo de adapta\u00e7\u00e3o, mas que, at\u00e9 meados de abril de 2021, segundo a empresa, estar\u00e1 auferido.&nbsp; A companhia acredita que, com isso, as pessoas n\u00e3o perder\u00e3o muito tempo procurando vaga, al\u00e9m de contribuir para a redu\u00e7\u00e3o da polui\u00e7\u00e3o. <\/p>\n\n\n\n<p>Outro ponto que a rede de estacionamentos destaca \u00e9 que essa tecnologia favorecer\u00e1 a gera\u00e7\u00e3o de dados e informa\u00e7\u00f5es da cidade, contribuindo para uma engenharia de tr\u00e1fego mais eficiente e at\u00e9 mesmo para a seguran\u00e7a p\u00fablica.<\/p>\n\n\n\n<h2 class=\"wp-block-heading\"><strong>Pandemia x Estapar<\/strong><\/h2>\n\n\n\n<p>Os estacionamentos foram\nfortemente afetados com a chegada da pandemia, que trouxe o fechamento\ntempor\u00e1rio de com\u00e9rcios, empresas, shoppings, universidades, centros de eventos,\narenas esportivas, por exemplo. <\/p>\n\n\n\n<p>Com isso, por ser uma empresa de mobilidade urbana, a Estapar acabou sendo prejudicada com a redu\u00e7\u00e3o da circula\u00e7\u00e3o de pessoas. Segundo a companhia, entre abril e maio, foi o \u00e1pice de opera\u00e7\u00f5es fechadas e tamb\u00e9m de queda de receita. Apesar disso, a  rede de estacionamentos, por ter um mix de opera\u00e7\u00f5es, atuando em supermercados e hospitais, conseguiu manter um ritmo de funcionamento.<\/p>\n\n\n\n<p>Segundo a Estapar, a recupera\u00e7\u00e3o consistente da companhia foi retomada a partir do m\u00eas de junho e segue m\u00eas a m\u00eas, mas ainda abaixo dos n\u00fameros do ano passado, por exemplo. De acordo com Iasi, no \u00faltimo trimestre, a empresa ainda estava com uma <strong>receita de 35% a 40% abaixo da registrada no ano anterior<\/strong>.&nbsp; <\/p>\n\n\n\n<p>\u201cCom a chegada da pandemia, conseguimos agir com rapidez. Montamos um equipe que tinha a fun\u00e7\u00e3o de olhar todas as perspectivas de receitas, custos e despesas para que consegu\u00edssemos gerenciar a companhia. Conseguimos fazer com que nossos custos se reduzissem quase que na mesma propor\u00e7\u00e3o para a queda de receita de tal sorte que a companhia manteve ao longo do per\u00edodo mais agudo da crise gerando margem de contribui\u00e7\u00e3o positiva\u201d, explicou o executivo. <\/p>\n\n\n\n<h2 class=\"wp-block-heading\">Futuro do setor e da empresa<\/h2>\n\n\n\n<p>O CEO da Estapar\nacredita que gargalos da mobilidade urbana brasileira possam aumentar, em\nfun\u00e7\u00e3o da falta de recursos que pandemia do novo coronav\u00edrus trar\u00e1 para as tr\u00eas\nesferas do governo. \u201cA iniciativa privada gera recursos para que o governo\npossa investir em sa\u00fade, educa\u00e7\u00e3o e tantas outras \u00e1reas que s\u00e3o atribui\u00e7\u00f5es\ndiretas do governo\u201d, explica Iasi. <\/p>\n\n\n\n<p>O executivo defende que o estacionamento e o carro ainda ser\u00e3o uma matriz importante nos pr\u00f3ximos anos.  Na avalia\u00e7\u00e3o dele, as pessoas mudaram muito o comportamento de dividir o mesmo espa\u00e7o com outras. \u201cEst\u00e1 aumentando a quantidade de pessoas andando de carro. Estamos vendo isso nas opera\u00e7\u00f5es. Acredito que essa tend\u00eancia vai cair depois da vacina, mas ainda ser\u00e1 maior do que era anteriormente. \u00c9 uma&nbsp; mudan\u00e7a de comportamento radical, na utiliza\u00e7\u00e3o do carro em detrimento de dividir transporte com outras pessoas\u201d, afirmou.  <\/p>\n\n\n\n<p>Ele explica que a Estapar est\u00e1 entrando em uma nova era, de digitaliza\u00e7\u00e3o, de melhoria de performance, que gera novos neg\u00f3cios tanto na esteira do mundo digital, como tamb\u00e9m de oportunidade do estacionamento como hub de mobilidade, fazendo os estacionamentos ganharem novas fun\u00e7\u00f5es.<\/p>\n\n\n\n<p> \u201cO estacionamento est\u00e1 aonde as pessoas moram, aonde as pessoas trabalham, nos polos geradores de tr\u00e1fego. Eles sempre ter\u00e3o uma infraestrutura para atender aos diversos players da mobilidade urbana. Esse \u00e9 o posicionamento que a Estapar avan\u00e7a para o futuro e para al\u00e9m do nosso neg\u00f3cio de estacionamento. E acreditamos muito nessas novas vertentes, que v\u00e3o gerar novas linhas de receita\u201d, concluiu.<\/p>\n\n\n\n<figure class=\"wp-block-embed-youtube wp-block-embed is-type-video is-provider-youtube wp-embed-aspect-16-9 wp-has-aspect-ratio\"><div class=\"wp-block-embed__wrapper\">\n<iframe loading=\"lazy\" title=\"5 perguntas antes de entrar num IPO\" width=\"500\" height=\"281\" src=\"https:\/\/www.youtube.com\/embed\/_DfP8HQjWyk?start=239&#038;feature=oembed\" frameborder=\"0\" allow=\"accelerometer; autoplay; clipboard-write; encrypted-media; gyroscope; picture-in-picture; web-share\" referrerpolicy=\"strict-origin-when-cross-origin\" allowfullscreen><\/iframe>\n<\/div><\/figure>\n","protected":false},"excerpt":{"rendered":"<p>A empresa foi a primeira a fazer abertura de capital na B3 ap\u00f3s a pandemia  do novo coronav\u00edrus chegar ao Brasil.<\/p>\n","protected":false},"author":7,"featured_media":26109,"comment_status":"closed","ping_status":"open","sticky":false,"template":"","format":"standard","meta":{"_acf_changed":false,"inline_featured_image":false,"footnotes":""},"categories":[6],"tags":[226],"autor-wsj":[],"coauthors":[1494],"class_list":["post-26086","post","type-post","status-publish","format-standard","has-post-thumbnail","hentry","category-negocios","tag-bolsa-de-valores"],"acf":[],"amp_enabled":true,"_links":{"self":[{"href":"https:\/\/investnews.com.br\/inv-api\/wp\/v2\/posts\/26086","targetHints":{"allow":["GET"]}}],"collection":[{"href":"https:\/\/investnews.com.br\/inv-api\/wp\/v2\/posts"}],"about":[{"href":"https:\/\/investnews.com.br\/inv-api\/wp\/v2\/types\/post"}],"author":[{"embeddable":true,"href":"https:\/\/investnews.com.br\/inv-api\/wp\/v2\/users\/7"}],"replies":[{"embeddable":true,"href":"https:\/\/investnews.com.br\/inv-api\/wp\/v2\/comments?post=26086"}],"version-history":[{"count":12,"href":"https:\/\/investnews.com.br\/inv-api\/wp\/v2\/posts\/26086\/revisions"}],"predecessor-version":[{"id":26180,"href":"https:\/\/investnews.com.br\/inv-api\/wp\/v2\/posts\/26086\/revisions\/26180"}],"wp:featuredmedia":[{"embeddable":true,"href":"https:\/\/investnews.com.br\/inv-api\/wp\/v2\/media\/26109"}],"wp:attachment":[{"href":"https:\/\/investnews.com.br\/inv-api\/wp\/v2\/media?parent=26086"}],"wp:term":[{"taxonomy":"category","embeddable":true,"href":"https:\/\/investnews.com.br\/inv-api\/wp\/v2\/categories?post=26086"},{"taxonomy":"post_tag","embeddable":true,"href":"https:\/\/investnews.com.br\/inv-api\/wp\/v2\/tags?post=26086"},{"taxonomy":"autor-wsj","embeddable":true,"href":"https:\/\/investnews.com.br\/inv-api\/wp\/v2\/autor-wsj?post=26086"},{"taxonomy":"author","embeddable":true,"href":"https:\/\/investnews.com.br\/inv-api\/wp\/v2\/coauthors?post=26086"}],"curies":[{"name":"wp","href":"https:\/\/api.w.org\/{rel}","templated":true}]}}