{"id":260951,"date":"2021-07-14T18:25:31","date_gmt":"2021-07-14T21:25:31","guid":{"rendered":"https:\/\/investnews.com.br\/?p=260951"},"modified":"2026-03-10T16:36:07","modified_gmt":"2026-03-10T19:36:07","slug":"mitre-fecha-em-alta-de-504-apos-aumento-de-442-nas-vendas-no-2o-tri","status":"publish","type":"post","link":"https:\/\/investnews.com.br\/financas\/mitre-fecha-em-alta-de-504-apos-aumento-de-442-nas-vendas-no-2o-tri\/","title":{"rendered":"Mitre fecha em alta de 5,04%, ap\u00f3s aumento de 442% nas vendas no 2\u00ba tri"},"content":{"rendered":"\n<p>As a\u00e7\u00f5es da construtora <strong>Mitre <a href=\"https:\/\/www.infomoney.com.br\/cotacoes\/mitre-realty-mtre3\/\" class=\"rank-math-link\" target=\"_blank\" rel=\"noopener\">(MTRE3)<\/a><\/strong> encerraram a quarta-feira (14) em alta de  <strong>5,04%<\/strong>, negociadas a <strong>R$ 12,5<\/strong>, em meio a divulga\u00e7\u00e3o de pr\u00e9via operacional referente ao segundo trimestre de 2021. Os pap\u00e9is oscilaram entre <strong>R$ 11,78 e R$ 12,54<\/strong>, com volume financeiro na casa dos <strong>R$ 41 milh\u00f5es.  <\/strong><\/p>\n\n\n\n<p>As vendas l\u00edquidas da companhia cresceram 442,7% entre abril e junho, em rela\u00e7\u00e3o ao mesmo intervalo de 2020, para R$ 188,4 milh\u00f5es. Do total, R$ 126,9 milh\u00f5es foram referentes aos lan\u00e7amentos do trimestre e R$ 61,5 milh\u00f5es relacionados aos produtos em estoque. <\/p>\n\n\n\n<p>A Mitre informou ainda que lan\u00e7ou dois empreendimentos no per\u00edodo, o Haus Mitre Campo Belo e o Haus Mitre Residences 370, com 415 unidades, que totalizam R$ 237 milh\u00f5es em volume geral de vendas (VGV) . <\/p>\n\n\n\n<p>Das unidades lan\u00e7adas, 219 j\u00e1 foram vendidas. Ao considerar outras 146 unidades que estavam em estoque, a companhia comercializou um total de 365 unidades no segundo trimestre. <\/p>\n\n\n\n<p>A construtora tamb\u00e9m informou que o \u00edndice de vendas sobre oferta (VSO) de lan\u00e7amentos atingiu 29,5% no per\u00edodo, queda de 1,4 ponto percentual ante indicador de 30,9% registrado no mesmo intervalo de 2020.  <\/p>\n\n\n\n<p>No m\u00eas, a companhia registra <strong>subida de 4,86%<\/strong>, mas no ano de 2021, a <strong>desvaloriza\u00e7\u00e3o \u00e9 de 23,69%. <\/strong><\/p>\n\n\n\n<p><strong>Veja tamb\u00e9m<\/strong><\/p>\n\n\n\n<ul class=\"wp-block-list\">\n<li><a href=\"https:\/\/investnews.com.br\/economia\/paulo-guedes-diz-nao-querer-taxar-empresas-mas-proprietarios-ricos\/\" target=\"_blank\" rel=\"noreferrer noopener\">Paulo Guedes\u00a0<\/a>diz n\u00e3o querer taxar empresas, mas propriet\u00e1rios ricos<\/li>\n\n\n\n<li>Taxa\u00e7\u00e3o de <a href=\"https:\/\/investnews.com.br\/guias\/dividendos-o-que-sao-como-funcionam\/\">dividendos<\/a> fica, <a href=\"https:\/\/investnews.com.br\/guias\/fundos-imobiliarios\/\">FIIs<\/a> seguem isentos:\u00a0<a href=\"https:\/\/investnews.com.br\/boletim-investnews\/taxacao-de-dividendos-fica-fiis-seguem-isentos-mudancas-na-reforma-tributaria\/\" target=\"_blank\" rel=\"noreferrer noopener\">mudan\u00e7as na reforma tribut\u00e1ria<\/a><\/li>\n\n\n\n<li><a href=\"https:\/\/investnews.com.br\/financas\/ibovespa-dolar-cotacao-14-07-2021\/\" target=\"_blank\" rel=\"noreferrer noopener\">Ibovespa<\/a>\u00a0avan\u00e7a ap\u00f3s mudan\u00e7as na reforma tribut\u00e1ria; d\u00f3lar cai<\/li>\n\n\n\n<li><a href=\"https:\/\/investnews.com.br\/economia\/parecer-de-reforma-reduz-ir-sobre-empresas-e-mantem-tributar-em-20-dividendos\/\" target=\"_blank\" rel=\"noreferrer noopener\">Parecer da reforma tribut\u00e1ria<\/a>\u00a0reduz IR sobre empresas e mant\u00e9m tributar em 20% dividendos<\/li>\n\n\n\n<li>Reforma tribut\u00e1ria eleva\u00a0<a href=\"https:\/\/investnews.com.br\/economia\/reforma-tributaria-eleva-imposto-sobre-lucro-de-empresas-para-432-compare\/\" target=\"_blank\" rel=\"noreferrer noopener\">imposto sobre lucro de empresas<\/a>\u00a0para 43,2%; compare<\/li>\n\n\n\n<li><a href=\"https:\/\/investnews.com.br\/mais-investnews\/reforma-tributaria-5-numeros-importantes-e-5-acoes-pra-ficar-de-olho\/\" target=\"_blank\" rel=\"noreferrer noopener\">Reforma tribut\u00e1ria<\/a>: 5 n\u00fameros importantes e 5 a\u00e7\u00f5es pra ficar de olho<\/li>\n<\/ul>\n\n\n","protected":false},"excerpt":{"rendered":"<p>Os pap\u00e9is oscilaram entre R$ 11,78 e R$ 12,54, com volume financeiro em R$ 41 milh\u00f5es.  <\/p>\n","protected":false},"author":53,"featured_media":253507,"comment_status":"closed","ping_status":"open","sticky":false,"template":"","format":"standard","meta":{"_acf_changed":false,"inline_featured_image":false,"footnotes":""},"categories":[4],"tags":[608],"autor-wsj":[],"coauthors":[2433],"class_list":["post-260951","post","type-post","status-publish","format-standard","has-post-thumbnail","hentry","category-financas","tag-construcao-civil"],"acf":[],"amp_enabled":true,"_links":{"self":[{"href":"https:\/\/investnews.com.br\/inv-api\/wp\/v2\/posts\/260951","targetHints":{"allow":["GET"]}}],"collection":[{"href":"https:\/\/investnews.com.br\/inv-api\/wp\/v2\/posts"}],"about":[{"href":"https:\/\/investnews.com.br\/inv-api\/wp\/v2\/types\/post"}],"author":[{"embeddable":true,"href":"https:\/\/investnews.com.br\/inv-api\/wp\/v2\/users\/53"}],"replies":[{"embeddable":true,"href":"https:\/\/investnews.com.br\/inv-api\/wp\/v2\/comments?post=260951"}],"version-history":[{"count":16,"href":"https:\/\/investnews.com.br\/inv-api\/wp\/v2\/posts\/260951\/revisions"}],"predecessor-version":[{"id":768426,"href":"https:\/\/investnews.com.br\/inv-api\/wp\/v2\/posts\/260951\/revisions\/768426"}],"wp:featuredmedia":[{"embeddable":true,"href":"https:\/\/investnews.com.br\/inv-api\/wp\/v2\/media\/253507"}],"wp:attachment":[{"href":"https:\/\/investnews.com.br\/inv-api\/wp\/v2\/media?parent=260951"}],"wp:term":[{"taxonomy":"category","embeddable":true,"href":"https:\/\/investnews.com.br\/inv-api\/wp\/v2\/categories?post=260951"},{"taxonomy":"post_tag","embeddable":true,"href":"https:\/\/investnews.com.br\/inv-api\/wp\/v2\/tags?post=260951"},{"taxonomy":"autor-wsj","embeddable":true,"href":"https:\/\/investnews.com.br\/inv-api\/wp\/v2\/autor-wsj?post=260951"},{"taxonomy":"author","embeddable":true,"href":"https:\/\/investnews.com.br\/inv-api\/wp\/v2\/coauthors?post=260951"}],"curies":[{"name":"wp","href":"https:\/\/api.w.org\/{rel}","templated":true}]}}