{"id":261001,"date":"2021-07-14T20:00:00","date_gmt":"2021-07-14T23:00:00","guid":{"rendered":"https:\/\/investnews.com.br\/?p=261001"},"modified":"2024-06-26T12:06:54","modified_gmt":"2024-06-26T15:06:54","slug":"ficou-sabendo-slc-agricola-compra-terra-santa-einstein-da-geracao-z-e-fleets","status":"publish","type":"post","link":"https:\/\/investnews.com.br\/economia\/ficou-sabendo-slc-agricola-compra-terra-santa-einstein-da-geracao-z-e-fleets\/","title":{"rendered":"Ficou Sabendo? SLC Agr\u00edcola compra Terra Santa, Einstein da gera\u00e7\u00e3o Z e Fleets"},"content":{"rendered":"\n<h2 class=\"wp-block-heading\">SLC Agr\u00edcola compra Terra Santa por R$ 753 milh\u00f5es<\/h2>\n\n\n\n<p>A produtora de soja e outras <a href=\"https:\/\/investnews.com.br\/guias\/commodities-o-que-sao\/\">commodities<\/a> do agroneg\u00f3cio <strong>SLC Agr\u00edcola<\/strong> <a aria-label=\"(SLCE3) (opens in a new tab)\" href=\"https:\/\/investnews.com.br\/cotacao\/slce3-slc-agricola\/\" target=\"_blank\" rel=\"noreferrer noopener\" class=\"rank-math-link\">(SLCE3)<\/a> concluiu a incorpora\u00e7\u00e3o da <strong>Terra Santa<\/strong> <a aria-label=\"(TESA3) (opens in a new tab)\" href=\"https:\/\/investnews.com.br\/cotacao\/slce3-slc-agricola\/\" target=\"_blank\" rel=\"noreferrer noopener\" class=\"rank-math-link\">(TESA3)<\/a>, em uma transa\u00e7\u00e3o avaliada em R$ 753 milh\u00f5es.<\/p>\n\n\n\n<p> A opera\u00e7\u00e3o j\u00e1 havia sido aprovada pelo Cade. Os acionistas da <a href=\"https:\/\/investnews.com.br\/analistas-em-acao\/agronegocio-e-um-setor-que-tem-que-ter-na-carteira-em-2021-recomenda-analista\/\" target=\"_blank\" aria-label=\"Terra Santa  (opens in a new tab)\" rel=\"noreferrer noopener\" class=\"rank-math-link\">Terra Santa <\/a>ir\u00e3o receber as a\u00e7\u00f5es da SLC Agr\u00edcola e da nova empresa que nasce a partir da opera\u00e7\u00e3o  Terra Santa Propriedades Agr\u00edcolas.<\/p>\n\n\n\n<h2 class=\"wp-block-heading\">Twitter vai descontinuar fun\u00e7\u00e3o de tu\u00edtes que desaparecem<\/h2>\n\n\n\n<p>&nbsp;O <strong>Twitter<\/strong> <a href=\"https:\/\/investnews.com.br\/cotacao\/twtr34\/\" target=\"_blank\" aria-label=\"(TWTR34) (opens in a new tab)\" rel=\"noreferrer noopener\" class=\"rank-math-link\">(TWTR34)<\/a> anunciou nesta quarta-feira (14) que vai desligar a fun\u00e7\u00e3o que permite o envio de tu\u00edtes que desaparecem depois de um tempo, chamada de &#8220;Fleets&#8221;, em 3 de agosto, depois que o recurso n\u00e3o se mostrou popular entre os usu\u00e1rios.<\/p>\n\n\n\n<p>O fechamento do produto ocorre oito meses depois que a rede social lan\u00e7ou o Fleets para todos os usu\u00e1rios e um m\u00eas depois que come\u00e7ou a testar publicidade dentro da ferramenta.<\/p>\n\n\n\n<p>O <a href=\"https:\/\/investnews.com.br\/financas\/receita-do-twitter-avanca-mas-alerta-para-crescimento-de-base-de-usuarios\/\" target=\"_blank\" aria-label=\"Twitter (opens in a new tab)\" rel=\"noreferrer noopener\" class=\"rank-math-link\">Twitter<\/a> afirmou que n\u00e3o viu um aumento no n\u00famero de usu\u00e1rios que utilizam o Fleets como esperava.<\/p>\n\n\n\n<h2 class=\"wp-block-heading\">Garoto prod\u00edgio de 11 anos quer tornar humanos imortais<\/h2>\n\n\n\n<p> Ser\u00e1 o Einstein da <a href=\"https:\/\/investnews.com.br\/financas\/quem-e-kid-investor-o-garoto-que-ja-e-chamado-de-barsi-da-geracao-z\/\" target=\"_blank\" aria-label=\"nova gera\u00e7\u00e3o (opens in a new tab)\" rel=\"noreferrer noopener\" class=\"rank-math-link\">nova gera\u00e7\u00e3o<\/a>? Um garoto holand\u00eas de 11 anos quer tornar os humanos em seres imortais. <\/p>\n\n\n\n<p>Como? Substituindo partes do corpo em pe\u00e7as mec\u00e2nicas.&nbsp;Laurent Simons n\u00e3o s\u00f3 \u00e9 formado em&nbsp;<strong>F\u00edsica<\/strong>, como tamb\u00e9m concluiu seu bacharelado em um ano, em vez de tr\u00eas na Universidade de Antu\u00e9rpia.<\/p>\n\n\n\n<p> Ele \u00e9 o segundo mais<a href=\"https:\/\/investnews.com.br\/financas\/6-licoes-do-favelado-investidor-para-ganhar-dinheiro\/\" target=\"_blank\" aria-label=\" jovem (opens in a new tab)\" rel=\"noreferrer noopener\" class=\"rank-math-link\"> jovem<\/a> do mundo a receber um diploma universit\u00e1rio <\/p>\n\n\n\n<p><em>*Com informa\u00e7\u00f5es da Reuters<\/em><\/p>\n","protected":false},"excerpt":{"rendered":"<p>Compra da Terra Santa foi avaliada em R$ 753 milh\u00f5es.<\/p>\n","protected":false},"author":7,"featured_media":228585,"comment_status":"closed","ping_status":"open","sticky":false,"template":"","format":"standard","meta":{"_acf_changed":false,"inline_featured_image":false,"footnotes":""},"categories":[5],"tags":[780,1529],"autor-wsj":[],"coauthors":[1494],"class_list":["post-261001","post","type-post","status-publish","format-standard","has-post-thumbnail","hentry","category-economia","tag-agronegocio","tag-twitter"],"acf":[],"amp_enabled":true,"_links":{"self":[{"href":"https:\/\/investnews.com.br\/inv-api\/wp\/v2\/posts\/261001","targetHints":{"allow":["GET"]}}],"collection":[{"href":"https:\/\/investnews.com.br\/inv-api\/wp\/v2\/posts"}],"about":[{"href":"https:\/\/investnews.com.br\/inv-api\/wp\/v2\/types\/post"}],"author":[{"embeddable":true,"href":"https:\/\/investnews.com.br\/inv-api\/wp\/v2\/users\/7"}],"replies":[{"embeddable":true,"href":"https:\/\/investnews.com.br\/inv-api\/wp\/v2\/comments?post=261001"}],"version-history":[{"count":3,"href":"https:\/\/investnews.com.br\/inv-api\/wp\/v2\/posts\/261001\/revisions"}],"predecessor-version":[{"id":261004,"href":"https:\/\/investnews.com.br\/inv-api\/wp\/v2\/posts\/261001\/revisions\/261004"}],"wp:featuredmedia":[{"embeddable":true,"href":"https:\/\/investnews.com.br\/inv-api\/wp\/v2\/media\/228585"}],"wp:attachment":[{"href":"https:\/\/investnews.com.br\/inv-api\/wp\/v2\/media?parent=261001"}],"wp:term":[{"taxonomy":"category","embeddable":true,"href":"https:\/\/investnews.com.br\/inv-api\/wp\/v2\/categories?post=261001"},{"taxonomy":"post_tag","embeddable":true,"href":"https:\/\/investnews.com.br\/inv-api\/wp\/v2\/tags?post=261001"},{"taxonomy":"autor-wsj","embeddable":true,"href":"https:\/\/investnews.com.br\/inv-api\/wp\/v2\/autor-wsj?post=261001"},{"taxonomy":"author","embeddable":true,"href":"https:\/\/investnews.com.br\/inv-api\/wp\/v2\/coauthors?post=261001"}],"curies":[{"name":"wp","href":"https:\/\/api.w.org\/{rel}","templated":true}]}}