{"id":261219,"date":"2021-07-15T15:50:32","date_gmt":"2021-07-15T18:50:32","guid":{"rendered":"https:\/\/investnews.com.br\/?p=261219"},"modified":"2024-06-24T21:04:37","modified_gmt":"2024-06-25T00:04:37","slug":"eve-da-embraer-e-edp-fazem-acordo-para-iniciar-operacao-de-carros-voadores","status":"publish","type":"post","link":"https:\/\/investnews.com.br\/negocios\/eve-da-embraer-e-edp-fazem-acordo-para-iniciar-operacao-de-carros-voadores\/","title":{"rendered":"Eve, da Embraer, e EDP fazem acordo para iniciar opera\u00e7\u00e3o de carros voadores"},"content":{"rendered":"\n<p>A <strong>Eve Urban Air Mobility Solutions (Eve),<\/strong> empresa criada pela <strong>Embraer<\/strong>, assinou nesta quinta-feira (15) um acordo com a empresa de energia el\u00e9trica EDP, para colabora\u00e7\u00e3o na \u00e1rea de mobilidade a\u00e9rea urbana (UAM). <\/p>\n\n\n\n<p>Em nota, a Embraer informou que as duas companhias ir\u00e3o cooperar na pesquisa de modelos operacionais para solu\u00e7\u00f5es de infraestrutura de carregamento necess\u00e1rias para permitir que aeronaves el\u00e9tricas de decolagem e pouso vertical (eVTOL), <a href=\"https:\/\/investnews.com.br\/negocios\/embraer-recebe-encomenda-de-mais-50-carros-voadores\/\" class=\"rank-math-link\">os chamados carros voadores<\/a>, comecem a operar. <\/p>\n\n\n\n<p>A fabricante esclareceu que alguns dos assuntos cobertos pela pesquisa colaborativa ser\u00e3o a evolu\u00e7\u00e3o da tecnologia de baterias e sistemas de carregamento, gerenciamento de pontos de carregamento e sistemas de pagamento. As empresas ir\u00e3o avaliar o desenvolvimento de uma infraestrutura energ\u00e9tica de UAM vi\u00e1vel ap\u00f3s os resultados da an\u00e1lise. <\/p>\n\n\n\n<p>\u201cAcreditamos que um futuro de baixo carbono passa necessariamente pelo desenvolvimento da mobilidade el\u00e9trica, seja ela terrestre ou a\u00e9rea. \u00c9 por isso que assinamos este memorando com a Eve, para estudar poss\u00edveis formas de participar e contribuir para esse futuro vision\u00e1rio dos eVTOLs, particularmente nos aspectos relacionados ao nosso neg\u00f3cio, que s\u00e3o as solu\u00e7\u00f5es de energia e infraestrutura de carregamento\u201d, destacou Andrea Salinas, diretora de Inova\u00e7\u00e3o e Ventures da EDP no Brasil, em comunicado. <\/p>\n\n\n\n<p>As a\u00e7\u00f5es da companhia registravam <strong>queda de 2,52% na B3<\/strong>, por volta das 15h40, negociadas a R$ 18,16. <\/p>\n\n\n\n<p><\/p>\n","protected":false},"excerpt":{"rendered":"<p>Companhias ir\u00e3o cooperar na pesquisa de modelos operacionais para solu\u00e7\u00f5es de infraestrutura de carregamento necess\u00e1rias para opera\u00e7\u00e3o das aeronaves eVTOL.<\/p>\n","protected":false},"author":53,"featured_media":247476,"comment_status":"closed","ping_status":"open","sticky":false,"template":"","format":"standard","meta":{"_acf_changed":false,"inline_featured_image":false,"footnotes":""},"categories":[6],"tags":[177],"autor-wsj":[],"coauthors":[2433],"class_list":["post-261219","post","type-post","status-publish","format-standard","has-post-thumbnail","hentry","category-negocios","tag-embraer"],"acf":[],"amp_enabled":true,"_links":{"self":[{"href":"https:\/\/investnews.com.br\/inv-api\/wp\/v2\/posts\/261219","targetHints":{"allow":["GET"]}}],"collection":[{"href":"https:\/\/investnews.com.br\/inv-api\/wp\/v2\/posts"}],"about":[{"href":"https:\/\/investnews.com.br\/inv-api\/wp\/v2\/types\/post"}],"author":[{"embeddable":true,"href":"https:\/\/investnews.com.br\/inv-api\/wp\/v2\/users\/53"}],"replies":[{"embeddable":true,"href":"https:\/\/investnews.com.br\/inv-api\/wp\/v2\/comments?post=261219"}],"version-history":[{"count":4,"href":"https:\/\/investnews.com.br\/inv-api\/wp\/v2\/posts\/261219\/revisions"}],"predecessor-version":[{"id":261231,"href":"https:\/\/investnews.com.br\/inv-api\/wp\/v2\/posts\/261219\/revisions\/261231"}],"wp:featuredmedia":[{"embeddable":true,"href":"https:\/\/investnews.com.br\/inv-api\/wp\/v2\/media\/247476"}],"wp:attachment":[{"href":"https:\/\/investnews.com.br\/inv-api\/wp\/v2\/media?parent=261219"}],"wp:term":[{"taxonomy":"category","embeddable":true,"href":"https:\/\/investnews.com.br\/inv-api\/wp\/v2\/categories?post=261219"},{"taxonomy":"post_tag","embeddable":true,"href":"https:\/\/investnews.com.br\/inv-api\/wp\/v2\/tags?post=261219"},{"taxonomy":"autor-wsj","embeddable":true,"href":"https:\/\/investnews.com.br\/inv-api\/wp\/v2\/autor-wsj?post=261219"},{"taxonomy":"author","embeddable":true,"href":"https:\/\/investnews.com.br\/inv-api\/wp\/v2\/coauthors?post=261219"}],"curies":[{"name":"wp","href":"https:\/\/api.w.org\/{rel}","templated":true}]}}